{"id":95435,"date":"2022-07-06T17:04:05","date_gmt":"2022-07-06T20:04:05","guid":{"rendered":"https:\/\/tvtecjundiai.com.br\/news\/?p=95435"},"modified":"2022-07-06T17:04:10","modified_gmt":"2022-07-06T20:04:10","slug":"jundiai-registra-274-novos-casos-de-covid-19-nesta-quarta-feira-06","status":"publish","type":"post","link":"https:\/\/tvtecjundiai.com.br\/news\/2022\/07\/06\/jundiai-registra-274-novos-casos-de-covid-19-nesta-quarta-feira-06\/","title":{"rendered":"Jundia\u00ed registra 274 novos casos de COVID-19 nesta quarta-feira (06)"},"content":{"rendered":"\n<p>A Prefeitura de Jundia\u00ed informa que, nesta quarta-feira (6), n\u00e3o houve notifica\u00e7\u00f5es de \u00f3bitos de residentes na cidade causados pelo Novo Coronav\u00edrus, at\u00e9 o fechamento deste boletim.<\/p>\n\n\n\n<p>At\u00e9 o momento, a cidade registra 1795 \u00f3bitos causados pela COVID-19 desde o in\u00edcio da pandemia.<\/p>\n\n\n\n<p>O boletim completo com todas as informa\u00e7\u00f5es pode ser acessado na p\u00e1gina exclusiva,\u00a0<a href=\"https:\/\/jundiai.sp.gov.br\/coronavirus\/\">clique aqui.<\/a><\/p>\n\n\n\n<figure class=\"wp-block-image\"><img decoding=\"async\" src=\"https:\/\/jundiai.sp.gov.br\/noticias\/wp-content\/uploads\/sites\/32\/2022\/07\/boletim-06-07-747x960.jpg\" alt=\"\" class=\"wp-image-296364\" \/><\/figure>\n","protected":false},"excerpt":{"rendered":"<p>A cidade registra 1795 \u00f3bitos causados pela COVID-19 desde o in\u00edcio da pandemia.<\/p>\n","protected":false},"author":27,"featured_media":93747,"comment_status":"closed","ping_status":"0","sticky":false,"template":"","format":"standard","meta":{"footnotes":""},"categories":[8356,8355],"tags":[],"class_list":["post-95435","post","type-post","status-publish","format-standard","has-post-thumbnail","hentry","category-jundiai","category-saude-3"],"_links":{"self":[{"href":"https:\/\/tvtecjundiai.com.br\/news\/wp-json\/wp\/v2\/posts\/95435","targetHints":{"allow":["GET"]}}],"collection":[{"href":"https:\/\/tvtecjundiai.com.br\/news\/wp-json\/wp\/v2\/posts"}],"about":[{"href":"https:\/\/tvtecjundiai.com.br\/news\/wp-json\/wp\/v2\/types\/post"}],"author":[{"embeddable":true,"href":"https:\/\/tvtecjundiai.com.br\/news\/wp-json\/wp\/v2\/users\/27"}],"replies":[{"embeddable":true,"href":"https:\/\/tvtecjundiai.com.br\/news\/wp-json\/wp\/v2\/comments?post=95435"}],"version-history":[{"count":1,"href":"https:\/\/tvtecjundiai.com.br\/news\/wp-json\/wp\/v2\/posts\/95435\/revisions"}],"predecessor-version":[{"id":95436,"href":"https:\/\/tvtecjundiai.com.br\/news\/wp-json\/wp\/v2\/posts\/95435\/revisions\/95436"}],"wp:featuredmedia":[{"embeddable":true,"href":"https:\/\/tvtecjundiai.com.br\/news\/wp-json\/wp\/v2\/media\/93747"}],"wp:attachment":[{"href":"https:\/\/tvtecjundiai.com.br\/news\/wp-json\/wp\/v2\/media?parent=95435"}],"wp:term":[{"taxonomy":"category","embeddable":true,"href":"https:\/\/tvtecjundiai.com.br\/news\/wp-json\/wp\/v2\/categories?post=95435"},{"taxonomy":"post_tag","embeddable":true,"href":"https:\/\/tvtecjundiai.com.br\/news\/wp-json\/wp\/v2\/tags?post=95435"}],"curies":[{"name":"wp","href":"https:\/\/api.w.org\/{rel}","templated":true}]}}