{"id":95454,"date":"2022-07-07T09:40:30","date_gmt":"2022-07-07T12:40:30","guid":{"rendered":"https:\/\/tvtecjundiai.com.br\/news\/?p=95454"},"modified":"2022-07-07T09:40:34","modified_gmt":"2022-07-07T12:40:34","slug":"assistidas-do-programa-crianca-feliz-participam-de-oficina-de-baby-fusion","status":"publish","type":"post","link":"https:\/\/tvtecjundiai.com.br\/news\/2022\/07\/07\/assistidas-do-programa-crianca-feliz-participam-de-oficina-de-baby-fusion\/","title":{"rendered":"Assistidas do programa Crian\u00e7a Feliz participam de oficina de Baby Fusion"},"content":{"rendered":"\n<p>Jundia\u00ed, que tem o foco no desenvolvimento da inf\u00e2ncia pelo programa Cidade das Crian\u00e7as, agrega mais uma atividade para as m\u00e3es e seus filhos. A tarde de quarta-feira (6) foi especial para mulheres assistidas pelo programa Crian\u00e7a Feliz. Ao som de m\u00fasicas infantis, gestantes e m\u00e3es de rec\u00e9m-nascidos curtiram a oficina de Baby Fusion, na F\u00e1brica das Inf\u00e2ncias Japy. A atividade \u00e9 repleta de movimentos focados em fortalecer o v\u00ednculo entre m\u00e3es e filhos, traz mais consci\u00eancia corporal, flexibilidade, libera endorfina e combate a depress\u00e3o p\u00f3s-parto. &nbsp;<\/p>\n\n\n\n<p>Gr\u00e1vida de 29 semanas, Alice Vit\u00f3ria Alves da Silva, moradora do Jardim Tulipas, aprovou a atividade. \u201cAchei muito gostoso, a beb\u00ea est\u00e1 chutando. Sinal de que gostou tamb\u00e9m.\u201d Para ela, al\u00e9m dos benef\u00edcios positivos para o corpo, a aula vem tamb\u00e9m para que as m\u00e3es troquem experi\u00eancias. \u201cEu tenho passado muito tempo em casa por conta da gravidez. Ter contato com outras mulheres e dividir experi\u00eancias \u00e9 incr\u00edvel\u201d, destacou.<\/p>\n\n\n\n<figure class=\"wp-block-image size-large\"><img loading=\"lazy\" decoding=\"async\" width=\"1200\" height=\"900\" src=\"https:\/\/tvtecjundiai.com.br\/news\/wp-content\/uploads\/sites\/2\/2022\/07\/whatsapp-image-2022-07-06-at-16-32-11-1-1200x900.jpeg\" alt=\"\" class=\"wp-image-95455\" srcset=\"https:\/\/tvtecjundiai.com.br\/news\/wp-content\/uploads\/sites\/2\/2022\/07\/whatsapp-image-2022-07-06-at-16-32-11-1-1200x900.jpeg 1200w, https:\/\/tvtecjundiai.com.br\/news\/wp-content\/uploads\/sites\/2\/2022\/07\/whatsapp-image-2022-07-06-at-16-32-11-1-300x225.jpeg 300w, https:\/\/tvtecjundiai.com.br\/news\/wp-content\/uploads\/sites\/2\/2022\/07\/whatsapp-image-2022-07-06-at-16-32-11-1-768x576.jpeg 768w, https:\/\/tvtecjundiai.com.br\/news\/wp-content\/uploads\/sites\/2\/2022\/07\/whatsapp-image-2022-07-06-at-16-32-11-1.jpeg 1280w\" sizes=\"auto, (max-width: 1200px) 100vw, 1200px\" \/><figcaption>Dan\u00e7a vem para fortalecer v\u00ednculo entre m\u00e3es e filhos<\/figcaption><\/figure>\n\n\n\n<p>Com o filho Antony, de dois meses, em um suporte ergon\u00f4mico para carregar beb\u00eas, conhecido como \u2018sling\u2019 Tatiane Silva Teixeira, moradora do Novo Horizonte, n\u00e3o escondeu a alegria. \u201cMe senti mais pr\u00f3xima do meu filho. Esse momento foi especial, pois tenho outras tr\u00eas crian\u00e7as e em casa n\u00e3o consigo ter essa oportunidade\u201d, explicou ela, que conheceu o \u2018sling\u2019 durante a atividade. \u201cAchei muito legal.\u201d<\/p>\n\n\n\n<p>A gestora da Unidade de Gest\u00e3o de Assist\u00eancia e Desenvolvimento Social (UGADS), Maria Brant, destacou que atualmente o programa Crian\u00e7a Feliz atende 500 fam\u00edlias em situa\u00e7\u00e3o de vulnerabilidade em toda a cidade. Al\u00e9m das visitas domiciliares, atividades como a oficina Baby Fusion v\u00eam para completar o trabalho. \u201cNossa ideia \u00e9 oportunizar experi\u00eancias coletivas para que essas m\u00e3es tenham a oportunidade de entrar em contato com outras mulheres e construam uma rede de apoio.\u201d<\/p>\n\n\n\n<p>O p\u00fablico-alvo do programa \u00e9 de gestantes e crian\u00e7as at\u00e9 3 anos. \u201cO acompanhamento nesses primeiros mil dias de vida \u00e9 essencial. O Programa vem para fortalecer v\u00ednculos e dar ludicidade \u00e0 maternidade.\u201d<\/p>\n\n\n\n<p>A oficina foi resultado de um trabalho intersetorial, entre UGADS e a Unidade de Gest\u00e3o de Cultura. Ser\u00e3o realizadas 22 sess\u00f5es para contemplar as mulheres assistidas pelo Crian\u00e7a Feliz.<\/p>\n\n\n\n<p><strong><em>Fonte\/Fotos: Prefeitura de Jundia\u00ed <\/em><\/strong><\/p>\n","protected":false},"excerpt":{"rendered":"<p>A atividade \u00e9 repleta de movimentos focados em fortalecer o v\u00ednculo entre m\u00e3es e filhos, traz mais consci\u00eancia corporal, flexibilidade, libera endorfina e combate a depress\u00e3o p\u00f3s-parto. \u00a0<\/p>\n","protected":false},"author":19,"featured_media":95456,"comment_status":"closed","ping_status":"0","sticky":false,"template":"","format":"standard","meta":{"footnotes":""},"categories":[1],"tags":[],"class_list":["post-95454","post","type-post","status-publish","format-standard","has-post-thumbnail","hentry","category-noticias"],"_links":{"self":[{"href":"https:\/\/tvtecjundiai.com.br\/news\/wp-json\/wp\/v2\/posts\/95454","targetHints":{"allow":["GET"]}}],"collection":[{"href":"https:\/\/tvtecjundiai.com.br\/news\/wp-json\/wp\/v2\/posts"}],"about":[{"href":"https:\/\/tvtecjundiai.com.br\/news\/wp-json\/wp\/v2\/types\/post"}],"author":[{"embeddable":true,"href":"https:\/\/tvtecjundiai.com.br\/news\/wp-json\/wp\/v2\/users\/19"}],"replies":[{"embeddable":true,"href":"https:\/\/tvtecjundiai.com.br\/news\/wp-json\/wp\/v2\/comments?post=95454"}],"version-history":[{"count":1,"href":"https:\/\/tvtecjundiai.com.br\/news\/wp-json\/wp\/v2\/posts\/95454\/revisions"}],"predecessor-version":[{"id":95457,"href":"https:\/\/tvtecjundiai.com.br\/news\/wp-json\/wp\/v2\/posts\/95454\/revisions\/95457"}],"wp:featuredmedia":[{"embeddable":true,"href":"https:\/\/tvtecjundiai.com.br\/news\/wp-json\/wp\/v2\/media\/95456"}],"wp:attachment":[{"href":"https:\/\/tvtecjundiai.com.br\/news\/wp-json\/wp\/v2\/media?parent=95454"}],"wp:term":[{"taxonomy":"category","embeddable":true,"href":"https:\/\/tvtecjundiai.com.br\/news\/wp-json\/wp\/v2\/categories?post=95454"},{"taxonomy":"post_tag","embeddable":true,"href":"https:\/\/tvtecjundiai.com.br\/news\/wp-json\/wp\/v2\/tags?post=95454"}],"curies":[{"name":"wp","href":"https:\/\/api.w.org\/{rel}","templated":true}]}}