{"id":95660,"date":"2022-07-11T10:27:16","date_gmt":"2022-07-11T13:27:16","guid":{"rendered":"https:\/\/tvtecjundiai.com.br\/news\/?p=95660"},"modified":"2022-07-11T10:27:23","modified_gmt":"2022-07-11T13:27:23","slug":"orquestra-paulistana-de-viola-caipira-se-apresenta-em-jundiai-com-entrada-franca","status":"publish","type":"post","link":"https:\/\/tvtecjundiai.com.br\/news\/2022\/07\/11\/orquestra-paulistana-de-viola-caipira-se-apresenta-em-jundiai-com-entrada-franca\/","title":{"rendered":"<strong>Orquestra Paulistana de Viola Caipira se apresenta em Jundia\u00ed com entrada franca<\/strong>"},"content":{"rendered":"\n<p>O p\u00fablico de Jundia\u00ed e regi\u00e3o, apreciador de m\u00fasica raiz, n\u00e3o pode deixar de acompanhar \u2013 presencialmente ou ao vivo pela Internet \u2013 a apresenta\u00e7\u00e3o gratuita que a Orquestra Paulistana de Viola Caipira far\u00e1 no Complexo Fepasa na noite de s\u00e1bado, 16 de julho, a partir das 19h.<\/p>\n\n\n\n<p>Evento que faz parte Projeto \u201cViva a Viola 2021\u201d, o show vai reunir os violeiros e suas violas de 10 cordas para um ecl\u00e9tico repert\u00f3rio, que vai da m\u00fasica de raiz \u00e0s inusitadas e originais incurs\u00f5es na m\u00fasica erudita,&nbsp;<em>world music<\/em>,&nbsp;<em>new age<\/em>&nbsp;e MPB, por vezes mesclando esses estilos e, com isso, despertando o interesse de pessoas de diversas faixas et\u00e1rias.<\/p>\n\n\n\n<p>A fim de bem acomodar o p\u00fablico, o Complexo Fepasa disponibilizar\u00e1 500 cadeiras e diversos espa\u00e7os para acompanhar a exibi\u00e7\u00e3o em p\u00e9. Por se tratar de um show inclusivo, vai haver tamb\u00e9m \u00e1rea reservada para idosos, PCDs, gestantes, pessoas com crian\u00e7as de colo e autistas. Uma int\u00e9rprete de libras estar\u00e1 presente durante todo o evento.<\/p>\n\n\n\n<p>Com o objetivo de facilitar o acesso do p\u00fablico, haver\u00e1 transporte gr\u00e1tis para o Complexo Fepasa, saindo da sede do Grupo em Defesa da Crian\u00e7a com C\u00e2ncer (Grendacc), \u00e0s 18horas, e retorno ap\u00f3s o t\u00e9rmino da apresenta\u00e7\u00e3o.&nbsp; Usar essa comodidade \u00e9 f\u00e1cil: basta embarcar no local.<\/p>\n\n\n\n<p>Durante toda a exibi\u00e7\u00e3o, o p\u00fablico poder\u00e1 fazer doa\u00e7\u00f5es volunt\u00e1rias de qualquer quantia ao Grendacc. Os que estiverem presencialmente devem doar via QR Code nos t\u00f3tens espalhados pelo espa\u00e7o e quem estiver acompanhando de casa poder\u00e1 doar pelo YouTube, por meio do QR Code presente na tela.<\/p>\n\n\n\n<p>Produ\u00e7\u00e3o da P4 Produ\u00e7\u00f5es Culturais, este show foi viabilizado por meio da Lei de Incentivo \u00e0 Cultura, sob responsabilidade da Secretaria Especial de Cultura, e conta o patroc\u00ednio da Renner Sayerlack e Atacad\u00e3o, copatroc\u00ednio da Castelo Alimentos e Stoller e apoio do Jornal de Jundia\u00ed e R\u00e1dio Difusora AM.<\/p>\n\n\n\n<p><strong>Servi\u00e7o<\/strong>:<\/p>\n\n\n\n<p>Evento: Show da Orquestra Paulistana de Viola Caipira<\/p>\n\n\n\n<p>Quando: 16\/07, 19 h<\/p>\n\n\n\n<p>Onde: Complexo Fepasa:&nbsp;<strong>&nbsp;<\/strong>Av. Uni\u00e3o dos Ferrovi\u00e1rios, 1.760 (estacionamento gr\u00e1tis)&nbsp;+ transmiss\u00e3o ao vivo pelo YouTube.<\/p>\n\n\n\n<p>Quanto: Gr\u00e1tis<\/p>\n\n\n\n<p>Institui\u00e7\u00e3o beneficiada: Grupo em Defesa da Crian\u00e7a com C\u00e2ncer (Grendacc).<\/p>\n\n\n\n<p>Transporte Gratuito: \u00c0s 18h, de frente \u00e0 sede do Grendacc, na Rua Ol\u00edvio Boa, 99 \u2013 Parque da Represa, Jundia\u00ed.&nbsp;<\/p>\n\n\n\n<p>Fotos em alta resolu\u00e7\u00e3o:\u00a0<a rel=\"noreferrer noopener\" href=\"https:\/\/we.tl\/t-9BHokkIbtd\" target=\"_blank\">https:\/\/we.tl\/t-9BHokkIbtd<\/a><\/p>\n\n\n\n<p><strong><em>(Fonte\/Imagem: P4 Produ\u00e7\u00f5es Culturais)<\/em><\/strong><\/p>\n","protected":false},"excerpt":{"rendered":"<p>O show ser\u00e1 s\u00e1bado (16), no Complexo Fepasa com transmiss\u00e3o ao vivo.<\/p>\n","protected":false},"author":27,"featured_media":95661,"comment_status":"closed","ping_status":"0","sticky":false,"template":"","format":"standard","meta":{"footnotes":""},"categories":[2833,8356,8354],"tags":[],"class_list":["post-95660","post","type-post","status-publish","format-standard","has-post-thumbnail","hentry","category-cultura","category-jundiai","category-lazer"],"_links":{"self":[{"href":"https:\/\/tvtecjundiai.com.br\/news\/wp-json\/wp\/v2\/posts\/95660","targetHints":{"allow":["GET"]}}],"collection":[{"href":"https:\/\/tvtecjundiai.com.br\/news\/wp-json\/wp\/v2\/posts"}],"about":[{"href":"https:\/\/tvtecjundiai.com.br\/news\/wp-json\/wp\/v2\/types\/post"}],"author":[{"embeddable":true,"href":"https:\/\/tvtecjundiai.com.br\/news\/wp-json\/wp\/v2\/users\/27"}],"replies":[{"embeddable":true,"href":"https:\/\/tvtecjundiai.com.br\/news\/wp-json\/wp\/v2\/comments?post=95660"}],"version-history":[{"count":1,"href":"https:\/\/tvtecjundiai.com.br\/news\/wp-json\/wp\/v2\/posts\/95660\/revisions"}],"predecessor-version":[{"id":95662,"href":"https:\/\/tvtecjundiai.com.br\/news\/wp-json\/wp\/v2\/posts\/95660\/revisions\/95662"}],"wp:featuredmedia":[{"embeddable":true,"href":"https:\/\/tvtecjundiai.com.br\/news\/wp-json\/wp\/v2\/media\/95661"}],"wp:attachment":[{"href":"https:\/\/tvtecjundiai.com.br\/news\/wp-json\/wp\/v2\/media?parent=95660"}],"wp:term":[{"taxonomy":"category","embeddable":true,"href":"https:\/\/tvtecjundiai.com.br\/news\/wp-json\/wp\/v2\/categories?post=95660"},{"taxonomy":"post_tag","embeddable":true,"href":"https:\/\/tvtecjundiai.com.br\/news\/wp-json\/wp\/v2\/tags?post=95660"}],"curies":[{"name":"wp","href":"https:\/\/api.w.org\/{rel}","templated":true}]}}