{"id":95761,"date":"2022-07-13T10:06:15","date_gmt":"2022-07-13T13:06:15","guid":{"rendered":"https:\/\/tvtecjundiai.com.br\/news\/?p=95761"},"modified":"2022-07-13T11:14:17","modified_gmt":"2022-07-13T14:14:17","slug":"clube-sao-joao-realiza-festa-junina-no-sabado-161","status":"publish","type":"post","link":"https:\/\/tvtecjundiai.com.br\/news\/2022\/07\/13\/clube-sao-joao-realiza-festa-junina-no-sabado-161\/","title":{"rendered":"Clube S\u00e3o Jo\u00e3o realiza Festa Julina no s\u00e1bado\u00a0(16)"},"content":{"rendered":"\n<p>Depois de dois anos, o Clube S\u00e3o Jo\u00e3o volta a realizar a sua tradicional Festa Junina. O evento ser\u00e1 neste s\u00e1bado (16), das 16h \u00e0s 22h, no Gin\u00e1sio de Esportes.&nbsp;<\/p>\n\n\n\n<figure class=\"wp-block-image size-large\"><img loading=\"lazy\" decoding=\"async\" width=\"960\" height=\"960\" src=\"https:\/\/tvtecjundiai.com.br\/news\/wp-content\/uploads\/sites\/2\/2022\/07\/WhatsApp-Image-2022-07-12-at-11.06.33-1-960x960.jpeg\" alt=\"\" class=\"wp-image-95762\" srcset=\"https:\/\/tvtecjundiai.com.br\/news\/wp-content\/uploads\/sites\/2\/2022\/07\/WhatsApp-Image-2022-07-12-at-11.06.33-1-960x960.jpeg 960w, https:\/\/tvtecjundiai.com.br\/news\/wp-content\/uploads\/sites\/2\/2022\/07\/WhatsApp-Image-2022-07-12-at-11.06.33-1-300x300.jpeg 300w, https:\/\/tvtecjundiai.com.br\/news\/wp-content\/uploads\/sites\/2\/2022\/07\/WhatsApp-Image-2022-07-12-at-11.06.33-1-100x100.jpeg 100w, https:\/\/tvtecjundiai.com.br\/news\/wp-content\/uploads\/sites\/2\/2022\/07\/WhatsApp-Image-2022-07-12-at-11.06.33-1-768x768.jpeg 768w, https:\/\/tvtecjundiai.com.br\/news\/wp-content\/uploads\/sites\/2\/2022\/07\/WhatsApp-Image-2022-07-12-at-11.06.33-1.jpeg 1280w\" sizes=\"auto, (max-width: 960px) 100vw, 960px\" \/><\/figure>\n\n\n\n<p>No local ser\u00e3o montadas barracas de brincadeiras e de comidas t\u00edpicas de festa junina (milho verde, bolos, doces, lanches, algod\u00e3o doce). Tamb\u00e9m ter\u00e1 quadrilha e casamento caipira. &nbsp;<\/p>\n\n\n\n<p>A Associa\u00e7\u00e3o Mata Ciliar, entidade sem fins lucrativos que trabalha em defesa da conserva\u00e7\u00e3o da sustentabilidade, estar\u00e1 presente na Festa Junina do S\u00e3o Jo\u00e3o com barracas de vinho quente e quent\u00e3o e a renda ser\u00e1 revertida para a ong.&nbsp;<\/p>\n\n\n\n<figure class=\"wp-block-image size-full\"><img loading=\"lazy\" decoding=\"async\" width=\"1080\" height=\"568\" src=\"https:\/\/tvtecjundiai.com.br\/news\/wp-content\/uploads\/sites\/2\/2022\/07\/WhatsApp-Image-2022-07-12-at-07.58.54.jpeg\" alt=\"\" class=\"wp-image-95764\" srcset=\"https:\/\/tvtecjundiai.com.br\/news\/wp-content\/uploads\/sites\/2\/2022\/07\/WhatsApp-Image-2022-07-12-at-07.58.54.jpeg 1080w, https:\/\/tvtecjundiai.com.br\/news\/wp-content\/uploads\/sites\/2\/2022\/07\/WhatsApp-Image-2022-07-12-at-07.58.54-300x158.jpeg 300w, https:\/\/tvtecjundiai.com.br\/news\/wp-content\/uploads\/sites\/2\/2022\/07\/WhatsApp-Image-2022-07-12-at-07.58.54-768x404.jpeg 768w\" sizes=\"auto, (max-width: 1080px) 100vw, 1080px\" \/><\/figure>\n\n\n\n<p>De acordo com a diretora do S\u00e3o Jo\u00e3o, Carina Zagotti, a festa \u00e9 um evento tradicional do Clube S\u00e3o Jo\u00e3o, fundado em 1913, que j\u00e1 fez parte da hist\u00f3ria de vida de muitos jundiaienses. \u201cQueremos resgatar esta tradi\u00e7\u00e3o, trazendo de volta as fam\u00edlias para o Clube e, ao mesmo tempo, dar oportunidade para apresentar o S\u00e3o Jo\u00e3o a quem n\u00e3o conhece a nossa sede.\u201c&nbsp;<\/p>\n\n\n\n<figure class=\"wp-block-image size-full\"><img loading=\"lazy\" decoding=\"async\" width=\"1078\" height=\"768\" src=\"https:\/\/tvtecjundiai.com.br\/news\/wp-content\/uploads\/sites\/2\/2022\/07\/WhatsApp-Image-2022-07-12-at-07.58.52.jpeg\" alt=\"\" class=\"wp-image-95763\" srcset=\"https:\/\/tvtecjundiai.com.br\/news\/wp-content\/uploads\/sites\/2\/2022\/07\/WhatsApp-Image-2022-07-12-at-07.58.52.jpeg 1078w, https:\/\/tvtecjundiai.com.br\/news\/wp-content\/uploads\/sites\/2\/2022\/07\/WhatsApp-Image-2022-07-12-at-07.58.52-300x214.jpeg 300w, https:\/\/tvtecjundiai.com.br\/news\/wp-content\/uploads\/sites\/2\/2022\/07\/WhatsApp-Image-2022-07-12-at-07.58.52-768x547.jpeg 768w\" sizes=\"auto, (max-width: 1078px) 100vw, 1078px\" \/><\/figure>\n\n\n\n<p>Parte da venda das barracas de comidas ser\u00e1 revertida para o Clube. J\u00e1 as barracas das brincadeiras ser\u00e3o montadas por volunt\u00e1rios, pais dos alunos da Escola de Futebol do S\u00e3o Jo\u00e3o. &nbsp;<\/p>\n\n\n\n<p>Os ingressos para a Festa Junina custam R$ 5 e j\u00e1 est\u00e3o \u00e0 venda na secretaria, por R$ 5. Tamb\u00e9m haver\u00e1 venda de ingresso no hor\u00e1rio do evento. &nbsp;<\/p>\n\n\n\n<p><strong><em>(Fonte\/Imagem: Assessoria Clube S\u00e3o Jo\u00e3o)<\/em><\/strong><\/p>\n","protected":false},"excerpt":{"rendered":"<p>Os ingressos para a Festa Junina custam R$ 5 e j\u00e1 est\u00e3o \u00e0 venda na secretaria do Clube.<\/p>\n","protected":false},"author":27,"featured_media":95765,"comment_status":"closed","ping_status":"0","sticky":false,"template":"","format":"standard","meta":{"footnotes":""},"categories":[8356,8354],"tags":[],"class_list":["post-95761","post","type-post","status-publish","format-standard","has-post-thumbnail","hentry","category-jundiai","category-lazer"],"_links":{"self":[{"href":"https:\/\/tvtecjundiai.com.br\/news\/wp-json\/wp\/v2\/posts\/95761","targetHints":{"allow":["GET"]}}],"collection":[{"href":"https:\/\/tvtecjundiai.com.br\/news\/wp-json\/wp\/v2\/posts"}],"about":[{"href":"https:\/\/tvtecjundiai.com.br\/news\/wp-json\/wp\/v2\/types\/post"}],"author":[{"embeddable":true,"href":"https:\/\/tvtecjundiai.com.br\/news\/wp-json\/wp\/v2\/users\/27"}],"replies":[{"embeddable":true,"href":"https:\/\/tvtecjundiai.com.br\/news\/wp-json\/wp\/v2\/comments?post=95761"}],"version-history":[{"count":2,"href":"https:\/\/tvtecjundiai.com.br\/news\/wp-json\/wp\/v2\/posts\/95761\/revisions"}],"predecessor-version":[{"id":95770,"href":"https:\/\/tvtecjundiai.com.br\/news\/wp-json\/wp\/v2\/posts\/95761\/revisions\/95770"}],"wp:featuredmedia":[{"embeddable":true,"href":"https:\/\/tvtecjundiai.com.br\/news\/wp-json\/wp\/v2\/media\/95765"}],"wp:attachment":[{"href":"https:\/\/tvtecjundiai.com.br\/news\/wp-json\/wp\/v2\/media?parent=95761"}],"wp:term":[{"taxonomy":"category","embeddable":true,"href":"https:\/\/tvtecjundiai.com.br\/news\/wp-json\/wp\/v2\/categories?post=95761"},{"taxonomy":"post_tag","embeddable":true,"href":"https:\/\/tvtecjundiai.com.br\/news\/wp-json\/wp\/v2\/tags?post=95761"}],"curies":[{"name":"wp","href":"https:\/\/api.w.org\/{rel}","templated":true}]}}