{"id":95767,"date":"2022-07-13T10:37:06","date_gmt":"2022-07-13T13:37:06","guid":{"rendered":"https:\/\/tvtecjundiai.com.br\/news\/?p=95767"},"modified":"2022-07-13T10:37:12","modified_gmt":"2022-07-13T13:37:12","slug":"reuniao-de-alinhamento-na-sabesp-aborda-proposta-de-producao-regional-de-agua","status":"publish","type":"post","link":"https:\/\/tvtecjundiai.com.br\/news\/2022\/07\/13\/reuniao-de-alinhamento-na-sabesp-aborda-proposta-de-producao-regional-de-agua\/","title":{"rendered":"Reuni\u00e3o de alinhamento na Sabesp aborda proposta de produ\u00e7\u00e3o regional de \u00e1gua"},"content":{"rendered":"\n<p>Uma reuni\u00e3o de alinhamento foi realizada na manh\u00e3 de ter\u00e7a (12) em S\u00e3o Paulo entre Sabesp, DAE Jundia\u00ed e Prefeitura de Jundia\u00ed. A pauta tratava de temas como a regionaliza\u00e7\u00e3o da proposta de trabalho para a Regi\u00e3o Metropolitana de Jundia\u00ed e a produ\u00e7\u00e3o conjunta de \u00e1gua. &nbsp;<\/p>\n\n\n\n<p>\u201cO objetivo do encontro de hoje foi tra\u00e7ar alguns planos e alinhar os entendimentos\u201d, explicou o diretor presidente da DAE, Walter da Costa e Silva Filho. \u201cTamb\u00e9m apresentamos alguns projetos como o rebaixamento da represa de Acumula\u00e7\u00e3o e a implanta\u00e7\u00e3o do sistema de abastecimento do Vetor Oeste, chamado de sistema Caxambu\u201d, acrescentou.<\/p>\n\n\n\n<p>Al\u00e9m do presidente da DAE, tamb\u00e9m estiveram presentes ao encontro o diretor superintendente de Gest\u00e3o Evandro Biancharelli, o diretor superintendente de Engenharia Valter Maia, o gestor de Governo e Finan\u00e7as de Jundia\u00ed Jos\u00e9 Antonio Parimoschi, o presidente da Sabesp Benedito Braga e o diretor de Sistemas Regionais Antonio Carlos Teixeira.<\/p>\n\n\n\n<p><strong><em>(Fonte\/Imagem: Prefeitura de Jundia\u00ed)<\/em><\/strong><\/p>\n","protected":false},"excerpt":{"rendered":"<p>A pauta tratava de temas como a regionaliza\u00e7\u00e3o da proposta de trabalho para a Regi\u00e3o Metropolitana de Jundia\u00ed.<\/p>\n","protected":false},"author":27,"featured_media":95768,"comment_status":"closed","ping_status":"0","sticky":false,"template":"","format":"standard","meta":{"footnotes":""},"categories":[8356],"tags":[],"class_list":["post-95767","post","type-post","status-publish","format-standard","has-post-thumbnail","hentry","category-jundiai"],"_links":{"self":[{"href":"https:\/\/tvtecjundiai.com.br\/news\/wp-json\/wp\/v2\/posts\/95767","targetHints":{"allow":["GET"]}}],"collection":[{"href":"https:\/\/tvtecjundiai.com.br\/news\/wp-json\/wp\/v2\/posts"}],"about":[{"href":"https:\/\/tvtecjundiai.com.br\/news\/wp-json\/wp\/v2\/types\/post"}],"author":[{"embeddable":true,"href":"https:\/\/tvtecjundiai.com.br\/news\/wp-json\/wp\/v2\/users\/27"}],"replies":[{"embeddable":true,"href":"https:\/\/tvtecjundiai.com.br\/news\/wp-json\/wp\/v2\/comments?post=95767"}],"version-history":[{"count":1,"href":"https:\/\/tvtecjundiai.com.br\/news\/wp-json\/wp\/v2\/posts\/95767\/revisions"}],"predecessor-version":[{"id":95769,"href":"https:\/\/tvtecjundiai.com.br\/news\/wp-json\/wp\/v2\/posts\/95767\/revisions\/95769"}],"wp:featuredmedia":[{"embeddable":true,"href":"https:\/\/tvtecjundiai.com.br\/news\/wp-json\/wp\/v2\/media\/95768"}],"wp:attachment":[{"href":"https:\/\/tvtecjundiai.com.br\/news\/wp-json\/wp\/v2\/media?parent=95767"}],"wp:term":[{"taxonomy":"category","embeddable":true,"href":"https:\/\/tvtecjundiai.com.br\/news\/wp-json\/wp\/v2\/categories?post=95767"},{"taxonomy":"post_tag","embeddable":true,"href":"https:\/\/tvtecjundiai.com.br\/news\/wp-json\/wp\/v2\/tags?post=95767"}],"curies":[{"name":"wp","href":"https:\/\/api.w.org\/{rel}","templated":true}]}}