{"id":95772,"date":"2022-07-13T11:40:08","date_gmt":"2022-07-13T14:40:08","guid":{"rendered":"https:\/\/tvtecjundiai.com.br\/news\/?p=95772"},"modified":"2022-07-13T11:40:12","modified_gmt":"2022-07-13T14:40:12","slug":"empresa-multinacional-sulzer-entrega-mascaras-para-educacao","status":"publish","type":"post","link":"https:\/\/tvtecjundiai.com.br\/news\/2022\/07\/13\/empresa-multinacional-sulzer-entrega-mascaras-para-educacao\/","title":{"rendered":"Empresa multinacional Sulzer entrega m\u00e1scaras para Educa\u00e7\u00e3o"},"content":{"rendered":"\n<p>A Sulzer, empresa multinacional com sede em Jundia\u00ed, entregou, na \u00faltima semana, 5 mil m\u00e1scaras para contribuir na preven\u00e7\u00e3o do coronav\u00edrus. A a\u00e7\u00e3o foi articulada pela Rede Jundia\u00ed de Coopera\u00e7\u00e3o, vinculada \u00e0 Unidade de Gest\u00e3o de Governo e Finan\u00e7as (UGGF), por meio da Lei de Doa\u00e7\u00e3o de Bens e Servi\u00e7os e Patroc\u00ednio (n\u00ba 8.901\/2018).<\/p>\n\n\n\n<p>As unidades ser\u00e3o direcionadas para crian\u00e7as em vulnerabilidade que estudam nas Escolas Municipais. Segundo Vast\u00ed Ferrari Marques, Gestora de Educa\u00e7\u00e3o, \u201cessas doa\u00e7\u00f5es nos ajudar\u00e3o a evitar a dissemina\u00e7\u00e3o do v\u00edrus, principalmente entre estudantes que n\u00e3o conseguem ter o material para usar em sala de aula\u201d.<\/p>\n\n\n\n<p>\u201cGra\u00e7as ao apoio de tantos doadores n\u00e3o ficamos sem materiais para o atendimento dos pacientes de Jundia\u00ed e Regi\u00e3o, que nos procuraram durante todo esse per\u00edodo. Nosso sincero agradecimento aos que nos apoiaram e continuam apoiando at\u00e9 hoje\u201d, frisou a gestora adjunta de Sa\u00fade, Dayane Aparecida Pereira Martins.<\/p>\n\n\n\n<figure class=\"wp-block-image\"><img decoding=\"async\" src=\"https:\/\/jundiai.sp.gov.br\/noticias\/wp-content\/uploads\/sites\/32\/2022\/07\/whatsapp-image-2022-07-11-at-17-41-35.jpeg\" alt=\"DESCRI\u00c7\u00c3O DA IMAGEM\nQuatro pessoas, um homem e tr\u00eas mulheres est\u00e3o a lado de uma caixa grande com outras pequenas em cima.\" class=\"wp-image-296828\" \/><figcaption>M\u00e1scaras foram doadas pela Sulzer<\/figcaption><\/figure>\n\n\n\n<p>Marcelino Mendes da Silva, t\u00e9cnico de Seguran\u00e7a do Trabalho, da Sulzer, comenta sobre a doa\u00e7\u00e3o. \u201cN\u00f3s compramos m\u00e1scaras logo no come\u00e7o da pandemia e entregamos aos colaboradores. Agora, como o uso reduziu, decidimos entregar para quem pode fazer um uso melhor. A empresa sempre participa e atua em doa\u00e7\u00f5es para ajudar as fam\u00edlias que mais precisam\u201d, comentou.<\/p>\n\n\n\n<p>Todas as doa\u00e7\u00f5es de bens e servi\u00e7os, relacionadas \u00e0 pandemia e oficializadas por legisla\u00e7\u00e3o municipal que regulamenta apoio privado \u00e0s a\u00e7\u00f5es de interesse p\u00fablico, est\u00e3o no<a href=\"https:\/\/jundiai.sp.gov.br\/coronavirus\/doacoes-recebidas\/\">\u00a0link<\/a>. Organiza\u00e7\u00f5es e empresas interessadas em celebrar parcerias podem procurar a Rede Jundia\u00ed de Coopera\u00e7\u00e3o via<a href=\"https:\/\/jundiai.sp.gov.br\/redecooperacao\/\">\u00a0site<\/a>\u00a0ou no telefone (11) 4589-8602.<\/p>\n\n\n\n<p><strong><em>(Fonte\/Imagem: Prefeitura de Jundia\u00ed)<\/em><\/strong><\/p>\n\n\n\n<p><\/p>\n","protected":false},"excerpt":{"rendered":"<p>As unidades ser\u00e3o direcionadas para crian\u00e7as em vulnerabilidade que estudam nas Escolas Municipais.<\/p>\n","protected":false},"author":27,"featured_media":95773,"comment_status":"closed","ping_status":"0","sticky":false,"template":"","format":"standard","meta":{"footnotes":""},"categories":[8356],"tags":[],"class_list":["post-95772","post","type-post","status-publish","format-standard","has-post-thumbnail","hentry","category-jundiai"],"_links":{"self":[{"href":"https:\/\/tvtecjundiai.com.br\/news\/wp-json\/wp\/v2\/posts\/95772","targetHints":{"allow":["GET"]}}],"collection":[{"href":"https:\/\/tvtecjundiai.com.br\/news\/wp-json\/wp\/v2\/posts"}],"about":[{"href":"https:\/\/tvtecjundiai.com.br\/news\/wp-json\/wp\/v2\/types\/post"}],"author":[{"embeddable":true,"href":"https:\/\/tvtecjundiai.com.br\/news\/wp-json\/wp\/v2\/users\/27"}],"replies":[{"embeddable":true,"href":"https:\/\/tvtecjundiai.com.br\/news\/wp-json\/wp\/v2\/comments?post=95772"}],"version-history":[{"count":1,"href":"https:\/\/tvtecjundiai.com.br\/news\/wp-json\/wp\/v2\/posts\/95772\/revisions"}],"predecessor-version":[{"id":95774,"href":"https:\/\/tvtecjundiai.com.br\/news\/wp-json\/wp\/v2\/posts\/95772\/revisions\/95774"}],"wp:featuredmedia":[{"embeddable":true,"href":"https:\/\/tvtecjundiai.com.br\/news\/wp-json\/wp\/v2\/media\/95773"}],"wp:attachment":[{"href":"https:\/\/tvtecjundiai.com.br\/news\/wp-json\/wp\/v2\/media?parent=95772"}],"wp:term":[{"taxonomy":"category","embeddable":true,"href":"https:\/\/tvtecjundiai.com.br\/news\/wp-json\/wp\/v2\/categories?post=95772"},{"taxonomy":"post_tag","embeddable":true,"href":"https:\/\/tvtecjundiai.com.br\/news\/wp-json\/wp\/v2\/tags?post=95772"}],"curies":[{"name":"wp","href":"https:\/\/api.w.org\/{rel}","templated":true}]}}