{"id":95785,"date":"2022-07-13T13:14:36","date_gmt":"2022-07-13T16:14:36","guid":{"rendered":"https:\/\/tvtecjundiai.com.br\/news\/?p=95785"},"modified":"2022-07-13T13:14:40","modified_gmt":"2022-07-13T16:14:40","slug":"guarda-municipal-de-jundiai-apreende-veiculo-e-detem-trio-que-participou-de-roubo-a-carga","status":"publish","type":"post","link":"https:\/\/tvtecjundiai.com.br\/news\/2022\/07\/13\/guarda-municipal-de-jundiai-apreende-veiculo-e-detem-trio-que-participou-de-roubo-a-carga\/","title":{"rendered":"Guarda Municipal de Jundia\u00ed apreende ve\u00edculo e det\u00e9m trio que participou de roubo a carga"},"content":{"rendered":"\n<p>Tr\u00eas suspeitos de integrarem uma quadrilha de roubo de carga, foram presos por guardas municipais na madrugada desta ter\u00e7a-feira (12), na rua do Centen\u00e1rio,na Vila Maring\u00e1.<\/p>\n\n\n\n<figure class=\"wp-block-image\"><img decoding=\"async\" src=\"https:\/\/gm.jundiai.sp.gov.br\/wp-content\/uploads\/2022\/07\/foto-1-900x415.jpg\" alt=\"\" class=\"wp-image-5589\" \/><\/figure>\n\n\n\n<p>O carro usado por eles, um Voyage roubado que estava sendo monitorado pelo setor de intelig\u00eancia da informa\u00e7\u00e3o da Unidade de Seguran\u00e7a Municipal de Jundia\u00ed, foi recuperado, assim como parte de uma carga de eletr\u00f4nicos que&nbsp;eles&nbsp;haviam&nbsp;levado em roubo praticado no bairro do in\u00edcio da semana.<\/p>\n\n\n\n<p>Eles foram presos em flagrante pela autoridade policial da DIG e indiciados por roubo e forma\u00e7\u00e3o de quadrilha.<\/p>\n\n\n\n<figure class=\"wp-block-image\"><img decoding=\"async\" src=\"https:\/\/gm.jundiai.sp.gov.br\/wp-content\/uploads\/2022\/07\/WhatsApp-Image-2022-07-13-at-08.54.38-900x507.jpeg\" alt=\"\" class=\"wp-image-5588\" \/><figcaption>Os guardas Wellington e Poli durante a abordagem ao ve\u00edculo na Vila Maring\u00e1<\/figcaption><\/figure>\n\n\n\n<figure class=\"wp-block-image\"><img decoding=\"async\" src=\"https:\/\/gm.jundiai.sp.gov.br\/wp-content\/uploads\/2022\/07\/foto-2-900x506.jpg\" alt=\"\" class=\"wp-image-5590\" \/><\/figure>\n\n\n\n<p><strong><em>(Fonte\/Imagem: Guarda Municipal de Jundia\u00ed)<\/em><\/strong><\/p>\n","protected":false},"excerpt":{"rendered":"<p>O carro usado por eles foi recuperado, assim como parte de uma carga de eletr\u00f4nicos que\u00a0eles\u00a0haviam\u00a0levado.<\/p>\n","protected":false},"author":27,"featured_media":95786,"comment_status":"closed","ping_status":"0","sticky":false,"template":"","format":"standard","meta":{"footnotes":""},"categories":[8356,4831],"tags":[],"class_list":["post-95785","post","type-post","status-publish","format-standard","has-post-thumbnail","hentry","category-jundiai","category-seguranca"],"_links":{"self":[{"href":"https:\/\/tvtecjundiai.com.br\/news\/wp-json\/wp\/v2\/posts\/95785","targetHints":{"allow":["GET"]}}],"collection":[{"href":"https:\/\/tvtecjundiai.com.br\/news\/wp-json\/wp\/v2\/posts"}],"about":[{"href":"https:\/\/tvtecjundiai.com.br\/news\/wp-json\/wp\/v2\/types\/post"}],"author":[{"embeddable":true,"href":"https:\/\/tvtecjundiai.com.br\/news\/wp-json\/wp\/v2\/users\/27"}],"replies":[{"embeddable":true,"href":"https:\/\/tvtecjundiai.com.br\/news\/wp-json\/wp\/v2\/comments?post=95785"}],"version-history":[{"count":1,"href":"https:\/\/tvtecjundiai.com.br\/news\/wp-json\/wp\/v2\/posts\/95785\/revisions"}],"predecessor-version":[{"id":95787,"href":"https:\/\/tvtecjundiai.com.br\/news\/wp-json\/wp\/v2\/posts\/95785\/revisions\/95787"}],"wp:featuredmedia":[{"embeddable":true,"href":"https:\/\/tvtecjundiai.com.br\/news\/wp-json\/wp\/v2\/media\/95786"}],"wp:attachment":[{"href":"https:\/\/tvtecjundiai.com.br\/news\/wp-json\/wp\/v2\/media?parent=95785"}],"wp:term":[{"taxonomy":"category","embeddable":true,"href":"https:\/\/tvtecjundiai.com.br\/news\/wp-json\/wp\/v2\/categories?post=95785"},{"taxonomy":"post_tag","embeddable":true,"href":"https:\/\/tvtecjundiai.com.br\/news\/wp-json\/wp\/v2\/tags?post=95785"}],"curies":[{"name":"wp","href":"https:\/\/api.w.org\/{rel}","templated":true}]}}