{"id":95819,"date":"2022-07-14T11:46:22","date_gmt":"2022-07-14T14:46:22","guid":{"rendered":"https:\/\/tvtecjundiai.com.br\/news\/?p=95819"},"modified":"2022-07-14T14:02:56","modified_gmt":"2022-07-14T17:02:56","slug":"festa-julina-de-jundiai-acontece-de-23-a-31-de-julho-no-parque-da-uva-%ef%bf%bc","status":"publish","type":"post","link":"https:\/\/tvtecjundiai.com.br\/news\/2022\/07\/14\/festa-julina-de-jundiai-acontece-de-23-a-31-de-julho-no-parque-da-uva-%ef%bf%bc\/","title":{"rendered":"Festa Julina de Jundia\u00ed acontece de 23 a 31 de julho no Parque da Uva"},"content":{"rendered":"\n<p>A tradicional <strong>Festa Julina de Jundia\u00ed<\/strong> acontece de <strong>23 a 31 de Julho no Parque da Uva de Jundia\u00ed<\/strong>. Com entrada gratuita durante o dia. Na sexta-feira (29), os port\u00f5es abrem a partir das 18h e o <strong>Turma do Pagode<\/strong> j\u00e1 \u00e9 atra\u00e7\u00e3o confirmada na sexta-feira solid\u00e1ria, onde o ingresso poder\u00e1 ser trocado por 1Kg de alimentos n\u00e3o perec\u00edvel.&nbsp; A troca deve ser feita de forma antecipada diretamente no Parque da Uva, diariamente das 10h \u00e0s 17h, na bilheteria.&nbsp;<\/p>\n\n\n\n<p>O p\u00fablico tamb\u00e9m pode adquirir entradas para pista premium e camarote vip, com valores a partir de R$ 30. J\u00e1 aos s\u00e1bados e domingos, a partir das 12h. Todos os ingressos est\u00e3o \u00e0 venda e j\u00e1 podem ser adquiridos no&nbsp;<a href=\"https:\/\/tycket.com.br\/lista.php?busca=S&amp;txt_busca=Festa+julina\">link<\/a>. Os visitantes ter\u00e3o acesso a um Festival Gastron\u00f4mico com comidas t\u00edpicas nordestinas, na pra\u00e7a de alimenta\u00e7\u00e3o,&nbsp; al\u00e9m de apresenta\u00e7\u00e3o de quadrilhas, cord\u00e9is e um ambiente tem\u00e1tico junino.&nbsp;<\/p>\n\n\n\n<p>A grade de shows conta tamb\u00e9m com apresenta\u00e7\u00f5es de <strong>Z\u00e9 Neto e Cristiano, J\u00e3o, Nando Reis, Bar\u00f5es da Pisadinha, Jo\u00e3o Gomes, Tarc\u00edsio do Acordeon<\/strong> e<strong> Vitor Fernandes. <\/strong>A expectativa da equipe organizadora \u00e9 que passem pelo local, diariamente, cerca de 15 mil pessoas.<\/p>\n\n\n\n<p>O evento vai arrecadar uma grande quantidade de alimentos que ser\u00e3o destinados ao FUNSS da Prefeitura de Jundia\u00ed e, al\u00e9m dos mantimentos, as pessoas podem aproveitar o clima mais frio para aquecer o cora\u00e7\u00e3o das pessoas mais necessitadas. A organiza\u00e7\u00e3o vai receber agasalhos em bom estado e todas as pe\u00e7as ser\u00e3o repassadas ao Fundo Social de Solidariedade da Prefeitura de Jundia\u00ed.<\/p>\n\n\n\n<figure class=\"wp-block-image size-large\"><img loading=\"lazy\" decoding=\"async\" width=\"1200\" height=\"800\" src=\"https:\/\/tvtecjundiai.com.br\/news\/wp-content\/uploads\/sites\/2\/2022\/07\/IMG_0751-1200x800.jpg\" alt=\"\" class=\"wp-image-95820\" srcset=\"https:\/\/tvtecjundiai.com.br\/news\/wp-content\/uploads\/sites\/2\/2022\/07\/IMG_0751-1200x800.jpg 1200w, https:\/\/tvtecjundiai.com.br\/news\/wp-content\/uploads\/sites\/2\/2022\/07\/IMG_0751-300x200.jpg 300w, https:\/\/tvtecjundiai.com.br\/news\/wp-content\/uploads\/sites\/2\/2022\/07\/IMG_0751-768x512.jpg 768w, https:\/\/tvtecjundiai.com.br\/news\/wp-content\/uploads\/sites\/2\/2022\/07\/IMG_0751.jpg 1280w\" sizes=\"auto, (max-width: 1200px) 100vw, 1200px\" \/><\/figure>\n\n\n\n<p><strong>Programa\u00e7\u00e3o completa<\/strong><\/p>\n\n\n\n<p>Dia 23 \u2013 Z\u00e9 Neto e Cristiano<\/p>\n\n\n\n<p>Dia 24 \u2013 J\u00e3o \/ Nando Reis<\/p>\n\n\n\n<p>Dia 29 \u2013 Turma do Pagode<\/p>\n\n\n\n<p>Dia 30 \u2013 Bar\u00f5es da Pisadinha<\/p>\n\n\n\n<p>Dia 31 \u2013 Jo\u00e3o Gomes \/ Tarc\u00edsio do Acordeon \/ Vitor Fernandes<\/p>\n\n\n\n<p><strong>Servi\u00e7o<\/strong><strong><br><\/strong>Parque da Uva de Jundia\u00ed, Av Jundia\u00ed s\/n<br>Data: 23 a 31 de Julho<br>Abertura dos port\u00f5es:<br>Sexta-feira, \u00e0s 18h<br>S\u00e1bados e Domingos, \u00e0s 12h (Com entrada gratuita na pra\u00e7a de alimenta\u00e7\u00e3o at\u00e9 14h)&nbsp;<\/p>\n\n\n\n<p>Para melhor acomoda\u00e7\u00e3o de todo o p\u00fablico, o evento este ano oferece 3 setores de ingressos:&nbsp;<\/p>\n\n\n\n<p><strong>&#8211; Pista:<\/strong> maior setor do e vento, acesso a arena de shows, pra\u00e7a de alimenta\u00e7\u00e3o completa e atra\u00e7\u00f5es t\u00edpicas juninas<\/p>\n\n\n\n<p><strong>&#8211; Pista Premium:<\/strong> mesmas comodidades da Pista, com vista privilegiada e maior proximidade do palco.&nbsp;<\/p>\n\n\n\n<p><strong>&#8211; Corporativo:<\/strong> Camarote exclusivo para 10 pessoas, entradas e bares exclusivos, acesso a banheiros containers e acesso aos setores pista e pista premium.&nbsp;<\/p>\n\n\n\n<p><strong>&#8211; Camarote VIP:<\/strong> mesmas comodidades da Pista, e \u00e1rea coberta e elevada, com vista privilegiada do palco.<br><strong>Ingressos:<\/strong><a href=\"https:\/\/bityli.com\/Julina-Imprensa\"> https:\/\/bityli.com\/Julina-Imprensa<\/a><\/p>\n\n\n\n<p><strong><em>(Fonte\/Imagem: Assessoria de Imprensa Festa Julina Jundia\u00ed)<\/em><\/strong><\/p>\n","protected":false},"excerpt":{"rendered":"<p>A grade de shows do primeiro final de semana conta com: Z\u00e9 Neto e Cristiano, J\u00e3o e Nando Reis.<\/p>\n","protected":false},"author":27,"featured_media":95820,"comment_status":"closed","ping_status":"0","sticky":false,"template":"","format":"standard","meta":{"footnotes":""},"categories":[8356,8354],"tags":[],"class_list":["post-95819","post","type-post","status-publish","format-standard","has-post-thumbnail","hentry","category-jundiai","category-lazer"],"_links":{"self":[{"href":"https:\/\/tvtecjundiai.com.br\/news\/wp-json\/wp\/v2\/posts\/95819","targetHints":{"allow":["GET"]}}],"collection":[{"href":"https:\/\/tvtecjundiai.com.br\/news\/wp-json\/wp\/v2\/posts"}],"about":[{"href":"https:\/\/tvtecjundiai.com.br\/news\/wp-json\/wp\/v2\/types\/post"}],"author":[{"embeddable":true,"href":"https:\/\/tvtecjundiai.com.br\/news\/wp-json\/wp\/v2\/users\/27"}],"replies":[{"embeddable":true,"href":"https:\/\/tvtecjundiai.com.br\/news\/wp-json\/wp\/v2\/comments?post=95819"}],"version-history":[{"count":2,"href":"https:\/\/tvtecjundiai.com.br\/news\/wp-json\/wp\/v2\/posts\/95819\/revisions"}],"predecessor-version":[{"id":95822,"href":"https:\/\/tvtecjundiai.com.br\/news\/wp-json\/wp\/v2\/posts\/95819\/revisions\/95822"}],"wp:featuredmedia":[{"embeddable":true,"href":"https:\/\/tvtecjundiai.com.br\/news\/wp-json\/wp\/v2\/media\/95820"}],"wp:attachment":[{"href":"https:\/\/tvtecjundiai.com.br\/news\/wp-json\/wp\/v2\/media?parent=95819"}],"wp:term":[{"taxonomy":"category","embeddable":true,"href":"https:\/\/tvtecjundiai.com.br\/news\/wp-json\/wp\/v2\/categories?post=95819"},{"taxonomy":"post_tag","embeddable":true,"href":"https:\/\/tvtecjundiai.com.br\/news\/wp-json\/wp\/v2\/tags?post=95819"}],"curies":[{"name":"wp","href":"https:\/\/api.w.org\/{rel}","templated":true}]}}