{"id":95833,"date":"2022-07-14T17:22:05","date_gmt":"2022-07-14T20:22:05","guid":{"rendered":"https:\/\/tvtecjundiai.com.br\/news\/?p=95833"},"modified":"2022-07-14T17:22:05","modified_gmt":"2022-07-14T20:22:05","slug":"apoio-tatico-da-guarda-municipal-de-jundiai-detem-dupla-com-veiculo-roubado","status":"publish","type":"post","link":"https:\/\/tvtecjundiai.com.br\/news\/2022\/07\/14\/apoio-tatico-da-guarda-municipal-de-jundiai-detem-dupla-com-veiculo-roubado\/","title":{"rendered":"Apoio T\u00e1tico da Guarda Municipal de Jundia\u00ed det\u00e9m dupla com ve\u00edculo roubado"},"content":{"rendered":"\n<p>Dois homens foram detidos em um ve\u00edculo roubado nesta quinta-feira (14), na Avenida 14 de dezembro em Jundia\u00ed.<\/p>\n\n\n\n<p>A Montana que tinha placas de outro carro, estava cadastrada no banco de dados da Unidade de Seguran\u00e7a por ter participado de roubos de carga.<\/p>\n\n\n\n<p>O ve\u00edculo foi flagrado no trevo da Avenida Jundia\u00ed acessando a rodovia Anhanguera sentido S\u00e3o Paulo.<\/p>\n\n\n\n<p>Uma equipe do Apoio T\u00e1tico (GMs Edmundo, Marassato, Francischini e Freitas), que patrulhavam a Avenida 14 de dezembro, se deparou com a Montana e imediatamente fez abordagem.<\/p>\n\n\n\n<p>No interior do ve\u00edculo, dois homens, ambos de 40 anos e moradores em Jundia\u00ed foram revistados. Com o passageiro, foi encontrado uma pistola e 14 muni\u00e7\u00f5es no carregador.<\/p>\n\n\n<div class=\"wp-block-image\">\n<figure class=\"aligncenter\"><img decoding=\"async\" src=\"https:\/\/gm.jundiai.sp.gov.br\/wp-content\/uploads\/2022\/07\/arma-553x720.jpeg\" alt=\"\" class=\"wp-image-5602\" \/><\/figure>\n<\/div>\n\n\n<p>A dupla foi levada at\u00e9 o 6\u00ba DP para eslarecimentos.<\/p>\n\n\n\n<p>Os policiais descobriram que havia adultera\u00e7\u00e3o na placa e que o ve\u00edculo com as placas originais tinha queixa e roubo.<\/p>\n\n\n\n<p>O delegado ratificou a voz de pris\u00e3o por recepta\u00e7\u00e3o, adultera\u00e7\u00e3o de sinais identificadores e posse ilegal de arma de calibre restrito. Eles foram levados para o Centro de Triagem de Campo Limpo Paulista.<\/p>\n\n\n\n<p>Os policiais ir\u00e3o investigar se a dupla fazia parte de alguma quadrilha de roubo de carga na regi\u00e3o.<\/p>\n\n\n\n<figure class=\"wp-block-image\"><img decoding=\"async\" src=\"https:\/\/gm.jundiai.sp.gov.br\/wp-content\/uploads\/2022\/07\/DSC_6097-1-900x600.jpg\" alt=\"\" class=\"wp-image-5603\" \/><figcaption>Ocorr\u00eancia foi apresentada no 6\u00ba DP, o ve\u00edculo foi recolhido ao p\u00e1tio<\/figcaption><\/figure>\n\n\n\n<p><strong><em>(Fonte\/Imagem: Guarda Municipal de Jundia\u00ed)<\/em><\/strong><\/p>\n","protected":false},"excerpt":{"rendered":"<p>Ocorr\u00eancia foi apresentada no 6\u00ba DP, o ve\u00edculo foi recolhido ao p\u00e1tio.<\/p>\n","protected":false},"author":27,"featured_media":95835,"comment_status":"closed","ping_status":"0","sticky":false,"template":"","format":"standard","meta":{"footnotes":""},"categories":[8356,4831],"tags":[],"class_list":["post-95833","post","type-post","status-publish","format-standard","has-post-thumbnail","hentry","category-jundiai","category-seguranca"],"_links":{"self":[{"href":"https:\/\/tvtecjundiai.com.br\/news\/wp-json\/wp\/v2\/posts\/95833","targetHints":{"allow":["GET"]}}],"collection":[{"href":"https:\/\/tvtecjundiai.com.br\/news\/wp-json\/wp\/v2\/posts"}],"about":[{"href":"https:\/\/tvtecjundiai.com.br\/news\/wp-json\/wp\/v2\/types\/post"}],"author":[{"embeddable":true,"href":"https:\/\/tvtecjundiai.com.br\/news\/wp-json\/wp\/v2\/users\/27"}],"replies":[{"embeddable":true,"href":"https:\/\/tvtecjundiai.com.br\/news\/wp-json\/wp\/v2\/comments?post=95833"}],"version-history":[{"count":1,"href":"https:\/\/tvtecjundiai.com.br\/news\/wp-json\/wp\/v2\/posts\/95833\/revisions"}],"predecessor-version":[{"id":95836,"href":"https:\/\/tvtecjundiai.com.br\/news\/wp-json\/wp\/v2\/posts\/95833\/revisions\/95836"}],"wp:featuredmedia":[{"embeddable":true,"href":"https:\/\/tvtecjundiai.com.br\/news\/wp-json\/wp\/v2\/media\/95835"}],"wp:attachment":[{"href":"https:\/\/tvtecjundiai.com.br\/news\/wp-json\/wp\/v2\/media?parent=95833"}],"wp:term":[{"taxonomy":"category","embeddable":true,"href":"https:\/\/tvtecjundiai.com.br\/news\/wp-json\/wp\/v2\/categories?post=95833"},{"taxonomy":"post_tag","embeddable":true,"href":"https:\/\/tvtecjundiai.com.br\/news\/wp-json\/wp\/v2\/tags?post=95833"}],"curies":[{"name":"wp","href":"https:\/\/api.w.org\/{rel}","templated":true}]}}