{"id":95846,"date":"2022-07-15T09:27:31","date_gmt":"2022-07-15T12:27:31","guid":{"rendered":"https:\/\/tvtecjundiai.com.br\/news\/?p=95846"},"modified":"2022-07-15T09:27:37","modified_gmt":"2022-07-15T12:27:37","slug":"feira-do-produtor-no-paco-traz-novidades-com-produtos-de-origem-animal-licenciados","status":"publish","type":"post","link":"https:\/\/tvtecjundiai.com.br\/news\/2022\/07\/15\/feira-do-produtor-no-paco-traz-novidades-com-produtos-de-origem-animal-licenciados\/","title":{"rendered":"Feira do Produtor no Pa\u00e7o traz novidades com produtos de origem animal licenciados"},"content":{"rendered":"\n<p>A Feira do Produtor no Pa\u00e7o do m\u00eas de julho ser\u00e1 promovida no dia 20, das 10h \u00e0s 17h, pela Unidade de Gest\u00e3o de Agroneg\u00f3cio, Abastecimento e Turismo (UGAAT), por meio do Departamento de Abastecimento, e traz novidades. Nesta edi\u00e7\u00e3o, al\u00e9m dos produtores de hortifr\u00fatis, granola e cogumelos, estar\u00e3o presentes agroind\u00fastrias licenciadas pelo SIM (Servi\u00e7o de Inspe\u00e7\u00e3o Municipal) como api\u00e1rio, peixaria e charcutaria.<\/p>\n\n\n\n<p>\u201cEstamos ampliando os produtos oferecidos ao nosso consumidor. Agora tamb\u00e9m inclu\u00edmos produtos de origem animal certificados pelo SIM\u201d, comenta o gestor da UGAAT, Eduardo Alvarez.<\/p>\n\n\n\n<p>A Feira do Produtor visa facilitar o escoamento da produ\u00e7\u00e3o e promover a venda direta ao consumidor. \u201cS\u00e3o oferecidos produtos de qualidade, com pre\u00e7os mais acess\u00edveis, sem intermedi\u00e1rios. Facilidades que beneficiam tanto os produtores como os consumidores\u201d, explica a diretora de Abastecimento, Georgea Casoti.<\/p>\n\n\n<div class=\"wp-block-image\">\n<figure class=\"aligncenter\"><img decoding=\"async\" src=\"https:\/\/jundiai.sp.gov.br\/noticias\/wp-content\/uploads\/sites\/32\/2022\/07\/rodada-de-negocios_circuito-gastronomico-241.jpg\" alt=\"DESCRI\u00c7\u00c3O DA IMAGEM:\nFoto de lingui\u00e7as em uma churrasqueira el\u00e9trica, uma pessoa segura atr\u00e1s um pacote com o alimento e na frente da churrasqueira h\u00e1 quatro potes laranjas redondos com lingui\u00e7as fatiadas.\" class=\"wp-image-296922\" \/><figcaption>Alimentos de origem animal, licenciados pelo SIM, estar\u00e3o \u00e0 venda<\/figcaption><\/figure>\n<\/div>\n\n\n<p><em><strong>(Fonte\/Imagem: Prefeitura de Jundia\u00ed)<\/strong><\/em><\/p>\n","protected":false},"excerpt":{"rendered":"<p>A Feira do Produtor visa facilitar o escoamento da produ\u00e7\u00e3o e promover a venda direta ao consumidor.<\/p>\n","protected":false},"author":27,"featured_media":95847,"comment_status":"closed","ping_status":"0","sticky":false,"template":"","format":"standard","meta":{"footnotes":""},"categories":[8356],"tags":[],"class_list":["post-95846","post","type-post","status-publish","format-standard","has-post-thumbnail","hentry","category-jundiai"],"_links":{"self":[{"href":"https:\/\/tvtecjundiai.com.br\/news\/wp-json\/wp\/v2\/posts\/95846","targetHints":{"allow":["GET"]}}],"collection":[{"href":"https:\/\/tvtecjundiai.com.br\/news\/wp-json\/wp\/v2\/posts"}],"about":[{"href":"https:\/\/tvtecjundiai.com.br\/news\/wp-json\/wp\/v2\/types\/post"}],"author":[{"embeddable":true,"href":"https:\/\/tvtecjundiai.com.br\/news\/wp-json\/wp\/v2\/users\/27"}],"replies":[{"embeddable":true,"href":"https:\/\/tvtecjundiai.com.br\/news\/wp-json\/wp\/v2\/comments?post=95846"}],"version-history":[{"count":1,"href":"https:\/\/tvtecjundiai.com.br\/news\/wp-json\/wp\/v2\/posts\/95846\/revisions"}],"predecessor-version":[{"id":95848,"href":"https:\/\/tvtecjundiai.com.br\/news\/wp-json\/wp\/v2\/posts\/95846\/revisions\/95848"}],"wp:featuredmedia":[{"embeddable":true,"href":"https:\/\/tvtecjundiai.com.br\/news\/wp-json\/wp\/v2\/media\/95847"}],"wp:attachment":[{"href":"https:\/\/tvtecjundiai.com.br\/news\/wp-json\/wp\/v2\/media?parent=95846"}],"wp:term":[{"taxonomy":"category","embeddable":true,"href":"https:\/\/tvtecjundiai.com.br\/news\/wp-json\/wp\/v2\/categories?post=95846"},{"taxonomy":"post_tag","embeddable":true,"href":"https:\/\/tvtecjundiai.com.br\/news\/wp-json\/wp\/v2\/tags?post=95846"}],"curies":[{"name":"wp","href":"https:\/\/api.w.org\/{rel}","templated":true}]}}