{"id":95870,"date":"2022-07-17T09:00:00","date_gmt":"2022-07-17T12:00:00","guid":{"rendered":"https:\/\/tvtecjundiai.com.br\/news\/?p=95870"},"modified":"2022-07-15T16:23:57","modified_gmt":"2022-07-15T19:23:57","slug":"dia-de-protecao-as-florestas-projeto-olhos-da-serra-apresenta-resultados-das-atividades","status":"publish","type":"post","link":"https:\/\/tvtecjundiai.com.br\/news\/2022\/07\/17\/dia-de-protecao-as-florestas-projeto-olhos-da-serra-apresenta-resultados-das-atividades\/","title":{"rendered":"Dia de Prote\u00e7\u00e3o \u00e0s Florestas:  Projeto Olhos da Serra apresenta resultados das atividades"},"content":{"rendered":"\n<p>No Dia de Prote\u00e7\u00e3o \u00e0s Florestas (17), data que tem como objetivo conscientizar as pessoas sobre a import\u00e2ncia da preserva\u00e7\u00e3o destes locais que s\u00e3o lares de in\u00fameras esp\u00e9cies de animais e plantas, o Projeto Olhos da Serra apresenta os resultados da primeira fase de suas atividades, que visam a prote\u00e7\u00e3o da Serra do Japi.<\/p>\n\n\n\n<p>O projeto \u00e9 estruturado para levantar dados por meio de parcerias e ter acompanhamento e valida\u00e7\u00e3o constante tanto dos parceiros quanto da participa\u00e7\u00e3o popular. S\u00e3o cartilhas, webs\u00e9ries, forma\u00e7\u00e3o de l\u00edderes comunit\u00e1rios e mapeamentos que v\u00e3o validar todo movimento do Projeto em prol da \u00e1rea de preserva\u00e7\u00e3o.<\/p>\n\n\n\n<p>Raquel Melillo, gerente t\u00e9cnica do Projeto Olhos da Serra, refor\u00e7a que as op\u00e7\u00f5es metodol\u00f3gicas e alguns resultados j\u00e1 s\u00e3o poss\u00edveis de serem mensurados. \u201cUm deles \u00e9 o ITA, \u00cdndice de Transforma\u00e7\u00e3o Antr\u00f3pica, que adotamos para identificar \u00e1reas com maior ou menor impacto no territ\u00f3rio que deveria ser \u00e1rea de conserva\u00e7\u00e3o. E ainda h\u00e1 muitas conquistas importantes a caminho, como o lan\u00e7amento do Suindara \u2013 Sistema de Alerta de Queimadas e Desmatamento\u201d.<\/p>\n\n\n\n<p>Uma das estrat\u00e9gias do Olhos da Serra \u00e9 justamente contribuir para o combate ao desmatamento e queimadas n\u00e3o programadas no bioma. \u201cEstamos desenvolvendo junto ao Instituto Cerrados um plano operativo para a comunidade da Serra do Japi, sendo o Sistema Suindara de Alertas e Queimadas, desenvolvido pelo Instituto Cerrados, sistema de monitoramento que emitir\u00e1 um alerta para o celular dos l\u00edderes comunit\u00e1rios em caso de inc\u00eandio, uma das nossas conquistas. \u00a0\u00c9 uma entre tantas ferramentas de trabalho necess\u00e1rias para chegarmos at\u00e9 a nossa t\u00e3o sonhada brigada de inc\u00eandio. Mas \u00e9 importante lembrar que s\u00f3 se cria uma brigada de inc\u00eandio com total engajamento das pessoas, muito treinamento, conscientiza\u00e7\u00e3o e integra\u00e7\u00e3o junto ao poder p\u00fablico&#8221;, conta Eliana Schiozer, vice-presidente da Associa\u00e7\u00e3o dos Amigos dos Bairros de Santa Clara, Vargem Grande, Caguassu e Paiol Velho (SAB Santa Clara).<\/p>\n\n\n\n<p>O diretor do Instituto Cerrados, Yuri Salmona, respons\u00e1vel pelo sistema e consultor para a forma\u00e7\u00e3o da brigada de inc\u00eandio, explica que o Suindara funciona em qualquer smartphone e seu uso \u00e9 extremamente simples. \u201cA ferramenta traz agilidade e efic\u00e1cia, pois envia mensagens de alerta diretamente para os gestores da \u00e1rea e atores envolvidos, com um mapa indicando o local da queimada, possibilitando a navega\u00e7\u00e3o e a\u00e7\u00e3o in loco\u201d.<\/p>\n\n\n\n<p>O uso dessa tecnologia, com o envolvimento da comunidade e parceiros, promete grandes avan\u00e7os na luta pela preven\u00e7\u00e3o e combate a focos de inc\u00eandio na \u00e1rea de floresta.\u00a0 O apoio dos \u00f3rg\u00e3os municipais tamb\u00e9m faz a diferen\u00e7a para atingir resultados positivos.<\/p>\n\n\n\n<p>Para o prefeito Luiz Fernando Machado, a parceria do projeto Olhos da Serra com institui\u00e7\u00f5es \u00e9 importante para fomentar a prote\u00e7\u00e3o a Serra do Japi. \u201cN\u00f3s fazemos parte da constru\u00e7\u00e3o de uma boa sociedade e a uni\u00e3o entre \u00f3rg\u00e3os p\u00fablicos e privados, al\u00e9m da popula\u00e7\u00e3o, \u00e9 uma demonstra\u00e7\u00e3o de como trabalhar unindo for\u00e7as para o bem da comunidade, preserva\u00e7\u00e3o do meio ambiente e qualidade de vida. Jundia\u00ed tem trabalhado para crescer e continuar se desenvolvendo, mas tudo isso tem sido feito com responsabilidade, pensando no Meio Ambiente. Os estudos realizados no ecossistema da Serra do Japi s\u00e3o fundamentais para a prote\u00e7\u00e3o e preserva\u00e7\u00e3o da diversidade e da riqueza ambiental\u201d, comenta.<\/p>\n\n\n\n<p>J\u00e1 Comandante Benedito Moreno, da Guarda Municipal, refor\u00e7a que a parceria com sistema Suindara \u00e9 bem estruturada, prestando todo apoio necess\u00e1rio dentro de sua compet\u00eancia. \u201cIsso \u00e9 importante para que o sistema auxilie da melhor forma poss\u00edvel em rela\u00e7\u00e3o \u00e0 identifica\u00e7\u00e3o de focos de inc\u00eandio para uma resposta r\u00e1pida na conten\u00e7\u00e3o do fogo.\u201d<\/p>\n\n\n\n<p>E ao proteger a floresta, as a\u00e7\u00f5es colaboram tamb\u00e9m para a preserva\u00e7\u00e3o das nascentes. O Diretor de Mananciais da DAE, Martim de Fran\u00e7a Silveira Ribeiro, explica que a rela\u00e7\u00e3o entre \u00e1gua e floresta \u00e9 de interdepend\u00eancia. \u201cNa medida em que sem \u00e1gua, a floresta n\u00e3o se desenvolve em sua plenitude e n\u00e3o \u00e9 poss\u00edvel a sobreviv\u00eancia da fauna e da flora neste local. Da mesma forma, a floresta \u00e9 fundamental para a quantidade da \u00e1gua, uma vez que a vegeta\u00e7\u00e3o auxilia a absor\u00e7\u00e3o de \u00e1gua no solo atrav\u00e9s de suas ra\u00edzes, al\u00e9m do fato de suas copas interceptaram a \u00e1gua das chuvas, fazendo com que a \u00e1gua seja retida no solo\u201d. Ele refor\u00e7a que a floresta ainda desempenha um papel muito importante na qualidade da \u00e1gua, \u201cpois a vegeta\u00e7\u00e3o previne as eros\u00f5es, o assoreamento dos corpos d&#8217;\u00e1gua al\u00e9m de reterem os poluentes\u201d, completa.<\/p>\n\n\n<div class=\"wp-block-image\">\n<figure class=\"aligncenter size-large\"><img loading=\"lazy\" decoding=\"async\" width=\"720\" height=\"960\" src=\"https:\/\/tvtecjundiai.com.br\/news\/wp-content\/uploads\/sites\/2\/2022\/07\/Serra-720x960.jpeg\" alt=\"\" class=\"wp-image-95871\" srcset=\"https:\/\/tvtecjundiai.com.br\/news\/wp-content\/uploads\/sites\/2\/2022\/07\/Serra-720x960.jpeg 720w, https:\/\/tvtecjundiai.com.br\/news\/wp-content\/uploads\/sites\/2\/2022\/07\/Serra-300x400.jpeg 300w, https:\/\/tvtecjundiai.com.br\/news\/wp-content\/uploads\/sites\/2\/2022\/07\/Serra-768x1024.jpeg 768w, https:\/\/tvtecjundiai.com.br\/news\/wp-content\/uploads\/sites\/2\/2022\/07\/Serra-1152x1536.jpeg 1152w, https:\/\/tvtecjundiai.com.br\/news\/wp-content\/uploads\/sites\/2\/2022\/07\/Serra.jpeg 1200w\" sizes=\"auto, (max-width: 720px) 100vw, 720px\" \/><\/figure>\n<\/div>\n\n\n<p><strong>Pr\u00f3ximos passos \u2013<\/strong> Al\u00e9m do Suindara, a\u00e7\u00f5es a serem executadas, como planejamento de campo, j\u00e1 est\u00e3o em processo. \u201cVamos contar com uma equipe que vai coletar \u00e1gua das bacias de riachos, c\u00f3rregos e de lugares estrat\u00e9gicos da Serra para verificar qualidade e quantidade da \u00e1gua, quais os impactos e as poss\u00edveis a\u00e7\u00f5es de melhorias\u201d, adianta a gerente t\u00e9cnica do projeto Olhos da Serra, Raquel Melillo. E tamb\u00e9m ser\u00e1 realizado um trabalho junto \u00e0s pessoas do entorno, para entender as suas reais necessidades. \u201cNosso objetivo \u00e9 fazer um trabalho de educa\u00e7\u00e3o ambiental para designar l\u00edderes comunit\u00e1rios que possam reproduzir os conhecimentos da Serra do Japi\u201d, completa.<\/p>\n\n\n\n<p>Raquel tamb\u00e9m conta que h\u00e1 um projeto em a\u00e7\u00e3o com c\u00e2meras em pontos estrat\u00e9gicos na Serra. \u201cCom este monitoramento ser\u00e1 poss\u00edvel contar o n\u00famero de pessoas, carros e bicicletas que circulam na Serra e na Reserva Biol\u00f3gica. Ter esse fluxo \u00e9 importante para que possamos entender tamb\u00e9m o impacto dos transeuntes naquela regi\u00e3o\u201d, finaliza.<\/p>\n\n\n\n<p><strong>Sobre o Projeto Olhos da Serra<\/strong><\/p>\n\n\n\n<p>O projeto Olhos da Serra tem como objetivo sensibilizar moradores, comunidade local, \u00f3rg\u00e3os gestores e turistas sobre a import\u00e2ncia da conserva\u00e7\u00e3o da Serra do Japi (Jundia\u00ed\/SP), territ\u00f3rio caracterizado por sua relevante biodiversidade e riqueza h\u00eddrica. As a\u00e7\u00f5es desenvolvidas visam tamb\u00e9m incentivar os moradores a colaborar com as a\u00e7\u00f5es de monitoramento e fiscaliza\u00e7\u00e3o, por meio de um canal de comunica\u00e7\u00e3o gerenciado pela Associa\u00e7\u00e3o dos Amigos dos Bairros de Santa Clara, Vargem Grande, Caguassu e Paiol Velho (SAB Santa Clara).<\/p>\n\n\n\n<p>O projeto est\u00e1 sendo conduzido pelo Cons\u00f3rcio Intermunicipal das Bacias dos Rios Piracicaba, Capivari e Jundia\u00ed (Cons\u00f3rcio PCJ) e a Associa\u00e7\u00e3o dos Amigos dos Bairros de Santa Clara, Vargem Grande, Caguassu e Paiol Velho (SAB Santa Clara), com o patroc\u00ednio da Coca-Cola Foundation. Tamb\u00e9m apoiam a iniciativa a Prefeitura Municipal de Jundia\u00ed, a Coca-Cola FEMSA Brasil, a Coca-Cola Brasil, a Funda\u00e7\u00e3o Serra do Japi, a DAE Jundia\u00ed e a Global Environment &amp; Technology Foundation (GETF).<\/p>\n\n\n\n<p><strong><em>(Fonte\/Imagem: Projeto Olhos da Serra)<\/em><\/strong><\/p>\n\n\n\n<p><\/p>\n","protected":false},"excerpt":{"rendered":"<p>Uma das estrat\u00e9gias do Olhos da Serra \u00e9 contribuir com o combate ao desmatamento e queimadas.<\/p>\n","protected":false},"author":27,"featured_media":95872,"comment_status":"closed","ping_status":"0","sticky":false,"template":"","format":"standard","meta":{"footnotes":""},"categories":[8356],"tags":[],"class_list":["post-95870","post","type-post","status-publish","format-standard","has-post-thumbnail","hentry","category-jundiai"],"_links":{"self":[{"href":"https:\/\/tvtecjundiai.com.br\/news\/wp-json\/wp\/v2\/posts\/95870","targetHints":{"allow":["GET"]}}],"collection":[{"href":"https:\/\/tvtecjundiai.com.br\/news\/wp-json\/wp\/v2\/posts"}],"about":[{"href":"https:\/\/tvtecjundiai.com.br\/news\/wp-json\/wp\/v2\/types\/post"}],"author":[{"embeddable":true,"href":"https:\/\/tvtecjundiai.com.br\/news\/wp-json\/wp\/v2\/users\/27"}],"replies":[{"embeddable":true,"href":"https:\/\/tvtecjundiai.com.br\/news\/wp-json\/wp\/v2\/comments?post=95870"}],"version-history":[{"count":1,"href":"https:\/\/tvtecjundiai.com.br\/news\/wp-json\/wp\/v2\/posts\/95870\/revisions"}],"predecessor-version":[{"id":95873,"href":"https:\/\/tvtecjundiai.com.br\/news\/wp-json\/wp\/v2\/posts\/95870\/revisions\/95873"}],"wp:featuredmedia":[{"embeddable":true,"href":"https:\/\/tvtecjundiai.com.br\/news\/wp-json\/wp\/v2\/media\/95872"}],"wp:attachment":[{"href":"https:\/\/tvtecjundiai.com.br\/news\/wp-json\/wp\/v2\/media?parent=95870"}],"wp:term":[{"taxonomy":"category","embeddable":true,"href":"https:\/\/tvtecjundiai.com.br\/news\/wp-json\/wp\/v2\/categories?post=95870"},{"taxonomy":"post_tag","embeddable":true,"href":"https:\/\/tvtecjundiai.com.br\/news\/wp-json\/wp\/v2\/tags?post=95870"}],"curies":[{"name":"wp","href":"https:\/\/api.w.org\/{rel}","templated":true}]}}