{"id":95918,"date":"2022-07-18T09:11:13","date_gmt":"2022-07-18T12:11:13","guid":{"rendered":"https:\/\/tvtecjundiai.com.br\/news\/?p=95918"},"modified":"2022-07-18T09:11:17","modified_gmt":"2022-07-18T12:11:17","slug":"programa-pe-de-arvore-promove-plantio-de-mudas-na-vila-progresso","status":"publish","type":"post","link":"https:\/\/tvtecjundiai.com.br\/news\/2022\/07\/18\/programa-pe-de-arvore-promove-plantio-de-mudas-na-vila-progresso\/","title":{"rendered":"Programa P\u00e9 de \u00c1rvore promove plantio de mudas na Vila Progresso"},"content":{"rendered":"\n<p>Morador da Vila Progresso, o senhor Osvaldo Moreira J\u00fanior sentiu falta de mais \u00e1rvores no seu bairro, conheceu o programa P\u00e9 de \u00c1rvore e fez uma solicita\u00e7\u00e3o para o Departamento de Urbanismo da Unidade de Gest\u00e3o de Planejamento Urbano e Meio Ambiente (UGPUMA) para receber o plantio em sua rua.<\/p>\n\n\n\n<p>\u201cH\u00e1 algum tempo sinto falta de mais \u00e1rvores aqui no bairro (Vila Progresso). Conheci o programa pelas divulga\u00e7\u00f5es da Prefeitura e fiz o processo necess\u00e1rio, inclusive colhendo as assinaturas dos vizinhos. Foi tudo muito simples. As \u00e1rvores foram plantadas na \u00faltima semana e agora vamos ajudar com a rega e cuidados. Eu fiz minha parte para ter uma Vila Progresso mais arborizada\u201d, contou o mun\u00edcipe.<\/p>\n\n\n\n<p>No trecho da rua onde o senhor Osvaldo mora foram plantadas sete novas mudas, sendo duas de ip\u00ea roxo e cinco de ip\u00ea branco. \u201cAqui vai ficar muito bonito quando elas come\u00e7arem a florir\u201d, lembrou Osvaldo.<\/p>\n\n\n\n<figure class=\"wp-block-image\"><img decoding=\"async\" src=\"https:\/\/jundiai.sp.gov.br\/noticias\/wp-content\/uploads\/sites\/32\/2022\/07\/pe-de-arvore-vila-progresso-3.jpeg\" alt=\"DESCRI\u00c7\u00c3O DA IMAGEM\nHomem est\u00e1 atr\u00e1s de uma muda de \u00e1rvore, plantada em cal\u00e7ada de rua com casas. \" class=\"wp-image-297069\" \/><figcaption>Osvaldo solicitou o plantio de mudas na rua onde mora<\/figcaption><\/figure>\n\n\n\n<p>O Programa P\u00e9 de \u00c1rvore \u00e9 realizado em parceria com a Unidade de Gest\u00e3o de Infraestrutura e Servi\u00e7os P\u00fablicos (UGISP) \u2013 Unidam e Jardim Bot\u00e2nico \u2013 e tem como objetivo melhorar a qualidade ambiental e paisag\u00edstica dos espa\u00e7os urbanos, contribuir para a redu\u00e7\u00e3o da polui\u00e7\u00e3o do ar, sonora e visual, favorecer a sa\u00fade f\u00edsica e mental da popula\u00e7\u00e3o. O plantio de mais \u00e1rvores tamb\u00e9m atende aos Objetivos de Desenvolvimento Sustent\u00e1vel definidos pela ONU (Agenda 2030).<\/p>\n\n\n\n<p>\u201cO P\u00e9 de \u00c1rvore promove a arboriza\u00e7\u00e3o urbana a partir da participa\u00e7\u00e3o dos mun\u00edcipes, tanto no pedido das \u00e1rvores, quanto no cuidado com as mudas ap\u00f3s o plantio. O pr\u00f3prio programa foi criado a partir de um processo de escuta a crian\u00e7as e pais durante a elabora\u00e7\u00e3o do Plano de Bairro Novo Horizonte, quando 86% dos entrevistados disseram que o bairro deveria ter mais \u00e1rvores, e 72% gostariam que uma \u00e1rvore fosse plantada em frente \u00e0 pr\u00f3pria casa. Al\u00e9m de deixar as ruas mais bonitas e o clima mais ameno, a arboriza\u00e7\u00e3o de cal\u00e7adas promove o sombreamento dos caminhos e estimula que crian\u00e7as e adultos andem mais a p\u00e9, ampliando os benef\u00edcios do programa\u201d, explicou a diretora de Urbanismo, Sylvia Angelini.&nbsp;<\/p>\n\n\n\n<figure class=\"wp-block-image\"><img decoding=\"async\" src=\"https:\/\/jundiai.sp.gov.br\/noticias\/wp-content\/uploads\/sites\/32\/2022\/07\/pe-de-arvore-vila-progresso-2-1170x960.jpeg\" alt=\"DESCRI\u00c7\u00c3O DA IMAGEM\nhomens est\u00e3o abrindo uma cova para plantio de muda de \u00e1rvore em cal\u00e7ada\" class=\"wp-image-297070\" \/><figcaption>Programa \u00e9 promovido em parceria com a Unidam e Jardim Bot\u00e2nico<\/figcaption><\/figure>\n\n\n\n<p>As \u00e1rvores s\u00e3o plantadas em frente aos im\u00f3veis dos propriet\u00e1rios que autorizaram e se comprometeram a fazer a manuten\u00e7\u00e3o necess\u00e1ria. Os interessados em receber \u00e1rvores em frente ao seu im\u00f3vel podem fazer a solicita\u00e7\u00e3o digital, pelo e-mail urbanismo@jundiai.sp.gov.br. A prepara\u00e7\u00e3o do local, plantio das mudas e instala\u00e7\u00e3o de gradil para prote\u00e7\u00e3o e de placa de identifica\u00e7\u00e3o das \u00e1rvores ficam sob responsabilidade das unidades da prefeitura, o mun\u00edcipe deve se comprometer a cuidar das mudas e informar sobre eventuais problemas com as \u00e1rvores.\u00a0<\/p>\n\n\n\n<p><strong><em>(Fonte\/Imagem: Prefeitura de Jundia\u00ed)<\/em><\/strong><\/p>\n","protected":false},"excerpt":{"rendered":"<p>O Programa P\u00e9 de \u00c1rvore tem objetivo de  melhorar a qualidade ambiental e paisag\u00edstica dos espa\u00e7os urbanos.<\/p>\n","protected":false},"author":27,"featured_media":95919,"comment_status":"closed","ping_status":"0","sticky":false,"template":"","format":"standard","meta":{"footnotes":""},"categories":[8356],"tags":[],"class_list":["post-95918","post","type-post","status-publish","format-standard","has-post-thumbnail","hentry","category-jundiai"],"_links":{"self":[{"href":"https:\/\/tvtecjundiai.com.br\/news\/wp-json\/wp\/v2\/posts\/95918","targetHints":{"allow":["GET"]}}],"collection":[{"href":"https:\/\/tvtecjundiai.com.br\/news\/wp-json\/wp\/v2\/posts"}],"about":[{"href":"https:\/\/tvtecjundiai.com.br\/news\/wp-json\/wp\/v2\/types\/post"}],"author":[{"embeddable":true,"href":"https:\/\/tvtecjundiai.com.br\/news\/wp-json\/wp\/v2\/users\/27"}],"replies":[{"embeddable":true,"href":"https:\/\/tvtecjundiai.com.br\/news\/wp-json\/wp\/v2\/comments?post=95918"}],"version-history":[{"count":1,"href":"https:\/\/tvtecjundiai.com.br\/news\/wp-json\/wp\/v2\/posts\/95918\/revisions"}],"predecessor-version":[{"id":95920,"href":"https:\/\/tvtecjundiai.com.br\/news\/wp-json\/wp\/v2\/posts\/95918\/revisions\/95920"}],"wp:featuredmedia":[{"embeddable":true,"href":"https:\/\/tvtecjundiai.com.br\/news\/wp-json\/wp\/v2\/media\/95919"}],"wp:attachment":[{"href":"https:\/\/tvtecjundiai.com.br\/news\/wp-json\/wp\/v2\/media?parent=95918"}],"wp:term":[{"taxonomy":"category","embeddable":true,"href":"https:\/\/tvtecjundiai.com.br\/news\/wp-json\/wp\/v2\/categories?post=95918"},{"taxonomy":"post_tag","embeddable":true,"href":"https:\/\/tvtecjundiai.com.br\/news\/wp-json\/wp\/v2\/tags?post=95918"}],"curies":[{"name":"wp","href":"https:\/\/api.w.org\/{rel}","templated":true}]}}