{"id":95921,"date":"2022-07-18T10:56:17","date_gmt":"2022-07-18T13:56:17","guid":{"rendered":"https:\/\/tvtecjundiai.com.br\/news\/?p=95921"},"modified":"2022-07-18T10:56:23","modified_gmt":"2022-07-18T13:56:23","slug":"a-dupla-de-palhacos-patati-patata-se-apresenta-em-jundiai","status":"publish","type":"post","link":"https:\/\/tvtecjundiai.com.br\/news\/2022\/07\/18\/a-dupla-de-palhacos-patati-patata-se-apresenta-em-jundiai\/","title":{"rendered":"A dupla de palha\u00e7os Patati Patat\u00e1 se apresenta em Jundia\u00ed"},"content":{"rendered":"\n<p>A dupla de palha\u00e7os mais conhecida e amada da Am\u00e9rica Latina estar\u00e1 em cartaz no Teatro Polytheama, em Jundia\u00ed, neste domingo (25), \u00e0s 15h com o espet\u00e1culo \u201cSorrir &amp; Brincar\u201d. Ao longo de 70 minutos de apresenta\u00e7\u00e3o, Patati e Patat\u00e1 trazem ao palco m\u00fasicas do repert\u00f3rio pr\u00f3prio, como \u201cDan\u00e7a do Macaco\u201d, \u201cL\u00f4ro\u201d e \u201cRonco do Vov\u00f4\u201d, cl\u00e1ssicos do cancioneiro infantil, como \u201cTindolel\u00ea\u201d, \u201cPiu\u00ed Abacaxi\u201d e \u201cUrsinho Pimp\u00e3o\u201d, e outros sucessos que fazem a alegria das crian\u00e7as. Os ingressos custam R$ 40,00 (meia-entrada) e R$ 80,00 (inteira) e podem ser adquiridos na bilheteria do Teatro (Rua Bar\u00e3o de Jundia\u00ed, n\u00ba 176) ou no site&nbsp;<a href=\"http:\/\/www.sympla.com.br\/\" target=\"_blank\" rel=\"noreferrer noopener\">www.sympla.com.br<\/a>. Informa\u00e7\u00f5es no site&nbsp;<a href=\"http:\/\/www.teatrogt.com.br\/\" target=\"_blank\" rel=\"noreferrer noopener\">www.teatrogt.com.br<\/a>.<\/p>\n\n\n\n<p>No palco, os palha\u00e7os t\u00eam a companhia de dan\u00e7arinos em um cen\u00e1rio colorido e l\u00fadico. Al\u00e9m das can\u00e7\u00f5es, fazem brincadeiras, convidam a plateia para interagir por meio de buzinas e far\u00f3is.\u00a0 Patati Patat\u00e1 surgiu em 1983 como um grupo de artistas circenses, liderado por Rinaldi Faria que, junto com seu irm\u00e3o, formava a dupla de palha\u00e7os. O sucesso veio em 2010, ap\u00f3s mais de duas d\u00e9cadas se apresentando em circos e TVs. O \u00e1lbum \u201cBrincando com Patati e Patat\u00e1\u201d, produzido pela Som Livre, vendeu mais de 300 mil c\u00f3pias. Os palha\u00e7os foram contratados pelo SBT para apresentar o programa \u201cCarrossel Animado\u201d, em abril de 2011. Um m\u00eas depois, o programa estreou com um cen\u00e1rio repaginado e passou a ser denominado \u201cCarrossel Animado com Patati e Patat\u00e1\u201d. Desde ent\u00e3o, a dupla fez turn\u00eas pela Am\u00e9rica Latina e Europa e j\u00e1 lan\u00e7ou 15 \u00e1lbuns de est\u00fadio, quatro compila\u00e7\u00f5es, seis \u00e1lbuns em espanhol, mais de 200 videoclipes, um EP e nove singles.<\/p>\n\n\n\n<figure class=\"wp-block-image size-full\"><img loading=\"lazy\" decoding=\"async\" width=\"1000\" height=\"667\" src=\"https:\/\/tvtecjundiai.com.br\/news\/wp-content\/uploads\/sites\/2\/2022\/07\/3.jpg\" alt=\"\" class=\"wp-image-95924\" srcset=\"https:\/\/tvtecjundiai.com.br\/news\/wp-content\/uploads\/sites\/2\/2022\/07\/3.jpg 1000w, https:\/\/tvtecjundiai.com.br\/news\/wp-content\/uploads\/sites\/2\/2022\/07\/3-300x200.jpg 300w, https:\/\/tvtecjundiai.com.br\/news\/wp-content\/uploads\/sites\/2\/2022\/07\/3-768x512.jpg 768w\" sizes=\"auto, (max-width: 1000px) 100vw, 1000px\" \/><figcaption>Foto: Divulga\u00e7\u00e3o\/internet<\/figcaption><\/figure>\n\n\n\n<p><strong>Servi\u00e7o<\/strong><\/p>\n\n\n\n<p><strong>Patati Patat\u00e1 &#8211; \u201cSorrir e brincar\u201d<\/strong><\/p>\n\n\n\n<p>G\u00eanero: Infantil<\/p>\n\n\n\n<p>Data:24 de julho, domingo<\/p>\n\n\n\n<p>Hor\u00e1rio: \u00e0s 15 h<\/p>\n\n\n\n<p>Local: Teatro Polytheama &#8211; Rua Bar\u00e3o de Jundia\u00ed, n\u00b0 176- Jundia\u00ed<\/p>\n\n\n\n<p>Ingressos: R$ 40,00 (meia-entrada) e R$ 80,00 (inteira)<\/p>\n\n\n\n<p>Vendas: nas bilheterias do teatro e no site&nbsp;<a href=\"http:\/\/www.sympla.com.br\/\" target=\"_blank\" rel=\"noreferrer noopener\">www.sympla.com.br<\/a><\/p>\n\n\n\n<p>Informa\u00e7\u00f5es:&nbsp;<a href=\"http:\/\/www.teatrogt.com.br\/\" target=\"_blank\" rel=\"noreferrer noopener\">www.teatrogt.com.br<\/a><\/p>\n\n\n\n<p>Classifica\u00e7\u00e3o et\u00e1ria: 12 anos<\/p>\n\n\n\n<p><strong><em>(Fonte: Ateli\u00ea da Not\u00edcia\/ Imagem: Divulga\u00e7\u00e3o\/internet)<\/em><\/strong><\/p>\n","protected":false},"excerpt":{"rendered":"<p>A dupla de palha\u00e7os estar\u00e1 em cartaz no Teatro Polytheama, neste domingo (25), \u00e0s 15h com o espet\u00e1culo \u201cSorrir &amp; Brincar\u201d. <\/p>\n","protected":false},"author":27,"featured_media":95925,"comment_status":"closed","ping_status":"0","sticky":false,"template":"","format":"standard","meta":{"footnotes":""},"categories":[8356,8354],"tags":[],"class_list":["post-95921","post","type-post","status-publish","format-standard","has-post-thumbnail","hentry","category-jundiai","category-lazer"],"_links":{"self":[{"href":"https:\/\/tvtecjundiai.com.br\/news\/wp-json\/wp\/v2\/posts\/95921","targetHints":{"allow":["GET"]}}],"collection":[{"href":"https:\/\/tvtecjundiai.com.br\/news\/wp-json\/wp\/v2\/posts"}],"about":[{"href":"https:\/\/tvtecjundiai.com.br\/news\/wp-json\/wp\/v2\/types\/post"}],"author":[{"embeddable":true,"href":"https:\/\/tvtecjundiai.com.br\/news\/wp-json\/wp\/v2\/users\/27"}],"replies":[{"embeddable":true,"href":"https:\/\/tvtecjundiai.com.br\/news\/wp-json\/wp\/v2\/comments?post=95921"}],"version-history":[{"count":1,"href":"https:\/\/tvtecjundiai.com.br\/news\/wp-json\/wp\/v2\/posts\/95921\/revisions"}],"predecessor-version":[{"id":95926,"href":"https:\/\/tvtecjundiai.com.br\/news\/wp-json\/wp\/v2\/posts\/95921\/revisions\/95926"}],"wp:featuredmedia":[{"embeddable":true,"href":"https:\/\/tvtecjundiai.com.br\/news\/wp-json\/wp\/v2\/media\/95925"}],"wp:attachment":[{"href":"https:\/\/tvtecjundiai.com.br\/news\/wp-json\/wp\/v2\/media?parent=95921"}],"wp:term":[{"taxonomy":"category","embeddable":true,"href":"https:\/\/tvtecjundiai.com.br\/news\/wp-json\/wp\/v2\/categories?post=95921"},{"taxonomy":"post_tag","embeddable":true,"href":"https:\/\/tvtecjundiai.com.br\/news\/wp-json\/wp\/v2\/tags?post=95921"}],"curies":[{"name":"wp","href":"https:\/\/api.w.org\/{rel}","templated":true}]}}