{"id":95932,"date":"2022-07-18T15:27:12","date_gmt":"2022-07-18T18:27:12","guid":{"rendered":"https:\/\/tvtecjundiai.com.br\/news\/?p=95932"},"modified":"2022-07-19T09:21:21","modified_gmt":"2022-07-19T12:21:21","slug":"jundiai-perde-pedro-rosario-do-bidu-lanches%ef%bf%bc","status":"publish","type":"post","link":"https:\/\/tvtecjundiai.com.br\/news\/2022\/07\/18\/jundiai-perde-pedro-rosario-do-bidu-lanches%ef%bf%bc\/","title":{"rendered":"Jundia\u00ed perde Pedro Ros\u00e1rio, do Bidu Lanches"},"content":{"rendered":"\n<p>Morreu na noite deste domingo (17), uma figura muito conhecida e querida pelos moradores de Jundia\u00ed, Pedro Ros\u00e1rio Rodrigues. Conhecido como Pedro do Bidu Lanches, aos 81 anos ele lutava contra um c\u00e2ncer.<\/p>\n\n\n\n<figure class=\"wp-block-image\"><img decoding=\"async\" src=\"https:\/\/tribunadejundiai.com.br\/wp-content\/uploads\/2022\/07\/Pedro-do-Bidu-Lanches.jpg\" alt=\"\" \/><figcaption>Pedro Ros\u00e1rio Rodrigues (Foto: Reprodu\u00e7\u00e3o Facebook)<\/figcaption><\/figure>\n\n\n\n<p>O vel\u00f3rio come\u00e7ou \u00e0s 13h no centro e o sepultamento foi no Cemit\u00e9rio Nossa Senhora do Desterro.<\/p>\n\n\n\n<p>A neta de Pedro, Raili Nunes, publicou uma homenagem de despedida nas redes sociais \u201c[\u2026] o que nos conforta \u00e9 que o senhor parou de sofrer. Vou te amar para todo sempre, continua cuidando de n\u00f3s a\u00ed de cima\u201d.<\/p>\n\n\n\n<p>Pedro come\u00e7ou vendendo lanches de cachorro quente em 13 de agosto de 1991, junto com sua filha Sanda de Almeida Rodrigues.<\/p>\n\n\n<div class=\"wp-block-image\">\n<figure class=\"aligncenter\"><img decoding=\"async\" src=\"https:\/\/tribunadejundiai.com.br\/wp-content\/uploads\/2022\/07\/Pedro-do-lanche-do-Bidu.jpeg\" alt=\"\" class=\"wp-image-116513\" \/><figcaption>(Foto: Arquivo pessoal)<\/figcaption><\/figure>\n<\/div>\n\n\n<p>Ele deixa a esposa, 4 filhos, 11 netos e 5 bisnetos.<\/p>\n\n\n\n<p><strong><em>(Fonte: Tribuna Jundia\u00ed\/ Imagem: arquivo pessoal\/reprodu\u00e7\u00e3o\/internet)<\/em><\/strong><\/p>\n","protected":false},"excerpt":{"rendered":"<p>Pedro come\u00e7ou vendendo lanches de cachorro quente em 13 de agosto de 1991, junto com sua filha.<\/p>\n","protected":false},"author":27,"featured_media":95933,"comment_status":"closed","ping_status":"0","sticky":false,"template":"","format":"standard","meta":{"footnotes":""},"categories":[8356],"tags":[],"class_list":["post-95932","post","type-post","status-publish","format-standard","has-post-thumbnail","hentry","category-jundiai"],"_links":{"self":[{"href":"https:\/\/tvtecjundiai.com.br\/news\/wp-json\/wp\/v2\/posts\/95932","targetHints":{"allow":["GET"]}}],"collection":[{"href":"https:\/\/tvtecjundiai.com.br\/news\/wp-json\/wp\/v2\/posts"}],"about":[{"href":"https:\/\/tvtecjundiai.com.br\/news\/wp-json\/wp\/v2\/types\/post"}],"author":[{"embeddable":true,"href":"https:\/\/tvtecjundiai.com.br\/news\/wp-json\/wp\/v2\/users\/27"}],"replies":[{"embeddable":true,"href":"https:\/\/tvtecjundiai.com.br\/news\/wp-json\/wp\/v2\/comments?post=95932"}],"version-history":[{"count":2,"href":"https:\/\/tvtecjundiai.com.br\/news\/wp-json\/wp\/v2\/posts\/95932\/revisions"}],"predecessor-version":[{"id":95968,"href":"https:\/\/tvtecjundiai.com.br\/news\/wp-json\/wp\/v2\/posts\/95932\/revisions\/95968"}],"wp:featuredmedia":[{"embeddable":true,"href":"https:\/\/tvtecjundiai.com.br\/news\/wp-json\/wp\/v2\/media\/95933"}],"wp:attachment":[{"href":"https:\/\/tvtecjundiai.com.br\/news\/wp-json\/wp\/v2\/media?parent=95932"}],"wp:term":[{"taxonomy":"category","embeddable":true,"href":"https:\/\/tvtecjundiai.com.br\/news\/wp-json\/wp\/v2\/categories?post=95932"},{"taxonomy":"post_tag","embeddable":true,"href":"https:\/\/tvtecjundiai.com.br\/news\/wp-json\/wp\/v2\/tags?post=95932"}],"curies":[{"name":"wp","href":"https:\/\/api.w.org\/{rel}","templated":true}]}}