{"id":95969,"date":"2022-07-19T09:51:17","date_gmt":"2022-07-19T12:51:17","guid":{"rendered":"https:\/\/tvtecjundiai.com.br\/news\/?p=95969"},"modified":"2022-07-19T09:51:17","modified_gmt":"2022-07-19T12:51:17","slug":"podtrampo-prefeitura-de-jundiai-rede-accor-alicerce-educacao-e-tvtec-promovem-capacitacao-no-setor-hoteleiro","status":"publish","type":"post","link":"https:\/\/tvtecjundiai.com.br\/news\/2022\/07\/19\/podtrampo-prefeitura-de-jundiai-rede-accor-alicerce-educacao-e-tvtec-promovem-capacitacao-no-setor-hoteleiro\/","title":{"rendered":"PodTrampo: Prefeitura de Jundia\u00ed, Rede ACCOR, ALICERCE Educa\u00e7\u00e3o e TVTEC promovem capacita\u00e7\u00e3o no setor hoteleiro"},"content":{"rendered":"\n<p>O 11\u00b0 epis\u00f3dio do PodTrampo, podcast da TVTEC Jundia\u00ed sobre empregabilidade, mercado de trabalho e empreendedorismo, teve como convidados o subgerente da Rede ACCOR, Renato Simo, e o gestor de projetos da ALICERCE Educa\u00e7\u00e3o, Natanael Soares.<\/p>\n\n\n\n<p>Apresentado pela jornalista Tayana Konrath, o bate-papo serviu para apresentar a <a href=\"https:\/\/tvtecjundiai.com.br\/news\/2022\/07\/15\/prefeitura-de-jundiai-e-rede-accor-por-meio-da-tvtec-e-alicerce-educacao-lancam-parceria-para-capacitacao-no-setor-hoteleiro\/\" data-type=\"URL\" data-id=\"https:\/\/tvtecjundiai.com.br\/news\/2022\/07\/15\/prefeitura-de-jundiai-e-rede-accor-por-meio-da-tvtec-e-alicerce-educacao-lancam-parceria-para-capacitacao-no-setor-hoteleiro\/\">nova parceria da Prefeitura de Jundia\u00ed, por meio da TVTEC, junto com a Rede ACCOR e a ALICERCE Educa\u00e7\u00e3o<\/a>, que tem como objetivo gerar oportunidades e capacita\u00e7\u00e3o para o setor hoteleiro.<\/p>\n\n\n<div class=\"wp-block-image\">\n<figure class=\"aligncenter size-large is-resized\"><img loading=\"lazy\" decoding=\"async\" src=\"https:\/\/tvtecjundiai.com.br\/news\/wp-content\/uploads\/sites\/2\/2022\/07\/WhatsApp-Image-2022-07-19-at-09.46.27-1200x900.jpeg\" alt=\"\" class=\"wp-image-95974\" width=\"746\" height=\"560\" srcset=\"https:\/\/tvtecjundiai.com.br\/news\/wp-content\/uploads\/sites\/2\/2022\/07\/WhatsApp-Image-2022-07-19-at-09.46.27-1200x900.jpeg 1200w, https:\/\/tvtecjundiai.com.br\/news\/wp-content\/uploads\/sites\/2\/2022\/07\/WhatsApp-Image-2022-07-19-at-09.46.27-300x225.jpeg 300w, https:\/\/tvtecjundiai.com.br\/news\/wp-content\/uploads\/sites\/2\/2022\/07\/WhatsApp-Image-2022-07-19-at-09.46.27-768x576.jpeg 768w, https:\/\/tvtecjundiai.com.br\/news\/wp-content\/uploads\/sites\/2\/2022\/07\/WhatsApp-Image-2022-07-19-at-09.46.27.jpeg 1280w\" sizes=\"auto, (max-width: 746px) 100vw, 746px\" \/><\/figure>\n<\/div>\n\n\n<p>As inscri\u00e7\u00f5es para a capacita\u00e7\u00e3o j\u00e1 est\u00e3o abertas no\u00a0<a href=\"https:\/\/docs.google.com\/forms\/d\/e\/1FAIpQLSeTXc1rfSwDbZzerbZo4KPpWIByPKFx3fypnd5BV9JMLSA5Zg\/viewform\">site<\/a>.\u00a0Ao todo, a iniciativa vai oferecer 20 vagas e os interessados devem ter mais de 18 anos. As aulas ser\u00e3o realizadas de segunda \u00e0 sexta-feira, no per\u00edodo matutino, e t\u00eam in\u00edcio no dia 9 de agosto, data de anivers\u00e1rio da funda\u00e7\u00e3o, com previs\u00e3o de t\u00e9rmino no m\u00eas de dezembro.<\/p>\n\n\n<div class=\"wp-block-image\">\n<figure class=\"aligncenter size-full is-resized\"><img loading=\"lazy\" decoding=\"async\" src=\"https:\/\/tvtecjundiai.com.br\/news\/wp-content\/uploads\/sites\/2\/2022\/07\/Flyer-Accor-1-1_pages-to-jpg-0001-678x960-1.jpg\" alt=\"\" class=\"wp-image-95975\" width=\"549\" height=\"777\" srcset=\"https:\/\/tvtecjundiai.com.br\/news\/wp-content\/uploads\/sites\/2\/2022\/07\/Flyer-Accor-1-1_pages-to-jpg-0001-678x960-1.jpg 678w, https:\/\/tvtecjundiai.com.br\/news\/wp-content\/uploads\/sites\/2\/2022\/07\/Flyer-Accor-1-1_pages-to-jpg-0001-678x960-1-300x425.jpg 300w\" sizes=\"auto, (max-width: 549px) 100vw, 549px\" \/><\/figure>\n<\/div>\n\n\n<p>O podcast foi ao ar nesta ter\u00e7a-feira (19), \u00e0s 9h, com transmiss\u00e3o pelo Facebook e YouTube da TVTEC Jundia\u00ed. Para ouvir depois, \u00e9 poss\u00edvel acompanhar o PodTrampo a qualquer hora pelas plataformas de m\u00fasica.<\/p>\n\n\n\n<p><strong>PodTrampo \u2013 O podcast sobre empregabilidade da TVTEC Jundia\u00ed<\/strong><\/p>\n\n\n\n<p><a href=\"https:\/\/www.facebook.com\/tvtecjundiai\/videos\/1689491294769344\" data-type=\"URL\" data-id=\"https:\/\/www.facebook.com\/tvtecjundiai\/videos\/1689491294769344\">Assista no Facebook<\/a><\/p>\n\n\n\n<p><a href=\"https:\/\/www.youtube.com\/watch?v=2uSwAmSZBHg\" data-type=\"URL\" data-id=\"https:\/\/www.youtube.com\/watch?v=2uSwAmSZBHg\">Assista no YouTube<\/a><\/p>\n\n\n\n<p><a href=\"https:\/\/open.spotify.com\/show\/7z6svX7eOSDP0ro1CLadv9\">Ou\u00e7a no Spotify<\/a><\/p>\n\n\n\n<p><a href=\"https:\/\/www.deezer.com\/br\/show\/3705277\">Ou\u00e7a no Deezer<\/a><\/p>\n\n\n\n<p><a href=\"https:\/\/podcasts.apple.com\/br\/podcast\/podtrampo\/id1624539227\">Ou\u00e7a no iTunes<\/a><\/p>\n\n\n\n<p><strong><em>(Fonte\/Imagens: TVTEC Jundia\u00ed)<\/em><\/strong><\/p>\n","protected":false},"excerpt":{"rendered":"<p>Inscri\u00e7\u00f5es para participar da iniciativa j\u00e1 est\u00e3o abertas e as aulas come\u00e7am no dia 9 de agosto<\/p>\n","protected":false},"author":30,"featured_media":95974,"comment_status":"closed","ping_status":"0","sticky":false,"template":"","format":"standard","meta":{"footnotes":""},"categories":[8356,1],"tags":[],"class_list":["post-95969","post","type-post","status-publish","format-standard","has-post-thumbnail","hentry","category-jundiai","category-noticias"],"_links":{"self":[{"href":"https:\/\/tvtecjundiai.com.br\/news\/wp-json\/wp\/v2\/posts\/95969","targetHints":{"allow":["GET"]}}],"collection":[{"href":"https:\/\/tvtecjundiai.com.br\/news\/wp-json\/wp\/v2\/posts"}],"about":[{"href":"https:\/\/tvtecjundiai.com.br\/news\/wp-json\/wp\/v2\/types\/post"}],"author":[{"embeddable":true,"href":"https:\/\/tvtecjundiai.com.br\/news\/wp-json\/wp\/v2\/users\/30"}],"replies":[{"embeddable":true,"href":"https:\/\/tvtecjundiai.com.br\/news\/wp-json\/wp\/v2\/comments?post=95969"}],"version-history":[{"count":1,"href":"https:\/\/tvtecjundiai.com.br\/news\/wp-json\/wp\/v2\/posts\/95969\/revisions"}],"predecessor-version":[{"id":95976,"href":"https:\/\/tvtecjundiai.com.br\/news\/wp-json\/wp\/v2\/posts\/95969\/revisions\/95976"}],"wp:featuredmedia":[{"embeddable":true,"href":"https:\/\/tvtecjundiai.com.br\/news\/wp-json\/wp\/v2\/media\/95974"}],"wp:attachment":[{"href":"https:\/\/tvtecjundiai.com.br\/news\/wp-json\/wp\/v2\/media?parent=95969"}],"wp:term":[{"taxonomy":"category","embeddable":true,"href":"https:\/\/tvtecjundiai.com.br\/news\/wp-json\/wp\/v2\/categories?post=95969"},{"taxonomy":"post_tag","embeddable":true,"href":"https:\/\/tvtecjundiai.com.br\/news\/wp-json\/wp\/v2\/tags?post=95969"}],"curies":[{"name":"wp","href":"https:\/\/api.w.org\/{rel}","templated":true}]}}