{"id":95977,"date":"2022-07-19T11:14:52","date_gmt":"2022-07-19T14:14:52","guid":{"rendered":"https:\/\/tvtecjundiai.com.br\/news\/?p=95977"},"modified":"2022-07-19T11:14:57","modified_gmt":"2022-07-19T14:14:57","slug":"hospital-sao-vicente-abre-inscricoes-para-semana-da-psicologia-2022","status":"publish","type":"post","link":"https:\/\/tvtecjundiai.com.br\/news\/2022\/07\/19\/hospital-sao-vicente-abre-inscricoes-para-semana-da-psicologia-2022\/","title":{"rendered":"<strong>Hospital S\u00e3o Vicente abre inscri\u00e7\u00f5es para Semana da Psicologia 2022<\/strong>"},"content":{"rendered":"\n<p>No pr\u00f3ximo m\u00eas, os estudantes e profissionais da \u00e1rea de psicologia contar\u00e3o com um evento todo voltado para a profiss\u00e3o. A equipe de psicologia do Hospital de Caridade S\u00e3o Vicente de Paulo (HSV), realiza de 22 a 26 de agosto a Semana da Psicologia 2022 &#8211; Pr\u00e1ticas e Reflex\u00f5es em Psicologia Hospitalar. Com programa\u00e7\u00e3o para o p\u00fablico interno e externo, as palestras ser\u00e3o realizadas no Anfiteatro da Faculdade UniAnchieta.<\/p>\n\n\n\n<p>Dentre os temas que ser\u00e3o abordados est\u00e3o a atua\u00e7\u00e3o da psicologia nos cuidados paliativos, delirium em unidade de terapia intensiva, interven\u00e7\u00e3o do psic\u00f3logo na unidade coronariana, sa\u00fade mental dos profissionais da sa\u00fade, atendimento psicol\u00f3gico na interna\u00e7\u00e3o domiciliar, entre outros assuntos importantes para o dia a dia dos especialistas.<\/p>\n\n\n\n<p>\u201cA\u00e7\u00f5es como essa promovem o compartilhamento das atividades da nossa equipe junto \u00e0 comunidade acad\u00eamica, aproxima o aluno do universo hospitalar e estimula a troca de conhecimentos. \u00c9 um privil\u00e9gio coordenar essa equipe que tem como ess\u00eancia nas suas pr\u00e1ticas o acolhimento dos usu\u00e1rios e cuidado humanizado\u201d, conta a psic\u00f3loga e coordenadora do servi\u00e7o no HSV, Caroline Alves.<\/p>\n\n\n\n<p>Nos dias 22, 24 e 26, o evento ser\u00e1 realizado para os profissionais da institui\u00e7\u00e3o, sem a necessidade de inscri\u00e7\u00e3o. J\u00e1 no dia 25, a programa\u00e7\u00e3o \u00e9 externa e aberta para estudantes da \u00e1rea. A taxa de inscri\u00e7\u00e3o \u00e9 a doa\u00e7\u00e3o de um pacote de fralda geri\u00e1trica G ou GG, que ser\u00e3o utilizadas pelo Servi\u00e7o Social na assist\u00eancia de pacientes internados na institui\u00e7\u00e3o. A a\u00e7\u00e3o conta com o apoio da Barbaria Oklahoma, Love Burguer, Sald\u00e1vel P\u00e9 Podologia, Esteticista Ros\u00e2ngela Veiga, Fisioterapeuta Ana Brunelli, Blue Sky Brigadeiro Gourmet, Mary Kay e RV4 Investimentos.<\/p>\n\n\n\n<figure class=\"wp-block-image size-full\"><img loading=\"lazy\" decoding=\"async\" width=\"814\" height=\"681\" src=\"https:\/\/tvtecjundiai.com.br\/news\/wp-content\/uploads\/sites\/2\/2022\/07\/image002.png\" alt=\"\" class=\"wp-image-95978\" srcset=\"https:\/\/tvtecjundiai.com.br\/news\/wp-content\/uploads\/sites\/2\/2022\/07\/image002.png 814w, https:\/\/tvtecjundiai.com.br\/news\/wp-content\/uploads\/sites\/2\/2022\/07\/image002-300x251.png 300w, https:\/\/tvtecjundiai.com.br\/news\/wp-content\/uploads\/sites\/2\/2022\/07\/image002-768x643.png 768w\" sizes=\"auto, (max-width: 814px) 100vw, 814px\" \/><\/figure>\n\n\n\n<p>Inscreva-se e participe!<\/p>\n\n\n\n<p><em><strong>(Fonte\/Imagem: Hospital S\u00e3o Vicente)<\/strong><\/em><\/p>\n","protected":false},"excerpt":{"rendered":"<p>A programa\u00e7\u00e3o aberta ao p\u00fablico interno e externo, as palestras ser\u00e3o realizadas no Anfiteatro da Faculdade UniAnchieta.<\/p>\n","protected":false},"author":27,"featured_media":43048,"comment_status":"closed","ping_status":"0","sticky":false,"template":"","format":"standard","meta":{"footnotes":""},"categories":[8356],"tags":[],"class_list":["post-95977","post","type-post","status-publish","format-standard","has-post-thumbnail","hentry","category-jundiai"],"_links":{"self":[{"href":"https:\/\/tvtecjundiai.com.br\/news\/wp-json\/wp\/v2\/posts\/95977","targetHints":{"allow":["GET"]}}],"collection":[{"href":"https:\/\/tvtecjundiai.com.br\/news\/wp-json\/wp\/v2\/posts"}],"about":[{"href":"https:\/\/tvtecjundiai.com.br\/news\/wp-json\/wp\/v2\/types\/post"}],"author":[{"embeddable":true,"href":"https:\/\/tvtecjundiai.com.br\/news\/wp-json\/wp\/v2\/users\/27"}],"replies":[{"embeddable":true,"href":"https:\/\/tvtecjundiai.com.br\/news\/wp-json\/wp\/v2\/comments?post=95977"}],"version-history":[{"count":1,"href":"https:\/\/tvtecjundiai.com.br\/news\/wp-json\/wp\/v2\/posts\/95977\/revisions"}],"predecessor-version":[{"id":95979,"href":"https:\/\/tvtecjundiai.com.br\/news\/wp-json\/wp\/v2\/posts\/95977\/revisions\/95979"}],"wp:featuredmedia":[{"embeddable":true,"href":"https:\/\/tvtecjundiai.com.br\/news\/wp-json\/wp\/v2\/media\/43048"}],"wp:attachment":[{"href":"https:\/\/tvtecjundiai.com.br\/news\/wp-json\/wp\/v2\/media?parent=95977"}],"wp:term":[{"taxonomy":"category","embeddable":true,"href":"https:\/\/tvtecjundiai.com.br\/news\/wp-json\/wp\/v2\/categories?post=95977"},{"taxonomy":"post_tag","embeddable":true,"href":"https:\/\/tvtecjundiai.com.br\/news\/wp-json\/wp\/v2\/tags?post=95977"}],"curies":[{"name":"wp","href":"https:\/\/api.w.org\/{rel}","templated":true}]}}