{"id":95992,"date":"2022-07-19T14:23:02","date_gmt":"2022-07-19T17:23:02","guid":{"rendered":"https:\/\/tvtecjundiai.com.br\/news\/?p=95992"},"modified":"2022-07-19T14:23:03","modified_gmt":"2022-07-19T17:23:03","slug":"petrobras-reduz-preco-da-gasolina-vendida-as-distribuidoras-a-partir-de-quarta-feira-20","status":"publish","type":"post","link":"https:\/\/tvtecjundiai.com.br\/news\/2022\/07\/19\/petrobras-reduz-preco-da-gasolina-vendida-as-distribuidoras-a-partir-de-quarta-feira-20\/","title":{"rendered":"Petrobras reduz pre\u00e7o da gasolina vendida \u00e0s distribuidoras\u00a0a partir de quarta-feira (20)"},"content":{"rendered":"\n<p>A\u00a0Petrobras\u00a0informou nesta ter\u00e7a-feira (19) que vai reduzir o pre\u00e7o da gasolina vendida \u00e0s distribuidoras a partir desta quarta (20). O valor do litro passar\u00e1 de R$ 4,06 para R$ 3,86.\u00a0<strong>Os pre\u00e7os cobrados nos demais combust\u00edveis n\u00e3o ser\u00e3o alterados<\/strong>.<\/p>\n\n\n\n<p>A redu\u00e7\u00e3o do pre\u00e7o da gasolina ser\u00e1 de R$ 0,20 por litro, ou -4,93%. \u00c9 a primeira queda desde dezembro.<\/p>\n\n\n\n<p>O valor volta a ser o mesmo de maio deste ano. No \u00faltimo ajuste, anunciado pela Petrobras em junho, o pre\u00e7o m\u00e9dio de venda de gasolina havia subido de R$ 3,86 para R$ 4,06 por litro (alta de 5,18%).<\/p>\n\n\n<div class=\"wp-block-image\">\n<figure class=\"aligncenter size-full\"><img loading=\"lazy\" decoding=\"async\" width=\"627\" height=\"407\" src=\"https:\/\/tvtecjundiai.com.br\/news\/wp-content\/uploads\/sites\/2\/2022\/03\/ggg.png\" alt=\"\" class=\"wp-image-89912\" srcset=\"https:\/\/tvtecjundiai.com.br\/news\/wp-content\/uploads\/sites\/2\/2022\/03\/ggg.png 627w, https:\/\/tvtecjundiai.com.br\/news\/wp-content\/uploads\/sites\/2\/2022\/03\/ggg-300x195.png 300w\" sizes=\"auto, (max-width: 627px) 100vw, 627px\" \/><figcaption>Foto: Ag\u00eancia Brasil<\/figcaption><\/figure>\n<\/div>\n\n\n<p><strong>Pre\u00e7os na bomba<br><\/strong>Os pre\u00e7os de venda de combust\u00edveis \u00e0s refinarias pela Petrobras s\u00e3o um dos fatores de composi\u00e7\u00e3o do pre\u00e7o final dos combust\u00edveis, junto com impostos e fatia de distribuidoras e revendedores.<\/p>\n\n\n\n<p>A Petrobras afirma que, considerando a mistura obrigat\u00f3ria de 73% de gasolina A e 27% de etanol anidro para a composi\u00e7\u00e3o da gasolina comercializada nos postos, a parcela da Petrobras no pre\u00e7o ao consumidor passar\u00e1 de R$ 2,96, em m\u00e9dia, para R$ 2,81 a cada litro vendido na bomba.<\/p>\n\n\n\n<p>Quem apura o valor na bomba \u00e9 o levantamento semanal da Ag\u00eancia Nacional do Petr\u00f3leo, G\u00e1s Natural e Biocombust\u00edveis (ANP).<\/p>\n\n\n\n<p>Por l\u00e1, a gasolina teve queda nas \u00faltimas tr\u00eas semanas, por conta da limita\u00e7\u00e3o do ICMS aprovada pelo Congresso Nacional. A proposta teve origem na C\u00e2mara, onde foi aprovada com o objetivo de reduzir os pre\u00e7os, principalmente, dos combust\u00edveis e da conta de luz em ano eleitoral.<\/p>\n\n\n\n<p>A medida fez o pre\u00e7o m\u00e9dio da gasolina passar de R$ 7,39 para R$ 6,07. A redu\u00e7\u00e3o nas refinarias deve empurrar o valor ainda mais para baixo.<\/p>\n\n\n\n<p>A Petrobras ainda se vale da redu\u00e7\u00e3o dos pre\u00e7os do petr\u00f3leo Brent desde fevereiro, que chegaram perto dos US$ 140 no estouro da guerra na Ucr\u00e2nia e hoje giram em torno dos US$ 100.<\/p>\n\n\n\n<p>Segundo a petroleira, a redu\u00e7\u00e3o &#8220;acompanha a evolu\u00e7\u00e3o dos pre\u00e7os internacionais de refer\u00eancia, que se estabilizaram em patamar inferior para a gasolina, e \u00e9 coerente com a pr\u00e1tica de pre\u00e7os da Petrobras, que busca o equil\u00edbrio dos seus pre\u00e7os com o mercado global, mas sem o repasse para os pre\u00e7os internos da volatilidade conjuntural das cota\u00e7\u00f5es internacionais e da taxa de c\u00e2mbio&#8221;.<\/p>\n\n\n\n<p>Desde que foi instaurada a pol\u00edtica de paridade de pre\u00e7os internacionais (PPI), em 2016, a Petrobras tenta parear o pre\u00e7o da gasolina na refinaria com o pre\u00e7o internacional. Ou seja, os reajustes s\u00e3o resultado das oscila\u00e7\u00f5es dos pre\u00e7os do petr\u00f3leo e do c\u00e2mbio.<\/p>\n\n\n\n<p>Mas, mesmo com redu\u00e7\u00e3o dos pre\u00e7os das commodities, o c\u00e2mbio n\u00e3o aliviou. No fim de maio, o d\u00f3lar comercial estava cotado na casa dos R$ 4,70. Hoje, opera pr\u00f3ximo aos R$ 5,40.<\/p>\n\n\n\n<p><strong><em>(Fonte: g1\/Imagem: Ag\u00eancia Brasil)<\/em><\/strong><\/p>\n","protected":false},"excerpt":{"rendered":"<p>O valor do litro passar\u00e1 de R$ 4,06 para R$ 3,86 para as distribuidoras<\/p>\n","protected":false},"author":30,"featured_media":89912,"comment_status":"closed","ping_status":"0","sticky":false,"template":"","format":"standard","meta":{"footnotes":""},"categories":[2829,8356,1],"tags":[],"class_list":["post-95992","post","type-post","status-publish","format-standard","has-post-thumbnail","hentry","category-economia","category-jundiai","category-noticias"],"_links":{"self":[{"href":"https:\/\/tvtecjundiai.com.br\/news\/wp-json\/wp\/v2\/posts\/95992","targetHints":{"allow":["GET"]}}],"collection":[{"href":"https:\/\/tvtecjundiai.com.br\/news\/wp-json\/wp\/v2\/posts"}],"about":[{"href":"https:\/\/tvtecjundiai.com.br\/news\/wp-json\/wp\/v2\/types\/post"}],"author":[{"embeddable":true,"href":"https:\/\/tvtecjundiai.com.br\/news\/wp-json\/wp\/v2\/users\/30"}],"replies":[{"embeddable":true,"href":"https:\/\/tvtecjundiai.com.br\/news\/wp-json\/wp\/v2\/comments?post=95992"}],"version-history":[{"count":1,"href":"https:\/\/tvtecjundiai.com.br\/news\/wp-json\/wp\/v2\/posts\/95992\/revisions"}],"predecessor-version":[{"id":95993,"href":"https:\/\/tvtecjundiai.com.br\/news\/wp-json\/wp\/v2\/posts\/95992\/revisions\/95993"}],"wp:featuredmedia":[{"embeddable":true,"href":"https:\/\/tvtecjundiai.com.br\/news\/wp-json\/wp\/v2\/media\/89912"}],"wp:attachment":[{"href":"https:\/\/tvtecjundiai.com.br\/news\/wp-json\/wp\/v2\/media?parent=95992"}],"wp:term":[{"taxonomy":"category","embeddable":true,"href":"https:\/\/tvtecjundiai.com.br\/news\/wp-json\/wp\/v2\/categories?post=95992"},{"taxonomy":"post_tag","embeddable":true,"href":"https:\/\/tvtecjundiai.com.br\/news\/wp-json\/wp\/v2\/tags?post=95992"}],"curies":[{"name":"wp","href":"https:\/\/api.w.org\/{rel}","templated":true}]}}