{"id":96045,"date":"2022-07-20T14:42:48","date_gmt":"2022-07-20T17:42:48","guid":{"rendered":"https:\/\/tvtecjundiai.com.br\/news\/?p=96045"},"modified":"2022-07-20T14:42:52","modified_gmt":"2022-07-20T17:42:52","slug":"oficina-de-ferias-celebra-o-dia-dos-avos-na-biblioteca-municipal","status":"publish","type":"post","link":"https:\/\/tvtecjundiai.com.br\/news\/2022\/07\/20\/oficina-de-ferias-celebra-o-dia-dos-avos-na-biblioteca-municipal\/","title":{"rendered":"Oficina de f\u00e9rias celebra o Dia dos Av\u00f3s na Biblioteca Municipal"},"content":{"rendered":"\n<p>Em comemora\u00e7\u00e3o ao Dia dos Av\u00f3s, comemorado no dia 26 de julho, a Biblioteca P\u00fablica Municipal Prof. Nelson Foot promove nesta sexta-feira (22) a oficina de f\u00e9rias gratuita \u201cConviver e experienciar o novo brincar entre av\u00f3s e netos\u201d, dentro da proposta da Unidade de Gest\u00e3o de Cultura (UGC).<\/p>\n\n\n\n<p>A proposta da Cia. Contando com Encanto, respons\u00e1vel pela atividade, \u00e9 que netos e av\u00f3s interajam e produzam brinquedos feitos de sucata, sendo essa uma oportunidade para que av\u00f3s possam recordar e reviver seu per\u00edodo de inf\u00e2ncia e ao mesmo tempo, os netos aprendam a import\u00e2ncia da reciclagem para a preserva\u00e7\u00e3o da natureza.<\/p>\n\n\n\n<p>Ap\u00f3s a oficina, av\u00f3s e netos participar\u00e3o de uma conta\u00e7\u00e3o de hist\u00f3ria, sobre o tema amor e tempo, sendo essa mais uma oportunidade, para brincar, rir e dan\u00e7ar juntos.<\/p>\n\n\n\n<p>Para participar da Oficina Dia dos Av\u00f3s, os interessados dever\u00e3o se inscrever acessando o\u00a0<a rel=\"noreferrer noopener\" href=\"https:\/\/docs.google.com\/forms\/d\/e\/1FAIpQLSeaF0maC32HSzc4c_sncEWlFzfmgv2OapcFpA79kiRQFyFGDg\/viewform\" target=\"_blank\">formul\u00e1rio<\/a>\u00a0dispon\u00edvel na Internet. As vagas s\u00e3o limitadas aos 15 primeiros inscritos e poder\u00e3o participar crian\u00e7as de at\u00e9 12 anos. A Oficina ser\u00e1 realizada das 16h \u00e0s 17h, na Biblioteca (avenida Dr. Cavalcanti, 396, Complexo Argos). Mais informa\u00e7\u00f5es podem ser obtidas pelo telefone (11) 4527-2110.<\/p>\n\n\n\n<p><strong>Dia dos Av\u00f3s<\/strong><\/p>\n\n\n\n<p>No Brasil, Portugal e Espanha, o Dia dos Av\u00f3s \u00e9 comemorado em 26 de julho. A data foi escolhida por refer\u00eancia a comemora\u00e7\u00e3o do Dia de Santa Ana e S\u00e3o Joaquim, que, segundo a tradi\u00e7\u00e3o da igreja cat\u00f3lica e evangelhos ap\u00f3crifos seriam pais de Maria e, portanto, av\u00f3s de Jesus Cristo.<\/p>\n\n\n\n<p><em><strong>(Fonte\/Imagem: Prefeitura de Jundia\u00ed)<\/strong><\/em><\/p>\n","protected":false},"excerpt":{"rendered":"<p>Oficina \u201cConviver e experienciar o novo brincar entre av\u00f3s e netos\u201d acontece na sexta-feira (22)<\/p>\n","protected":false},"author":30,"featured_media":96046,"comment_status":"closed","ping_status":"0","sticky":false,"template":"","format":"standard","meta":{"footnotes":""},"categories":[2833,8356,8354,1],"tags":[],"class_list":["post-96045","post","type-post","status-publish","format-standard","has-post-thumbnail","hentry","category-cultura","category-jundiai","category-lazer","category-noticias"],"_links":{"self":[{"href":"https:\/\/tvtecjundiai.com.br\/news\/wp-json\/wp\/v2\/posts\/96045","targetHints":{"allow":["GET"]}}],"collection":[{"href":"https:\/\/tvtecjundiai.com.br\/news\/wp-json\/wp\/v2\/posts"}],"about":[{"href":"https:\/\/tvtecjundiai.com.br\/news\/wp-json\/wp\/v2\/types\/post"}],"author":[{"embeddable":true,"href":"https:\/\/tvtecjundiai.com.br\/news\/wp-json\/wp\/v2\/users\/30"}],"replies":[{"embeddable":true,"href":"https:\/\/tvtecjundiai.com.br\/news\/wp-json\/wp\/v2\/comments?post=96045"}],"version-history":[{"count":1,"href":"https:\/\/tvtecjundiai.com.br\/news\/wp-json\/wp\/v2\/posts\/96045\/revisions"}],"predecessor-version":[{"id":96047,"href":"https:\/\/tvtecjundiai.com.br\/news\/wp-json\/wp\/v2\/posts\/96045\/revisions\/96047"}],"wp:featuredmedia":[{"embeddable":true,"href":"https:\/\/tvtecjundiai.com.br\/news\/wp-json\/wp\/v2\/media\/96046"}],"wp:attachment":[{"href":"https:\/\/tvtecjundiai.com.br\/news\/wp-json\/wp\/v2\/media?parent=96045"}],"wp:term":[{"taxonomy":"category","embeddable":true,"href":"https:\/\/tvtecjundiai.com.br\/news\/wp-json\/wp\/v2\/categories?post=96045"},{"taxonomy":"post_tag","embeddable":true,"href":"https:\/\/tvtecjundiai.com.br\/news\/wp-json\/wp\/v2\/tags?post=96045"}],"curies":[{"name":"wp","href":"https:\/\/api.w.org\/{rel}","templated":true}]}}