{"id":9605,"date":"2018-05-02T08:30:34","date_gmt":"2018-05-02T11:30:34","guid":{"rendered":"https:\/\/tvtecjundiai.com.br\/news\/?p=9605"},"modified":"2018-05-02T10:05:06","modified_gmt":"2018-05-02T13:05:06","slug":"contas-de-luz-terao-aumento-na-bandeira-tarifaria-neste-mes-de-maio","status":"publish","type":"post","link":"https:\/\/tvtecjundiai.com.br\/news\/2018\/05\/02\/contas-de-luz-terao-aumento-na-bandeira-tarifaria-neste-mes-de-maio\/","title":{"rendered":"Contas de luz ter\u00e3o aumento na bandeira tarif\u00e1ria neste m\u00eas de maio"},"content":{"rendered":"<div id=\"attachment_9606\" style=\"width: 367px\" class=\"wp-caption alignleft\"><a href=\"https:\/\/tvtecjundiai.com.br\/news\/wp-content\/uploads\/sites\/2\/2018\/05\/Conta-de-luz-1.jpg\"><img loading=\"lazy\" decoding=\"async\" aria-describedby=\"caption-attachment-9606\" class=\"wp-image-9606\" src=\"https:\/\/tvtecjundiai.com.br\/news\/wp-content\/uploads\/sites\/2\/2018\/05\/Conta-de-luz-1-300x188.jpg\" alt=\"\" width=\"357\" height=\"224\" srcset=\"https:\/\/tvtecjundiai.com.br\/news\/wp-content\/uploads\/sites\/2\/2018\/05\/Conta-de-luz-1-300x188.jpg 300w, https:\/\/tvtecjundiai.com.br\/news\/wp-content\/uploads\/sites\/2\/2018\/05\/Conta-de-luz-1.jpg 652w\" sizes=\"auto, (max-width: 357px) 100vw, 357px\" \/><\/a><p id=\"caption-attachment-9606\" class=\"wp-caption-text\">Para amenizar os impactos, os consumidores poder\u00e3o adotar h\u00e1bitos conscientes<\/p><\/div>\n<p>A Ag\u00eancia Nacional de Energia El\u00e9trica\u00a0(Aneel) mudou a bandeira tarif\u00e1ria\u00a0de verde para amarela no in\u00edcio do m\u00eas de maio. Com a mudan\u00e7a, os consumidores sentir\u00e3o aumentos nas contas de luz. De acordo com o \u00f3rg\u00e3o, a medida foi tomada em raz\u00e3o do final do per\u00edodo de chuvas. Agora, o valor cobrado ser\u00e1 de\u00a0R$ 1 a cada 100 kilowatt hora (kWh).<\/p>\n<p>A queda no volume pluviom\u00e9trico afeta os reservat\u00f3rios das usinas hidrel\u00e9tricas do pa\u00eds.\u00a0Com isso, h\u00e1 a necessidade de se fazer uso da energia produzida pelas usinas termel\u00e9tricas, que t\u00eam maior custo de produ\u00e7\u00e3o.<\/p>\n<p>O sistema de bandeiras foi criado pela ag\u00eancia\u00a0para sinalizar aos consumidores os custos reais da gera\u00e7\u00e3o de energia el\u00e9trica. As cores que a comp\u00f5em s\u00e3o:\u00a0verde, amarela e vermelha.<\/p>\n<p>Com a ado\u00e7\u00e3o da bandeira amarela, a Aneel aconselha os consumidores a adotar h\u00e1bitos que contribuam para a economia de energia, como tomar banhos mais curtos utilizando o chuveiro el\u00e9trico, n\u00e3o deixar a porta da geladeira aberta e n\u00e3o deixar portas e janelas abertas em ambientes com ar-condicionado.<\/p>\n<p><em>Fonte: Ag\u00eancia Brasil<\/em><\/p>\n<p>&nbsp;<\/p>\n","protected":false},"excerpt":{"rendered":"<p>Com a redu\u00e7\u00e3o do per\u00edodo de chuvas as hidrel\u00e9tricas t\u00eam produ\u00e7\u00e3o afetada <\/p>\n","protected":false},"author":11,"featured_media":9607,"comment_status":"closed","ping_status":"closed","sticky":false,"template":"","format":"standard","meta":{"footnotes":""},"categories":[2829,1],"tags":[1111,156,3037,3036,654,743,346,3038,613,556],"class_list":["post-9605","post","type-post","status-publish","format-standard","has-post-thumbnail","hentry","category-economia","category-noticias","tag-aneel","tag-aumento","tag-bandeira-amarela","tag-bandeira-tarifaria","tag-consumidor","tag-conta-de-luz","tag-economia","tag-habitos-conscientes","tag-mudanca","tag-noticias"],"_links":{"self":[{"href":"https:\/\/tvtecjundiai.com.br\/news\/wp-json\/wp\/v2\/posts\/9605","targetHints":{"allow":["GET"]}}],"collection":[{"href":"https:\/\/tvtecjundiai.com.br\/news\/wp-json\/wp\/v2\/posts"}],"about":[{"href":"https:\/\/tvtecjundiai.com.br\/news\/wp-json\/wp\/v2\/types\/post"}],"author":[{"embeddable":true,"href":"https:\/\/tvtecjundiai.com.br\/news\/wp-json\/wp\/v2\/users\/11"}],"replies":[{"embeddable":true,"href":"https:\/\/tvtecjundiai.com.br\/news\/wp-json\/wp\/v2\/comments?post=9605"}],"version-history":[{"count":2,"href":"https:\/\/tvtecjundiai.com.br\/news\/wp-json\/wp\/v2\/posts\/9605\/revisions"}],"predecessor-version":[{"id":9619,"href":"https:\/\/tvtecjundiai.com.br\/news\/wp-json\/wp\/v2\/posts\/9605\/revisions\/9619"}],"wp:featuredmedia":[{"embeddable":true,"href":"https:\/\/tvtecjundiai.com.br\/news\/wp-json\/wp\/v2\/media\/9607"}],"wp:attachment":[{"href":"https:\/\/tvtecjundiai.com.br\/news\/wp-json\/wp\/v2\/media?parent=9605"}],"wp:term":[{"taxonomy":"category","embeddable":true,"href":"https:\/\/tvtecjundiai.com.br\/news\/wp-json\/wp\/v2\/categories?post=9605"},{"taxonomy":"post_tag","embeddable":true,"href":"https:\/\/tvtecjundiai.com.br\/news\/wp-json\/wp\/v2\/tags?post=9605"}],"curies":[{"name":"wp","href":"https:\/\/api.w.org\/{rel}","templated":true}]}}