{"id":96070,"date":"2022-07-21T09:49:43","date_gmt":"2022-07-21T12:49:43","guid":{"rendered":"https:\/\/tvtecjundiai.com.br\/news\/?p=96070"},"modified":"2022-07-21T09:49:49","modified_gmt":"2022-07-21T12:49:49","slug":"projetos-prioritarios-sao-monitorados-em-reuniao-de-gestores","status":"publish","type":"post","link":"https:\/\/tvtecjundiai.com.br\/news\/2022\/07\/21\/projetos-prioritarios-sao-monitorados-em-reuniao-de-gestores\/","title":{"rendered":"Projetos priorit\u00e1rios s\u00e3o monitorados em reuni\u00e3o de gestores"},"content":{"rendered":"\n<p>De modo a garantir o planejamento e a efici\u00eancia das a\u00e7\u00f5es executadas pela Prefeitura de Jundia\u00ed, gestores municipais e t\u00e9cnicos da administra\u00e7\u00e3o fizeram, nesta semana, nova reuni\u00e3o para o monitoramento de projetos priorit\u00e1rios. Desta vez, sob an\u00e1lise, estiveram as obras de ilumina\u00e7\u00e3o da Ponte S\u00e3o Jo\u00e3o, a ciclovia da avenida Navarro de Andrade e a constru\u00e7\u00e3o da UPA da regi\u00e3o leste, que est\u00e1 com processo licitat\u00f3rio em andamento.<\/p>\n\n\n\n<p>O encontro t\u00e9cnico, que \u00e9 pr\u00e1tica desde o primeiro ano do governo Luiz Fernando Machado, \u00e9 liderado pelo gestor de Governo e Finan\u00e7as, Jos\u00e9 Antonio Parimoschi. \u201cNas ocasi\u00f5es, realizamos o alinhamento das obras cujos projetos est\u00e3o em fases de licita\u00e7\u00e3o ou planejamento. \u00c9 um trabalho intersetorial, de monitoramento permanente dos investimentos priorit\u00e1rios. Com isso, atendemos a popula\u00e7\u00e3o e temos como resultado mais efici\u00eancia na gest\u00e3o de recursos p\u00fablicos\u201d, explicou o gestor de Governo e Finan\u00e7as, Jos\u00e9 Antonio Parimoschi.<\/p>\n\n\n\n<figure class=\"wp-block-image size-large\"><img loading=\"lazy\" decoding=\"async\" width=\"1200\" height=\"800\" src=\"https:\/\/tvtecjundiai.com.br\/news\/wp-content\/uploads\/sites\/2\/2022\/07\/reuniao-monitoramento-de-plataformas_c_-10-1200x800.jpg\" alt=\"\" class=\"wp-image-96071\" srcset=\"https:\/\/tvtecjundiai.com.br\/news\/wp-content\/uploads\/sites\/2\/2022\/07\/reuniao-monitoramento-de-plataformas_c_-10-1200x800.jpg 1200w, https:\/\/tvtecjundiai.com.br\/news\/wp-content\/uploads\/sites\/2\/2022\/07\/reuniao-monitoramento-de-plataformas_c_-10-300x200.jpg 300w, https:\/\/tvtecjundiai.com.br\/news\/wp-content\/uploads\/sites\/2\/2022\/07\/reuniao-monitoramento-de-plataformas_c_-10-768x512.jpg 768w, https:\/\/tvtecjundiai.com.br\/news\/wp-content\/uploads\/sites\/2\/2022\/07\/reuniao-monitoramento-de-plataformas_c_-10.jpg 1280w\" sizes=\"auto, (max-width: 1200px) 100vw, 1200px\" \/><figcaption>Reuni\u00e3o avan\u00e7a com o monitoramento de projetos alinhados ao PPA (2022-2025)<\/figcaption><\/figure>\n\n\n\n<p>Como premissa da gest\u00e3o, todos os projetos est\u00e3o alinhados ao PPA (Plano Plurianual) 2022-2025 e aos Objetivos do Desenvolvimento Sustent\u00e1vel (ODSs) da Agenda 2030 da ONU, como forma de cumprir com o objeto de a cidade se projetar para um futuro de crescimento sustent\u00e1vel.<\/p>\n\n\n\n<p>Ainda na reuni\u00e3o, Parimoschi falou aos gestores sobre a chamada \u2018Agenda 2 tempos \u2013 2030 e 2050\u2019, na qual haver\u00e1 planos setoriais focados no desenvolvimento da cidade a longo prazo. \u201cEm 2030 haver\u00e1 uma parada t\u00e9cnica da ONU para medir a qualidade de vida da popula\u00e7\u00e3o de todo o mundo. Nossa meta \u00e9 chegar a 2024 com essa agenda pronta, com um olhar para o futuro e a defini\u00e7\u00e3o de qual cidade queremos\u201d, explicou.<\/p>\n\n\n\n<p><em><strong>(Fonte\/Imagem: Prefeitura de Jundia\u00ed)<\/strong><\/em><\/p>\n","protected":false},"excerpt":{"rendered":"<p>Gestores municipais e t\u00e9cnicos da Prefeitura fizeram, nesta semana, uma nova reuni\u00e3o<\/p>\n","protected":false},"author":30,"featured_media":96071,"comment_status":"closed","ping_status":"0","sticky":false,"template":"","format":"standard","meta":{"footnotes":""},"categories":[8357,8356,1],"tags":[],"class_list":["post-96070","post","type-post","status-publish","format-standard","has-post-thumbnail","hentry","category-gestao","category-jundiai","category-noticias"],"_links":{"self":[{"href":"https:\/\/tvtecjundiai.com.br\/news\/wp-json\/wp\/v2\/posts\/96070","targetHints":{"allow":["GET"]}}],"collection":[{"href":"https:\/\/tvtecjundiai.com.br\/news\/wp-json\/wp\/v2\/posts"}],"about":[{"href":"https:\/\/tvtecjundiai.com.br\/news\/wp-json\/wp\/v2\/types\/post"}],"author":[{"embeddable":true,"href":"https:\/\/tvtecjundiai.com.br\/news\/wp-json\/wp\/v2\/users\/30"}],"replies":[{"embeddable":true,"href":"https:\/\/tvtecjundiai.com.br\/news\/wp-json\/wp\/v2\/comments?post=96070"}],"version-history":[{"count":1,"href":"https:\/\/tvtecjundiai.com.br\/news\/wp-json\/wp\/v2\/posts\/96070\/revisions"}],"predecessor-version":[{"id":96072,"href":"https:\/\/tvtecjundiai.com.br\/news\/wp-json\/wp\/v2\/posts\/96070\/revisions\/96072"}],"wp:featuredmedia":[{"embeddable":true,"href":"https:\/\/tvtecjundiai.com.br\/news\/wp-json\/wp\/v2\/media\/96071"}],"wp:attachment":[{"href":"https:\/\/tvtecjundiai.com.br\/news\/wp-json\/wp\/v2\/media?parent=96070"}],"wp:term":[{"taxonomy":"category","embeddable":true,"href":"https:\/\/tvtecjundiai.com.br\/news\/wp-json\/wp\/v2\/categories?post=96070"},{"taxonomy":"post_tag","embeddable":true,"href":"https:\/\/tvtecjundiai.com.br\/news\/wp-json\/wp\/v2\/tags?post=96070"}],"curies":[{"name":"wp","href":"https:\/\/api.w.org\/{rel}","templated":true}]}}