{"id":96099,"date":"2022-07-21T17:23:40","date_gmt":"2022-07-21T20:23:40","guid":{"rendered":"https:\/\/tvtecjundiai.com.br\/news\/?p=96099"},"modified":"2022-07-21T17:23:46","modified_gmt":"2022-07-21T20:23:46","slug":"festival-de-musica-de-jundiai-tera-parceria-com-a-fundacao-padre-anchieta-e-radio-cultura","status":"publish","type":"post","link":"https:\/\/tvtecjundiai.com.br\/news\/2022\/07\/21\/festival-de-musica-de-jundiai-tera-parceria-com-a-fundacao-padre-anchieta-e-radio-cultura\/","title":{"rendered":"Festival de M\u00fasica de Jundia\u00ed ter\u00e1 parceria com a Funda\u00e7\u00e3o Padre Anchieta e R\u00e1dio Cultura"},"content":{"rendered":"\n<p>A Funda\u00e7\u00e3o Padre Anchieta de S\u00e3o Paulo, gestora da TV Cultura e das r\u00e1dios Cultura FM e Cultura Brasil, por meio do seu N\u00facleo de Produ\u00e7\u00e3o de M\u00fasica, confirmou a parceria institucional com a&nbsp;<a rel=\"noreferrer noopener\" href=\"https:\/\/cultura.jundiai.sp.gov.br\/\" target=\"_blank\">Unidade de Gest\u00e3o de Cultura<\/a>&nbsp;(UGC), para a divulga\u00e7\u00e3o do trabalho dos selecionados e principalmente dos vencedores do&nbsp;<a href=\"https:\/\/cultura.jundiai.sp.gov.br\/festivaldemusica\/\" target=\"_blank\" rel=\"noreferrer noopener\">1\u00ba Festival de M\u00fasica de Jundia\u00ed<\/a>, que acontece de 27 a 31 de julho, no&nbsp;<a rel=\"noreferrer noopener\" href=\"https:\/\/cultura.jundiai.sp.gov.br\/espacos-culturais\/complexo-fepasa\/\" target=\"_blank\">Complexo Fepasa<\/a>.<\/p>\n\n\n\n<p>Segundo Alexandre Tondella, gerente das R\u00e1dios Cultura FM, Cultura Brasil e do N\u00facleo de Produ\u00e7\u00e3o de M\u00fasica da TV Cultura, da Funda\u00e7\u00e3o Padre Anchieta, \u00e9 fundamental dar visibilidade aos novos talentos que surgirem no Festival. \u201cAl\u00e9m de inserirmos na nossa programa\u00e7\u00e3o a divulga\u00e7\u00e3o do festival, queremos entrevistar os premiados, para veicular na programa\u00e7\u00e3o da R\u00e1dio Cultura Brasil. Entendemos que \u00e9 nossa obriga\u00e7\u00e3o incentivar e promover a m\u00fasica de qualidade, principalmente num pa\u00eds onde nasceram Tom Jobim, Caetano Veloso, Gilberto Gil e tantos outros grandes compositores e int\u00e9rpretes. Um festival que teve quase 400 inscritos \u00e9 a prova de que vem coisa boa por a\u00ed. Que essa parceria seja mantida e se poss\u00edvel, ampliada\u201d, destacou Tondella.<\/p>\n\n\n\n<p>Para o diretor de Cultura, Jo\u00e3o Carlos de Luca, a parceria da Funda\u00e7\u00e3o Padre Anchieta com a UGC \u00e9 de extrema import\u00e2ncia n\u00e3o s\u00f3 no sentido de dar credibilidade ao festival, mas tamb\u00e9m de atestar a qualidade e o grande alcance das a\u00e7\u00f5es que est\u00e3o sendo propostas pela administra\u00e7\u00e3o. \u201cA visibilidade que os m\u00fasicos, compositores e int\u00e9rpretes ter\u00e3o com essa divulga\u00e7\u00e3o na programa\u00e7\u00e3o da R\u00e1dio Cultura Brasil e tamb\u00e9m no aplicativo Cultura Digital ser\u00e1 t\u00e3o importante quanto a premia\u00e7\u00e3o estipulada para os vencedores. E o p\u00fablico que aprecia a boa m\u00fasica popular brasileira tamb\u00e9m, poder\u00e1 acompanhar esses novos talentos\u201d, finalizou de Luca.<\/p>\n\n\n\n<figure class=\"wp-block-image\"><img decoding=\"async\" src=\"https:\/\/jundiai.sp.gov.br\/noticias\/wp-content\/uploads\/sites\/32\/2022\/07\/concerto-da-orquestra-paulistana-caipira-no-complexo-fepasa_fm_-20.jpg\" alt=\"Foto noturna da pra\u00e7a central do Complexo Fepasa com pessoas sentadas em cadeiras de pl\u00e1stico brancas, com pr\u00e9dios hist\u00f3ricos de tijolos \u00e1 vista no fundo\" class=\"wp-image-297435\" \/><figcaption>Atra\u00e7\u00f5es do Festival ser\u00e3o apresentadas no Complexo Fepasa<\/figcaption><\/figure>\n\n\n\n<p><strong>Festival<\/strong><br>O&nbsp;<a rel=\"noreferrer noopener\" href=\"https:\/\/cultura.jundiai.sp.gov.br\/festivaldemusica\/\" target=\"_blank\">Festival de M\u00fasica de Jundia\u00ed 2022<\/a>&nbsp;vai reunir no palco do Complexo Fepasa as 30 m\u00fasicas selecionadas, das mais de 370 m\u00fasicas de todos os g\u00eaneros musicais inscritas, de 323 compositores, num total de 354 can\u00e7\u00f5es e 23 composi\u00e7\u00f5es instrumentais, com representantes de 88 cidades de 16 estados brasileiros.<\/p>\n\n\n\n<p>Com um novo formato, o Festival de M\u00fasica de Jundia\u00ed, ainda contar\u00e1 com tr\u00eas workshops presenciais gratuitos, aberto a todos os interessados, que ser\u00e3o realizados no Complexo Fepasa: \u201cCriatividade e improvisa\u00e7\u00e3o na M\u00fasica Popular\u201d, com o pianista F\u00e1bio Torres; \u201cPerceber, Emitir e Compor\u201d, com o m\u00fasico e compositor Cl\u00e1udio Nucci e \u201c\u00c1udio Profissional para M\u00fasicos\u201d, com t\u00e9cnico de mixagem de som Lucas Carregari de Vitto (Xuxu).<\/p>\n\n\n\n<p>Para participar os interessados dever\u00e3o se inscrever pela internet em&nbsp;<a rel=\"noreferrer noopener\" href=\"https:\/\/cultura.jundiai.sp.gov.br\/festivaldemusica\/workshops\/\" target=\"_blank\">formul\u00e1rio pr\u00f3prio para cada workshop<\/a>, sendo permitido participar em mais de um. A sinopse dos tr\u00eas workshops, bem como o curr\u00edculo dos profissionais que estar\u00e3o envolvidos podem ser acessados no site do Festival.<\/p>\n\n\n\n<p>A exemplo de outros festivais realizados pela UGC, o Festival de M\u00fasica de Jundia\u00ed ter\u00e1 a sua&nbsp;<a rel=\"noreferrer noopener\" href=\"https:\/\/cultura.jundiai.sp.gov.br\/festivaldemusica\/roda-de-conversa\/\" target=\"_blank\">Roda de Conversa.<\/a>&nbsp;Programada para o s\u00e1bado, dia 30, a partir das 10h30, no audit\u00f3rio da Sala Jundia\u00ed, no Complexo Fepasa, com entrada gratuita, sendo que o acesso se dar\u00e1 por ordem de chegada. A capacidade do local \u00e9 de 180 pessoas.<\/p>\n\n\n\n<p>A Roda de Conversa do Festival de M\u00fasica ter\u00e1 como tema \u201cA carreira musical e as redes sociais: Como conquistar novos p\u00fablicos sem perder o foco na m\u00fasica\u201d, com as presen\u00e7as do m\u00fasico, cantor e compositor Cl\u00e1udio Nucci; do pianista F\u00e1bio Torres e Jo\u00e3o Marcelo B\u00f4scoli, s\u00f3cio fundador da Trama, empresa de m\u00fasica independente do Brasil, j\u00e1 lan\u00e7ou mais de 3.000 CDs e DVDs, vendendo cerca de 12 milh\u00f5es de c\u00f3pias f\u00edsicas.<\/p>\n\n\n\n<p><strong>Programa\u00e7\u00e3o<\/strong><br>De 27 a 31 de julho, no Complexo Fepasa acontecer\u00e3o as apresenta\u00e7\u00f5es ao vivo dos concorrentes do Festival. O cronograma est\u00e1 assim elaborado:<\/p>\n\n\n\n<p><strong>Eliminat\u00f3rias<\/strong>: dias 27, 28 e 29 (quarta, quinta e sexta-feira) \u2013 apresenta\u00e7\u00e3o das 30 m\u00fasicas selecionadas.<br><strong>Semifinal<\/strong>: dia 30 (s\u00e1bado) \u2013 apresenta\u00e7\u00e3o das 15 m\u00fasicas selecionadas pela fase eliminat\u00f3ria.<br><strong>Final<\/strong>: dia 31 (domingo) \u2013 apresenta\u00e7\u00e3o das 10 m\u00fasicas selecionadas pela fase semifinal e defini\u00e7\u00e3o das quatro melhores m\u00fasicas do festival, com as quatro sendo consideradas vencedoras.<\/p>\n\n\n\n<p><a href=\"https:\/\/cultura.jundiai.sp.gov.br\/festivaldemusica\/\" target=\"_blank\" rel=\"noreferrer noopener\">CONFIRA A PROGRAMA\u00c7\u00c3O COMPLETADO FESTIVAL<\/a><\/p>\n\n\n\n<p>Haver\u00e1 premia\u00e7\u00e3o para melhor int\u00e9rprete, melhor m\u00fasica de Jundia\u00ed e voto popular. As quatro m\u00fasicas vencedoras receber\u00e3o aporte de 4 mil reais cada uma e trof\u00e9u, o mesmo pr\u00eamio para a melhor m\u00fasica de Jundia\u00ed. Ao melhor int\u00e9rprete e melhor m\u00fasica por voto popular ser\u00e1 conferido o aporte de 3 mil reais e trof\u00e9u.<\/p>\n\n\n\n<p><a rel=\"noreferrer noopener\" href=\"https:\/\/cultura.jundiai.sp.gov.br\/festivaldemusica\/shows-convidados\/\" target=\"_blank\">Dois shows&nbsp;<\/a>est\u00e3o confirmados no Complexo Fepasa, dia 30 (s\u00e1bado), \u00e0s 17h, Grupo Triii e no dia 31 (domingo), \u00e0s 15h, Dem\u00f4nios da Garoa, os dois com entrada gratuita.<\/p>\n\n\n\n<figure class=\"wp-block-image\"><img decoding=\"async\" src=\"https:\/\/jundiai.sp.gov.br\/noticias\/wp-content\/uploads\/sites\/32\/2022\/07\/triii_cortado.png\" alt=\"\" class=\"wp-image-297439\" \/><figcaption>A programa\u00e7\u00e3o do Festival trar\u00e1 como espet\u00e1culos convidados os shows das bandas Triii e Dem\u00f4nios da Garoa<\/figcaption><\/figure>\n\n\n\n<p>O p\u00fablico contar\u00e1 com \u00e1rea de estacionamento gratuito, pra\u00e7a de alimenta\u00e7\u00e3o com a presen\u00e7a dos permission\u00e1rios dos varej\u00f5es noturnos da cidade e os artes\u00e3os participantes do projeto \u201cJundia\u00ed feito \u00e0 M\u00e3o\u201d.<\/p>\n\n\n\n<p>O Festival de M\u00fasica, \u00e9 uma realiza\u00e7\u00e3o da Prefeitura de Jundia\u00ed, por meio da Unidade de Gest\u00e3o de Cultura, com apoio institucional do Sesi e parceria com a Funda\u00e7\u00e3o Padre Anchieta de S\u00e3o Paulo \u2013 R\u00e1dio Cultura FM e Cultura Brasil.<\/p>\n\n\n\n<p><strong><em>(Fonte\/Imagem: Prefeitura de Jundia\u00ed\/ Divulga\u00e7\u00e3o)<\/em><\/strong><\/p>\n","protected":false},"excerpt":{"rendered":"<p>Atra\u00e7\u00f5es do Festival ser\u00e3o apresentadas no Complexo Fepasa.<\/p>\n","protected":false},"author":27,"featured_media":96100,"comment_status":"closed","ping_status":"0","sticky":false,"template":"","format":"standard","meta":{"footnotes":""},"categories":[2833,8356],"tags":[],"class_list":["post-96099","post","type-post","status-publish","format-standard","has-post-thumbnail","hentry","category-cultura","category-jundiai"],"_links":{"self":[{"href":"https:\/\/tvtecjundiai.com.br\/news\/wp-json\/wp\/v2\/posts\/96099","targetHints":{"allow":["GET"]}}],"collection":[{"href":"https:\/\/tvtecjundiai.com.br\/news\/wp-json\/wp\/v2\/posts"}],"about":[{"href":"https:\/\/tvtecjundiai.com.br\/news\/wp-json\/wp\/v2\/types\/post"}],"author":[{"embeddable":true,"href":"https:\/\/tvtecjundiai.com.br\/news\/wp-json\/wp\/v2\/users\/27"}],"replies":[{"embeddable":true,"href":"https:\/\/tvtecjundiai.com.br\/news\/wp-json\/wp\/v2\/comments?post=96099"}],"version-history":[{"count":1,"href":"https:\/\/tvtecjundiai.com.br\/news\/wp-json\/wp\/v2\/posts\/96099\/revisions"}],"predecessor-version":[{"id":96101,"href":"https:\/\/tvtecjundiai.com.br\/news\/wp-json\/wp\/v2\/posts\/96099\/revisions\/96101"}],"wp:featuredmedia":[{"embeddable":true,"href":"https:\/\/tvtecjundiai.com.br\/news\/wp-json\/wp\/v2\/media\/96100"}],"wp:attachment":[{"href":"https:\/\/tvtecjundiai.com.br\/news\/wp-json\/wp\/v2\/media?parent=96099"}],"wp:term":[{"taxonomy":"category","embeddable":true,"href":"https:\/\/tvtecjundiai.com.br\/news\/wp-json\/wp\/v2\/categories?post=96099"},{"taxonomy":"post_tag","embeddable":true,"href":"https:\/\/tvtecjundiai.com.br\/news\/wp-json\/wp\/v2\/tags?post=96099"}],"curies":[{"name":"wp","href":"https:\/\/api.w.org\/{rel}","templated":true}]}}