{"id":96102,"date":"2022-07-22T08:33:59","date_gmt":"2022-07-22T11:33:59","guid":{"rendered":"https:\/\/tvtecjundiai.com.br\/news\/?p=96102"},"modified":"2022-07-22T08:33:59","modified_gmt":"2022-07-22T11:33:59","slug":"programacao-de-ferias-segue-ate-o-fim-de-julho-no-mundo-das-criancas","status":"publish","type":"post","link":"https:\/\/tvtecjundiai.com.br\/news\/2022\/07\/22\/programacao-de-ferias-segue-ate-o-fim-de-julho-no-mundo-das-criancas\/","title":{"rendered":"Programa\u00e7\u00e3o de f\u00e9rias segue at\u00e9 o fim de julho no Mundo das Crian\u00e7as"},"content":{"rendered":"\n<p>O Mundo das Crian\u00e7as deu in\u00edcio nesta semana, a mais duas atividades que integram a programa\u00e7\u00e3o especial de f\u00e9rias do parque. At\u00e9 o fim do m\u00eas, crian\u00e7as que visitarem o parque poder\u00e3o participar das oficinas ambientais na Casa da \u00c1rvore Pica-Pau e das brincadeiras interativas com os monitores no Parque Paca.<\/p>\n\n\n\n<p>\u201c\u00c9 um parque realmente incr\u00edvel\u201d, conta Lariane Gomes, m\u00e3e da Valentina, de 6 anos, que aproveitou as f\u00e9rias escolares para conhecer o Mundo.&nbsp;\u201cSomos de Jundia\u00ed mesmo, mas ainda n\u00e3o t\u00ednhamos conhecido, fiquei impressionada, \u00e9 muito legal\u201d, completa.<\/p>\n\n\n\n<p>Al\u00e9m das oficinas, as crian\u00e7as tamb\u00e9m participaram de um teatro infantil sobre as quatro esta\u00e7\u00f5es do ano, onde foram ensinadas sobre a import\u00e2ncia da preserva\u00e7\u00e3o do meio ambiente, do uso consciente da \u00e1gua e sobre as consequ\u00eancias que as mudan\u00e7as clim\u00e1ticas podem trazer ao planeta.<\/p>\n\n\n<div class=\"wp-block-image\">\n<figure class=\"aligncenter size-full is-resized\"><img loading=\"lazy\" decoding=\"async\" src=\"https:\/\/tvtecjundiai.com.br\/news\/wp-content\/uploads\/sites\/2\/2022\/07\/mundo-das-criancas-sp.jpg\" alt=\"\" class=\"wp-image-96104\" width=\"697\" height=\"523\" srcset=\"https:\/\/tvtecjundiai.com.br\/news\/wp-content\/uploads\/sites\/2\/2022\/07\/mundo-das-criancas-sp.jpg 900w, https:\/\/tvtecjundiai.com.br\/news\/wp-content\/uploads\/sites\/2\/2022\/07\/mundo-das-criancas-sp-300x225.jpg 300w, https:\/\/tvtecjundiai.com.br\/news\/wp-content\/uploads\/sites\/2\/2022\/07\/mundo-das-criancas-sp-768x576.jpg 768w\" sizes=\"auto, (max-width: 697px) 100vw, 697px\" \/><\/figure>\n<\/div>\n\n\n<p>Para Ang\u00e9lica Santana, as oficinas poderiam ocorrer todos os dias. \u201c\u00c9 a segunda vez que estamos visitando o Mundo. Prefiro vir durante a semana que \u00e9 mais tranquilo e \u00e9 \u00f3timo que as crian\u00e7as tenham oportunidade de participar dessas atividades\u201d, conta a m\u00e3e da Melissa de 6 anos, que interpretou a Ice, personagem que representa o inverno, na apresenta\u00e7\u00e3o.<\/p>\n\n\n\n<p>Al\u00e9m de garantir a divers\u00e3o dos pequenos visitantes, a programa\u00e7\u00e3o de f\u00e9rias do Mundo das Crian\u00e7as tem o objetivo de promover o contato com a natureza e conscientizar as crian\u00e7as sobre a import\u00e2ncia da preserva\u00e7\u00e3o ambiental.<\/p>\n\n\n\n<p><strong>Confira os dias e hor\u00e1rios<\/strong><\/p>\n\n\n\n<p>As oficinas e brincadeiras com monitores seguem at\u00e9 o dia 29 de julho. A programa\u00e7\u00e3o de f\u00e9rias conta ainda com as oficinas de conta\u00e7\u00e3o de hist\u00f3rias, que ser\u00e3o ministradas nos dois \u00faltimos finais de semana do m\u00eas (23, 24, 30 e 31), na Casa da \u00c1rvore,&nbsp;\u00e0s 10h30 e \u00e0s 16h.<\/p>\n\n\n\n<p>Para participar das atividades de f\u00e9rias do Mundo basta procurar os monitores nos locais e datas informadas. O Mundo das Crian\u00e7as \u00e9 um\u00a0espa\u00e7o gratuito administrado pela DAE Jundia\u00ed. O acesso \u00e9 liberado de ter\u00e7a a sexta-feira, com agendamento necess\u00e1rio apenas aos finais de semana\u00a0e feriados pelo site\u00a0<a rel=\"noreferrer noopener\" href=\"http:\/\/mundodascriancasjundiai.com.br\/\" target=\"_blank\">mundodascriancasjundiai.com.br<\/a><\/p>\n\n\n\n<p><em><strong>(Fonte: DAE Jundia\u00ed\/Imagem: Prefeitura de Jundia\u00ed)<\/strong><\/em><\/p>\n","protected":false},"excerpt":{"rendered":"<p>Crian\u00e7as poder\u00e3o participar de oficinas ambientais e brincadeiras interativas<\/p>\n","protected":false},"author":30,"featured_media":96104,"comment_status":"closed","ping_status":"0","sticky":false,"template":"","format":"standard","meta":{"footnotes":""},"categories":[8356,8354,1],"tags":[],"class_list":["post-96102","post","type-post","status-publish","format-standard","has-post-thumbnail","hentry","category-jundiai","category-lazer","category-noticias"],"_links":{"self":[{"href":"https:\/\/tvtecjundiai.com.br\/news\/wp-json\/wp\/v2\/posts\/96102","targetHints":{"allow":["GET"]}}],"collection":[{"href":"https:\/\/tvtecjundiai.com.br\/news\/wp-json\/wp\/v2\/posts"}],"about":[{"href":"https:\/\/tvtecjundiai.com.br\/news\/wp-json\/wp\/v2\/types\/post"}],"author":[{"embeddable":true,"href":"https:\/\/tvtecjundiai.com.br\/news\/wp-json\/wp\/v2\/users\/30"}],"replies":[{"embeddable":true,"href":"https:\/\/tvtecjundiai.com.br\/news\/wp-json\/wp\/v2\/comments?post=96102"}],"version-history":[{"count":1,"href":"https:\/\/tvtecjundiai.com.br\/news\/wp-json\/wp\/v2\/posts\/96102\/revisions"}],"predecessor-version":[{"id":96105,"href":"https:\/\/tvtecjundiai.com.br\/news\/wp-json\/wp\/v2\/posts\/96102\/revisions\/96105"}],"wp:featuredmedia":[{"embeddable":true,"href":"https:\/\/tvtecjundiai.com.br\/news\/wp-json\/wp\/v2\/media\/96104"}],"wp:attachment":[{"href":"https:\/\/tvtecjundiai.com.br\/news\/wp-json\/wp\/v2\/media?parent=96102"}],"wp:term":[{"taxonomy":"category","embeddable":true,"href":"https:\/\/tvtecjundiai.com.br\/news\/wp-json\/wp\/v2\/categories?post=96102"},{"taxonomy":"post_tag","embeddable":true,"href":"https:\/\/tvtecjundiai.com.br\/news\/wp-json\/wp\/v2\/tags?post=96102"}],"curies":[{"name":"wp","href":"https:\/\/api.w.org\/{rel}","templated":true}]}}