{"id":96103,"date":"2022-07-22T08:42:16","date_gmt":"2022-07-22T11:42:16","guid":{"rendered":"https:\/\/tvtecjundiai.com.br\/news\/?p=96103"},"modified":"2022-07-22T16:34:27","modified_gmt":"2022-07-22T19:34:27","slug":"festa-julina-de-jundiai-comeca-neste-final-de-semana","status":"publish","type":"post","link":"https:\/\/tvtecjundiai.com.br\/news\/2022\/07\/22\/festa-julina-de-jundiai-comeca-neste-final-de-semana\/","title":{"rendered":"<strong>Festa Julina de Jundia\u00ed come\u00e7a neste final de semana<\/strong>"},"content":{"rendered":"\n<p>A 3\u00aa edi\u00e7\u00e3o da Festa Julina de Jundia\u00ed come\u00e7a&nbsp;<strong>neste final de semana, dias 23 e 24<\/strong>&nbsp;e os preparativos est\u00e3o a todo o vapor. Com uma \u00e1rea total de 35 mil m\u00b2, o evento acontece no&nbsp;<strong>Parque da Uva<\/strong>&nbsp;(Avenida Jundia\u00ed, s\/n) com abertura dos port\u00f5es a partir das 12h, com um card\u00e1pio repleto de comida boa e que traz a identidade brasileira e carrega o sabor e tempero do povo nordestino. Ao todo, entre barracas e food trucks, s\u00e3o&nbsp;<strong>mais de 40 op\u00e7\u00f5es gastron\u00f4micas<\/strong>, entre bai\u00e3o de dois, carne de sol com macaxeira, arroz carreteiro, cuscuz com carne seca, al\u00e9m de sobremesas como arroz doce, canjica e tapiocas.<\/p>\n\n\n\n<p>Uma fogueira cenogr\u00e1fica \u00e9 o destaque da decora\u00e7\u00e3o, com 15 metros de altura, al\u00e9m de mais de 60 km de bandeirinhas e 200 metros de cidade cenogr\u00e1fica. Para compor todo o cen\u00e1rio, apresenta\u00e7\u00f5es de quadrilhas, cord\u00e9is e muitas outras atra\u00e7\u00f5es culturais agitam o evento a partir das 14h.&nbsp;A expectativa da equipe organizadora \u00e9 que passem pelo local, diariamente, cerca de 15 mil pessoas.<\/p>\n\n\n\n<p>J\u00e1 a grade de shows principal conta com apresenta\u00e7\u00f5es de&nbsp;<strong>Z\u00e9 Neto e Cristiano, J\u00e3o, Nando Reis, Bar\u00f5es da Pisadinha, Jo\u00e3o Gomes, Tarc\u00edsio do Acordeon, Turma do Pagode<\/strong>&nbsp;e<strong>&nbsp;Vitor Fernandes.&nbsp;<\/strong><\/p>\n\n\n\n<p>O evento vai arrecadar uma grande quantidade de alimentos que ser\u00e3o destinados ao FUNSS da Prefeitura de Jundia\u00ed e, al\u00e9m dos mantimentos, as pessoas podem aproveitar o clima mais frio para aquecer o cora\u00e7\u00e3o das pessoas mais necessitadas. A organiza\u00e7\u00e3o vai receber agasalhos em bom estado e todas as pe\u00e7as ser\u00e3o repassadas ao&nbsp;<strong>Fundo Social de Solidariedade da Prefeitura de Jundia\u00ed<\/strong>. A equipe organizadora pede para que sejam doadas roupas em bom estado e refor\u00e7a que n\u00e3o ser\u00e3o aceitos a\u00e7\u00facar e sal.&nbsp;<\/p>\n\n\n\n<p><strong>Programa\u00e7\u00e3o completa<\/strong><\/p>\n\n\n\n<p><strong>S\u00e1bado 23 de julho<\/strong><br>14h &#8211; Trio Cheiro de Mato<br>15h &#8211; Quadrilha Tia T\u00e2nia<br>16h &#8211; Pereira Repentista<br>17h &#8211; Kaio Cortez<br><strong>19h \u2013 Z\u00e9 Neto e Cristiano<\/strong><\/p>\n\n\n\n<p><strong>Domingo 24 de julho<\/strong><br>14h &#8211; Peneira Repentista<br>15h &#8211; Quadrilha Sacode Poeira<br>16h &#8211; Pedro e Bruno<\/p>\n\n\n\n<p>17h &#8211; Bal\u00e9 Caipira<br><strong>19h \u2013 J\u00e3o \/ Nando Reis<\/strong><\/p>\n\n\n\n<p><strong>Sexta-feira 29 de julho<\/strong><\/p>\n\n\n\n<p><strong>19h \u2013 Turma do Pagode<\/strong><\/p>\n\n\n\n<p><strong>S\u00e1bado 30 de julho<\/strong><br>14h &#8211; F\u00ea Castro<br>15h &#8211; Quadrilha Tio AndyAngel<br>16h &#8211; Zoinho<br>17h &#8211; Pedro e Bruno<br><strong>19h \u2013 Bar\u00f5es da Pisadinha<\/strong><\/p>\n\n\n\n<p><strong>Domingo 31 de julho<\/strong><br>14h &#8211; Trio Cheiro de Mato<br>15h &#8211; Quadrilha Moderna Teatral<br>16h &#8211; Quadrilha S\u00e3o Pedro<br><strong>A partir das 16h30 &#8211;&nbsp;Jo\u00e3o Gomes \/ Tarc\u00edsio do Acordeon \/ Vitor Fernandes<\/strong><\/p>\n\n\n\n<p>17h &#8211; Bal\u00e9 Caipira<\/p>\n\n\n\n<p><strong>Servi\u00e7o<\/strong>Parque da Uva de Jundia\u00ed, Av Jundia\u00ed s\/n<br>Data: 23 a 31 de Julho<br>Abertura dos port\u00f5es:<br>Sexta-feira, \u00e0s 18h<br>S\u00e1bados e Domingos, \u00e0s 12h (Com entrada gratuita na pra\u00e7a de alimenta\u00e7\u00e3o at\u00e9 14h)&nbsp;<\/p>\n\n\n\n<p>Para melhor acomoda\u00e7\u00e3o de todo o p\u00fablico, o evento este ano oferece 3 setores de ingressos:&nbsp;<\/p>\n\n\n\n<p><strong>&#8211; Pista:<\/strong>&nbsp;maior setor do e&nbsp;vento, acesso a arena de shows, pra\u00e7a de alimenta\u00e7\u00e3o completa e atra\u00e7\u00f5es t\u00edpicas juninas<\/p>\n\n\n\n<p><strong>&#8211; Pista Premium:<\/strong>&nbsp;mesmas comodidades da Pista, com vista privilegiada e maior proximidade do palco.&nbsp;<\/p>\n\n\n\n<p><strong>&#8211; Corporativo:<\/strong>&nbsp;Camarote exclusivo para 10 pessoas, entradas e bares exclusivos, acesso a banheiros containers e acesso aos setores pista e pista premium.&nbsp;<\/p>\n\n\n\n<p><strong>&#8211; Camarote VIP:<\/strong>&nbsp;mesmas comodidades da Pista, e \u00e1rea coberta e elevada, com vista privilegiada do palco.<br><strong>Ingressos:<\/strong><a rel=\"noreferrer noopener\" href=\"https:\/\/bityli.com\/Julina-Imprensa\" target=\"_blank\">&nbsp;https:\/\/bityli.com\/Julina-Imprensa<\/a><\/p>\n\n\n\n<p><em><strong>(Fonte\/Imagem: Assessoria Festa Julina de Jundia\u00ed)<\/strong><\/em><\/p>\n","protected":false},"excerpt":{"rendered":"<p>Grade de shows principais conta com\u00a0Z\u00e9 Neto e Cristiano, J\u00e3o e Nando Reis<\/p>\n","protected":false},"author":27,"featured_media":96107,"comment_status":"closed","ping_status":"0","sticky":false,"template":"","format":"standard","meta":{"footnotes":""},"categories":[29,8356,8354],"tags":[],"class_list":["post-96103","post","type-post","status-publish","format-standard","has-post-thumbnail","hentry","category-destaque","category-jundiai","category-lazer"],"_links":{"self":[{"href":"https:\/\/tvtecjundiai.com.br\/news\/wp-json\/wp\/v2\/posts\/96103","targetHints":{"allow":["GET"]}}],"collection":[{"href":"https:\/\/tvtecjundiai.com.br\/news\/wp-json\/wp\/v2\/posts"}],"about":[{"href":"https:\/\/tvtecjundiai.com.br\/news\/wp-json\/wp\/v2\/types\/post"}],"author":[{"embeddable":true,"href":"https:\/\/tvtecjundiai.com.br\/news\/wp-json\/wp\/v2\/users\/27"}],"replies":[{"embeddable":true,"href":"https:\/\/tvtecjundiai.com.br\/news\/wp-json\/wp\/v2\/comments?post=96103"}],"version-history":[{"count":3,"href":"https:\/\/tvtecjundiai.com.br\/news\/wp-json\/wp\/v2\/posts\/96103\/revisions"}],"predecessor-version":[{"id":96154,"href":"https:\/\/tvtecjundiai.com.br\/news\/wp-json\/wp\/v2\/posts\/96103\/revisions\/96154"}],"wp:featuredmedia":[{"embeddable":true,"href":"https:\/\/tvtecjundiai.com.br\/news\/wp-json\/wp\/v2\/media\/96107"}],"wp:attachment":[{"href":"https:\/\/tvtecjundiai.com.br\/news\/wp-json\/wp\/v2\/media?parent=96103"}],"wp:term":[{"taxonomy":"category","embeddable":true,"href":"https:\/\/tvtecjundiai.com.br\/news\/wp-json\/wp\/v2\/categories?post=96103"},{"taxonomy":"post_tag","embeddable":true,"href":"https:\/\/tvtecjundiai.com.br\/news\/wp-json\/wp\/v2\/tags?post=96103"}],"curies":[{"name":"wp","href":"https:\/\/api.w.org\/{rel}","templated":true}]}}