{"id":96151,"date":"2022-07-25T12:00:00","date_gmt":"2022-07-25T15:00:00","guid":{"rendered":"https:\/\/tvtecjundiai.com.br\/news\/?p=96151"},"modified":"2022-07-22T15:59:11","modified_gmt":"2022-07-22T18:59:11","slug":"tvtec-ajuda-a-organizar-seu-negocio-na-primeira-semana-de-cursos-de-agosto-inscricoes-na-quarta-27","status":"publish","type":"post","link":"https:\/\/tvtecjundiai.com.br\/news\/2022\/07\/25\/tvtec-ajuda-a-organizar-seu-negocio-na-primeira-semana-de-cursos-de-agosto-inscricoes-na-quarta-27\/","title":{"rendered":"TVTEC ajuda a organizar seu neg\u00f3cio na primeira semana de cursos de agosto. Inscri\u00e7\u00f5es na quarta (27)"},"content":{"rendered":"\n<p>Ao tirar seu projeto do papel e montar seu neg\u00f3cio, muitas quest\u00f5es podem surgir e \u00e9 preciso saber como resolver da melhor forma poss\u00edvel. A Prefeitura de Jundia\u00ed e a TVTEC v\u00e3o oferecer uma verdadeira imers\u00e3o ao empreendedorismo na primeira semana de cursos gratuitos de agosto na Escola de Inova\u00e7\u00e3o, Coisas e Neg\u00f3cios.<\/p>\n\n\n\n<p>\u201cO empreendedor j\u00e1 enfrenta diversos desafios diariamente, mas quando ele tem organiza\u00e7\u00e3o financeira, consegue aproveitar maiores oportunidades, alavancar e melhorar seu neg\u00f3cio, ter um sal\u00e1rio e tirar f\u00e9rias, al\u00e9m da seguran\u00e7a financeira. Organizar as finan\u00e7as \u00e9 cuidar do seu futuro e da sa\u00fade mental\u201d, conta Nayara Almeida, professora de <em>Organiza\u00e7\u00e3o financeira<\/em>, novo curso da funda\u00e7\u00e3o.<\/p>\n\n\n\n<p>Para quem quer aprender m\u00e9todos e formas de trabalhar melhor em seu neg\u00f3cio, dois cursos auxiliaram nessa tarefa. O primeiro \u00e9 <em>Gest\u00e3o de tempo e produtividade<\/em>, que segundo o professor Bruno Lan\u00e7oni, \u00e9 poss\u00edvel utilizar a tecnologia e suas ferramentas para ministrar da melhor forma sua dedica\u00e7\u00e3o no trabalho. J\u00e1 em <em>Empreendedorismo e Design Thinking, <\/em>&nbsp;\u201c\u00e9 poss\u00edvel formatar pensamentos com a inten\u00e7\u00e3o de criar uma abordagem \u00e1gil na gest\u00e3o do neg\u00f3cio, resultando na solu\u00e7\u00e3o de problemas, cria\u00e7\u00e3o de novos produtos ou servi\u00e7os\u201d, explica o professor Arnaldo Vhieira<em>.<\/em> &nbsp;<\/p>\n\n\n\n<p>Para o empreendedor que deseja divulgar seu neg\u00f3cio, outras duas capacita\u00e7\u00f5es v\u00e3o auxiliar a conquistar novos clientes, seja com o uso da informa\u00e7\u00e3o ou da imagem: <em>Promova sua empresa pelo celular<\/em> e <em>Planejamento fotogr\u00e1fico<\/em>.<\/p>\n\n\n\n<figure class=\"wp-block-image size-large\"><img loading=\"lazy\" decoding=\"async\" width=\"1200\" height=\"800\" src=\"https:\/\/tvtecjundiai.com.br\/news\/wp-content\/uploads\/sites\/2\/2022\/07\/CURSO-MIDIAS_FLAVIA-26.01.2022-9-min-1200x800.jpg\" alt=\"\" class=\"wp-image-96152\" srcset=\"https:\/\/tvtecjundiai.com.br\/news\/wp-content\/uploads\/sites\/2\/2022\/07\/CURSO-MIDIAS_FLAVIA-26.01.2022-9-min-1200x800.jpg 1200w, https:\/\/tvtecjundiai.com.br\/news\/wp-content\/uploads\/sites\/2\/2022\/07\/CURSO-MIDIAS_FLAVIA-26.01.2022-9-min-300x200.jpg 300w, https:\/\/tvtecjundiai.com.br\/news\/wp-content\/uploads\/sites\/2\/2022\/07\/CURSO-MIDIAS_FLAVIA-26.01.2022-9-min-768x512.jpg 768w, https:\/\/tvtecjundiai.com.br\/news\/wp-content\/uploads\/sites\/2\/2022\/07\/CURSO-MIDIAS_FLAVIA-26.01.2022-9-min.jpg 1280w\" sizes=\"auto, (max-width: 1200px) 100vw, 1200px\" \/><figcaption>Empreendedores v\u00e3o ter uma semana repleta de cursos gratuitos oferecidos pela Prefeitura de Jundia\u00ed<\/figcaption><\/figure>\n\n\n\n<p>As inscri\u00e7\u00f5es abrem na pr\u00f3xima quarta-feira (27), ao meio-dia, no <a href=\"https:\/\/tvtecjundiai.com.br\/inscricoes-cursos-jundiai\/\">site<\/a>. A participa\u00e7\u00e3o \u00e9 aberta ao p\u00fablico geral e tem idade m\u00ednima de 16 anos. Interessados podem se inscrever em mais de um curso na semana, desde que os dias e hor\u00e1rios n\u00e3o coincidam.<strong> <\/strong>Confira a programa\u00e7\u00e3o:<\/p>\n\n\n\n<p><strong>EMPREENDEDORISMO E DESIGN THINKING<\/strong><br>Professor: Arnaldo Vieira<br>Modalidade: <strong>online<\/strong><br>Dias: <strong>01 e 03\/08<\/strong><br>Hor\u00e1rio: <strong>14h \u00e0s 17h<\/strong><\/p>\n\n\n\n<p><strong>PROMOVA SUA EMPRESA PELO CELULAR<\/strong><br>Professor: Fabiano Pereira<br>Modalidade: <strong>online<\/strong><br>Dias: <strong>01\/08<\/strong><br>Hor\u00e1rio: <strong>19h \u00e0s 22h<\/strong><\/p>\n\n\n\n<p><strong>GEST\u00c3O DE TEMPO E PRODUTIVIDADE<\/strong><br>Professor: Bruno Lan\u00e7oni<br>Modalidade: <strong>online<\/strong><br>Dias: <strong>02 e 04\/08<\/strong><br>Hor\u00e1rio: <strong>14h \u00e0s 16h30<\/strong><\/p>\n\n\n\n<p><strong>ORGANIZA\u00c7\u00c3O FINANCEIRA<\/strong><br>Professora: Nayara Santos<br>Modalidade: <strong>online<\/strong><br>Dias: <strong>02 e 04\/08<\/strong><br>Hor\u00e1rio: <strong>19h \u00e0s 22h<\/strong><\/p>\n\n\n\n<p><strong>PLANEJAMENTO FOTOGR\u00c1FICO<\/strong><br>Professora: Grace Sanches<br>Modalidade: <strong>presencial<\/strong><br>Dias: <strong>03\/08<\/strong><br>Hor\u00e1rio: <strong>19h \u00e0s 22h<\/strong><\/p>\n\n\n\n<p>Em decorr\u00eancia da pandemia, os protocolos de higiene ainda est\u00e3o sendo seguidos nas aulas presenciais e com p\u00fablico reduzido na sala, al\u00e9m da necessidade de apresenta\u00e7\u00e3o do comprovante de vacina\u00e7\u00e3o com, ao menos, duas doses da vacina contra Covid-19. Por\u00e9m, n\u00e3o \u00e9 obrigat\u00f3rio o uso de m\u00e1scaras, sendo opcional, de acordo com as novas diretrizes do Governo do Estado de S\u00e3o Paulo.<\/p>\n","protected":false},"excerpt":{"rendered":"<p>Prefeitura de Jundia\u00ed oferece cinco cursos para comerciantes e microempreendedores estruturarem seu neg\u00f3cio<\/p>\n","protected":false},"author":17,"featured_media":96152,"comment_status":"closed","ping_status":"0","sticky":false,"template":"","format":"standard","meta":{"footnotes":""},"categories":[8356,1],"tags":[],"class_list":["post-96151","post","type-post","status-publish","format-standard","has-post-thumbnail","hentry","category-jundiai","category-noticias"],"_links":{"self":[{"href":"https:\/\/tvtecjundiai.com.br\/news\/wp-json\/wp\/v2\/posts\/96151","targetHints":{"allow":["GET"]}}],"collection":[{"href":"https:\/\/tvtecjundiai.com.br\/news\/wp-json\/wp\/v2\/posts"}],"about":[{"href":"https:\/\/tvtecjundiai.com.br\/news\/wp-json\/wp\/v2\/types\/post"}],"author":[{"embeddable":true,"href":"https:\/\/tvtecjundiai.com.br\/news\/wp-json\/wp\/v2\/users\/17"}],"replies":[{"embeddable":true,"href":"https:\/\/tvtecjundiai.com.br\/news\/wp-json\/wp\/v2\/comments?post=96151"}],"version-history":[{"count":1,"href":"https:\/\/tvtecjundiai.com.br\/news\/wp-json\/wp\/v2\/posts\/96151\/revisions"}],"predecessor-version":[{"id":96153,"href":"https:\/\/tvtecjundiai.com.br\/news\/wp-json\/wp\/v2\/posts\/96151\/revisions\/96153"}],"wp:featuredmedia":[{"embeddable":true,"href":"https:\/\/tvtecjundiai.com.br\/news\/wp-json\/wp\/v2\/media\/96152"}],"wp:attachment":[{"href":"https:\/\/tvtecjundiai.com.br\/news\/wp-json\/wp\/v2\/media?parent=96151"}],"wp:term":[{"taxonomy":"category","embeddable":true,"href":"https:\/\/tvtecjundiai.com.br\/news\/wp-json\/wp\/v2\/categories?post=96151"},{"taxonomy":"post_tag","embeddable":true,"href":"https:\/\/tvtecjundiai.com.br\/news\/wp-json\/wp\/v2\/tags?post=96151"}],"curies":[{"name":"wp","href":"https:\/\/api.w.org\/{rel}","templated":true}]}}