{"id":96171,"date":"2022-07-23T09:19:57","date_gmt":"2022-07-23T12:19:57","guid":{"rendered":"https:\/\/tvtecjundiai.com.br\/news\/?p=96171"},"modified":"2022-07-23T09:20:01","modified_gmt":"2022-07-23T12:20:01","slug":"obras-de-revitalizacao-nos-centros-esportivos-iniciam-nova-fase","status":"publish","type":"post","link":"https:\/\/tvtecjundiai.com.br\/news\/2022\/07\/23\/obras-de-revitalizacao-nos-centros-esportivos-iniciam-nova-fase\/","title":{"rendered":"Obras de revitaliza\u00e7\u00e3o nos centros esportivos iniciam nova fase"},"content":{"rendered":"\n<p>As obras de revitaliza\u00e7\u00e3o dos Centros Educacionais, Culturais e Esportivos (CECEs) Ov\u00eddeo Bueno e Vanderlei Ant\u00f4nio Sperandio t\u00eam avan\u00e7ado com velocidade e as mudan\u00e7as j\u00e1 come\u00e7am a ser percebidas por quem frequenta estes espa\u00e7os. As reformas incluem tanto a melhoria das estruturas j\u00e1 existentes como a cria\u00e7\u00e3o de novos equipamentos, como gin\u00e1sio coberto, sala de gin\u00e1stica, pista de skate e outros.<\/p>\n\n\n\n<p>\u201cJundia\u00ed \u00e9 a Cidade das Crian\u00e7as e entre seus destaques est\u00e1 a qualidade de vida, quesito reconhecido recentemente em pesquisa nacional, realizada pela Revista Isto \u00c9. Os equipamentos esportivos, as pra\u00e7as e os parques distribu\u00eddos em toda a cidade garantem espa\u00e7os para o desenvolvimento da inf\u00e2ncia com suas fam\u00edlias. O investimento nesses espa\u00e7os faz parte do planejamento do governo\u201d, comenta o prefeito Luiz Fernando Machado.<\/p>\n\n\n\n<p>Segundo o gestor da Unidade de Gest\u00e3o de Esporte e Lazer (UGEL), Cl\u00e1udio Tarallo, o foco \u00e9 realizar e entregar grandes obras. \u201cA Prefeitura de Jundia\u00ed tem investido muito no esporte, principalmente revitalizando e qualificando os espa\u00e7os existentes. Nosso objetivo \u00e9 que os mun\u00edcipes tenham um espa\u00e7o acolhedor e seguro para lazer e a pr\u00e1tica de atividade f\u00edsica. Al\u00e9m disso, as melhorias na infraestrutura impactam positivamente no desenvolvimento das aulas e treinos do Programa Esporte Jundia\u00ed, promovido pelos Educadores Esportivos da UGEL\u201d, afirma.<\/p>\n\n\n\n<p><strong>CECE Vanderlei Sperandio<\/strong><\/p>\n\n\n\n<p>No CECE Vanderlei Sperandio, localizado no Jardim Marambaia, uma nova sala de gin\u00e1stica totalmente coberta est\u00e1 sendo constru\u00edda, e ser\u00e1 equipada com diversos aparelhos para a pr\u00e1tica de v\u00e1rias modalidades. Todo o concreto do contrapiso j\u00e1 foi realizado, assim como as paredes laterais, e na pr\u00f3xima etapa ser\u00e1 iniciada a coloca\u00e7\u00e3o da estrutura para a constru\u00e7\u00e3o da cobertura.&nbsp;<\/p>\n\n\n\n<p>\u201cAs mudan\u00e7as que presenciamos aqui sempre s\u00e3o para melhor. Ter um local deste perto de casa ajuda muito para que as crian\u00e7as possam brincar e n\u00e3o apenas ficarem fechadas dentro de casa. E ficar\u00e1 mais completo ainda com as novas estruturas\u201d, comenta a dona Francisca Mendes, de 62 anos, que passeava com o neto Augusto, de 6, e o sobrinho Victor, de 12 anos.<\/p>\n\n\n\n<figure class=\"wp-block-image\"><img decoding=\"async\" src=\"https:\/\/jundiai.sp.gov.br\/noticias\/wp-content\/uploads\/sites\/32\/2022\/07\/obras-no-cece-vanderlei-antonio-sperandio_fm_-19.jpg\" alt=\"Dona Maria Rocha, que sempre leva os netos para a pr\u00e1tica de atividades f\u00edsicas no Centro Esportivo, sentada ao lado da quadra\" class=\"wp-image-297512\" \/><figcaption>Dona Maria Rocha sempre leva os netos para a pr\u00e1tica de atividades f\u00edsicas no Centro Esportivo<\/figcaption><\/figure>\n\n\n\n<p>No momento, a equipe que trabalha no local est\u00e1 focada no t\u00e9rmino do novo pr\u00e9dio da administra\u00e7\u00e3o. Nesta semana, todas as paredes foram lixadas para que o local possa receber a nova pintura na pr\u00f3xima semana. Nesta fase da constru\u00e7\u00e3o, o valor total investido ser\u00e1 de R$ 517.611,80, em licita\u00e7\u00e3o realizada em 2021, incluindo todas as constru\u00e7\u00f5es.<\/p>\n\n\n\n<p>\u201cA gente vem aqui porque sempre est\u00e1 bem cuidado e eles gostam muito do parquinho. Tamb\u00e9m tem a parte de interagir e brincar com as outras crian\u00e7as, jogar basquete e futebol, e eles adoram. As reformas v\u00e3o incentivar ainda mais as pessoas a virem sempre\u201d, comenta Maria Rocha, de 59 anos, que levou os netos Arthur e Fagner para a quadra poliesportiva.<\/p>\n\n\n\n<p>Na \u00faltima etapa da obra, ap\u00f3s a conclus\u00e3o da sala de gin\u00e1stica, ser\u00e1 constru\u00edda ainda uma nova pista de skate dentro do Centro Esportivo.<\/p>\n\n\n\n<figure class=\"wp-block-image\"><img decoding=\"async\" src=\"https:\/\/jundiai.sp.gov.br\/noticias\/wp-content\/uploads\/sites\/32\/2022\/07\/obras-no-cece-vanderlei-antonio-sperandio_fm_-1.jpg\" alt=\"Funcion\u00e1rio lixa a parede da nova administra\u00e7\u00e3o do CECE\" class=\"wp-image-297513\" \/><figcaption>Nova administra\u00e7\u00e3o do Ov\u00eddeo Bueno receber\u00e1 a pintura nas pr\u00f3ximas semanas<\/figcaption><\/figure>\n\n\n\n<p><strong>Ov\u00eddeo Bueno<\/strong><\/p>\n\n\n\n<p>Localizado na Avenida Ant\u00f4nio Frederico Ozanan, o CECE Ov\u00eddeo Bueno est\u00e1 recebendo a constru\u00e7\u00e3o de um novo gin\u00e1sio totalmente coberto, que tamb\u00e9m servir\u00e1 como Centro de Excel\u00eancia do Basquete.<\/p>\n\n\n\n<p>Com investimento total de R$ 3.460.815,66, a obra j\u00e1 se encontra na fase de prepara\u00e7\u00e3o para a instala\u00e7\u00e3o dos pilares e das tesouras, que formar\u00e3o a estrutura para a cobertura. A parte de concreto que inclui contrapiso, paredes dos vesti\u00e1rios e arquibancada j\u00e1 foi conclu\u00edda, assim como a instala\u00e7\u00e3o da rede hidr\u00e1ulica e do sistema de \u00e1gua e esgoto.<\/p>\n\n\n\n<figure class=\"wp-block-image\"><img decoding=\"async\" src=\"https:\/\/jundiai.sp.gov.br\/noticias\/wp-content\/uploads\/sites\/32\/2022\/07\/obras-no-cece-antonio-ovideo-bueno_fm_-6.jpg\" alt=\"Concreto sendo quebrado por um funcion\u00e1rio para constru\u00e7\u00e3o da rampa de acessibilidade para pessoas com defici\u00eancia\" class=\"wp-image-297514\" \/><figcaption>Novo gin\u00e1sio ter\u00e1 rampa de acessibilidade para pessoas com defici\u00eancia<\/figcaption><\/figure>\n\n\n\n<p>Nesta semana, os pilares de sustenta\u00e7\u00e3o est\u00e3o sendo pintados para serem colocado a partir da semana que vem. Depois disso, ser\u00e3o montadas as tesouras que dar\u00e3o toda a base para o teto do gin\u00e1sio. No seu ponto mais alto, a cobertura chegar\u00e1 aos 14 metros de altura. Tamb\u00e9m est\u00e3o sendo constru\u00eddas duas rampas de acessibilidade que dar\u00e3o acesso \u00e0 quadra para cadeirantes.<\/p>\n\n\n\n<p>A estrutura contar\u00e1 com arquibancada com cadeiras para 170 pessoas, sala administrativa, sala de professores e t\u00e9cnicos, sala de primeiros socorros, copa, dep\u00f3sito, mezanino, sanit\u00e1rio e vesti\u00e1rio masculino e feminino.<\/p>\n\n\n\n<figure class=\"wp-block-image\"><img decoding=\"async\" src=\"https:\/\/jundiai.sp.gov.br\/noticias\/wp-content\/uploads\/sites\/32\/2022\/07\/obras-no-cece-antonio-ovideo-bueno_fm_-1.jpg\" alt=\"Estrutura que sustentar\u00e1 o teto do novo gin\u00e1sio e ser\u00e1 colocada nas pr\u00f3ximas semanas\" class=\"wp-image-297515\" \/><figcaption>Estrutura que sustentar\u00e1 o teto do novo gin\u00e1sio ser\u00e1 colocada nas pr\u00f3ximas semanas<\/figcaption><\/figure>\n\n\n\n<p><strong>Vila Comercial<\/strong><\/p>\n\n\n\n<p>J\u00e1 no Complexo Educacional, Cultura e Esportivo Vila Comercial, est\u00e1 sendo realizada a obra de constru\u00e7\u00e3o dos novos vesti\u00e1rios. Com investimento total de R$ 454.951,20, as melhorias est\u00e3o praticamente conclu\u00eddas.<\/p>\n\n\n\n<p>Nesta semana, a CPFL realizou os servi\u00e7os na rede p\u00fablica pr\u00f3ximo ao Complexo da Vila Comercial, aguardando assinatura do contrato de presta\u00e7\u00e3o de servi\u00e7o para realizar a liga\u00e7\u00e3o. A Empresa realizou a solicita\u00e7\u00e3o do pedido de vistoria no padr\u00e3o de entrada de energia pelo site da CPFL. A Vistoria foi realizada no local e a CPFL aprovou o pedido de liga\u00e7\u00e3o de energia. A liga\u00e7\u00e3o deve ser realizada em at\u00e9 15 dias pela concession\u00e1ria.<\/p>\n","protected":false},"excerpt":{"rendered":"<p>As reformas incluem melhoria das estruturas j\u00e1 existentes e a cria\u00e7\u00e3o de novos equipamentos<\/p>\n","protected":false},"author":17,"featured_media":96172,"comment_status":"closed","ping_status":"0","sticky":false,"template":"","format":"standard","meta":{"footnotes":""},"categories":[8356,1],"tags":[],"class_list":["post-96171","post","type-post","status-publish","format-standard","has-post-thumbnail","hentry","category-jundiai","category-noticias"],"_links":{"self":[{"href":"https:\/\/tvtecjundiai.com.br\/news\/wp-json\/wp\/v2\/posts\/96171","targetHints":{"allow":["GET"]}}],"collection":[{"href":"https:\/\/tvtecjundiai.com.br\/news\/wp-json\/wp\/v2\/posts"}],"about":[{"href":"https:\/\/tvtecjundiai.com.br\/news\/wp-json\/wp\/v2\/types\/post"}],"author":[{"embeddable":true,"href":"https:\/\/tvtecjundiai.com.br\/news\/wp-json\/wp\/v2\/users\/17"}],"replies":[{"embeddable":true,"href":"https:\/\/tvtecjundiai.com.br\/news\/wp-json\/wp\/v2\/comments?post=96171"}],"version-history":[{"count":1,"href":"https:\/\/tvtecjundiai.com.br\/news\/wp-json\/wp\/v2\/posts\/96171\/revisions"}],"predecessor-version":[{"id":96173,"href":"https:\/\/tvtecjundiai.com.br\/news\/wp-json\/wp\/v2\/posts\/96171\/revisions\/96173"}],"wp:featuredmedia":[{"embeddable":true,"href":"https:\/\/tvtecjundiai.com.br\/news\/wp-json\/wp\/v2\/media\/96172"}],"wp:attachment":[{"href":"https:\/\/tvtecjundiai.com.br\/news\/wp-json\/wp\/v2\/media?parent=96171"}],"wp:term":[{"taxonomy":"category","embeddable":true,"href":"https:\/\/tvtecjundiai.com.br\/news\/wp-json\/wp\/v2\/categories?post=96171"},{"taxonomy":"post_tag","embeddable":true,"href":"https:\/\/tvtecjundiai.com.br\/news\/wp-json\/wp\/v2\/tags?post=96171"}],"curies":[{"name":"wp","href":"https:\/\/api.w.org\/{rel}","templated":true}]}}