{"id":96174,"date":"2022-07-23T11:28:31","date_gmt":"2022-07-23T14:28:31","guid":{"rendered":"https:\/\/tvtecjundiai.com.br\/news\/?p=96174"},"modified":"2022-07-23T11:28:36","modified_gmt":"2022-07-23T14:28:36","slug":"festival-de-musica-cultura-divulga-as-musicas-selecionadas","status":"publish","type":"post","link":"https:\/\/tvtecjundiai.com.br\/news\/2022\/07\/23\/festival-de-musica-cultura-divulga-as-musicas-selecionadas\/","title":{"rendered":"Festival de M\u00fasica: Cultura divulga as m\u00fasicas selecionadas"},"content":{"rendered":"\n<p>O&nbsp;<a rel=\"noreferrer noopener\" href=\"https:\/\/cultura.jundiai.sp.gov.br\/festivaldemusica\/\" target=\"_blank\">Festival de M\u00fasica de Jundia\u00ed<\/a>, uma realiza\u00e7\u00e3o da Prefeitura por meio da Unidade de Gest\u00e3o de Cultura (UGC), que acontece de 27 a 31 deste m\u00eas, em Unidade M\u00f3vel de Cultura do SESI-SP no Complexo Fepasa, j\u00e1 tem o cronograma de apresenta\u00e7\u00f5es das composi\u00e7\u00f5es selecionadas pela Comiss\u00e3o de Avalia\u00e7\u00e3o T\u00e9cnica, formada pelo produtor Jo\u00e3o Marcelo B\u00f4scoli, pela cantora Gra\u00e7a Cunha e o cr\u00edtico musical, S\u00e9rgio Martins.<\/p>\n\n\n\n<p>Com mais de 370 m\u00fasicas inscritas, de 323 compositores sendo 354 can\u00e7\u00f5es e 23 composi\u00e7\u00f5es instrumentais, representantes de 88 cidades de 16 estados brasileiros, com inscri\u00e7\u00f5es em todos os g\u00eaneros musicais, os t\u00e9cnicos chegaram aos finalistas da edi\u00e7\u00e3o 2022, que vem num formato moderno e din\u00e2mico, com realiza\u00e7\u00e3o paralela de workshops e roda de conversa gratuitas, com profissionais de renome no cen\u00e1rio musical nacional.<\/p>\n\n\n\n<p>A comiss\u00e3o organizadora do Festival divulga nesta sexta-feira(22), as composi\u00e7\u00f5es selecionadas, por ordem de apresenta\u00e7\u00e3o nas eliminat\u00f3rias abertas ao p\u00fablico, com entrada gratuita, sempre a partir das 19h, na pra\u00e7a central do Complexo Fepasa (avenida Uni\u00e3o dos Ferrovi\u00e1rios, 1760, Centro), marcadas para os dias 27, 28 e 29 ( quarta, quinta e sexta-feira).<\/p>\n\n\n\n<p><a href=\"https:\/\/cultura.jundiai.sp.gov.br\/festivaldemusica\/shows-com-artistas-proponentes\/\" target=\"_blank\" rel=\"noreferrer noopener\">Confira no site as m\u00fasicas selecionadas, int\u00e9rpretes, compositores, g\u00eanero musical e cidade de origem<\/a>.<\/p>\n\n\n\n<figure class=\"wp-block-image\"><img decoding=\"async\" src=\"https:\/\/jundiai.sp.gov.br\/noticias\/wp-content\/uploads\/sites\/32\/2022\/07\/concerto-da-orquestra-paulistana-caipira-no-complexo-fepasa_fm_-50.jpg\" alt=\"\" class=\"wp-image-297562\" \/><figcaption>Programa\u00e7\u00e3o do Festival de M\u00fasica no Complexo Fepasa come\u00e7a na pr\u00f3xima quarta-feira (27)<\/figcaption><\/figure>\n","protected":false},"excerpt":{"rendered":"<p>Foram mais de 370 m\u00fasicas inscritas de representantes de 88 cidades de 16 estados brasileiros<\/p>\n","protected":false},"author":17,"featured_media":96175,"comment_status":"closed","ping_status":"0","sticky":false,"template":"","format":"standard","meta":{"footnotes":""},"categories":[8356,1],"tags":[],"class_list":["post-96174","post","type-post","status-publish","format-standard","has-post-thumbnail","hentry","category-jundiai","category-noticias"],"_links":{"self":[{"href":"https:\/\/tvtecjundiai.com.br\/news\/wp-json\/wp\/v2\/posts\/96174","targetHints":{"allow":["GET"]}}],"collection":[{"href":"https:\/\/tvtecjundiai.com.br\/news\/wp-json\/wp\/v2\/posts"}],"about":[{"href":"https:\/\/tvtecjundiai.com.br\/news\/wp-json\/wp\/v2\/types\/post"}],"author":[{"embeddable":true,"href":"https:\/\/tvtecjundiai.com.br\/news\/wp-json\/wp\/v2\/users\/17"}],"replies":[{"embeddable":true,"href":"https:\/\/tvtecjundiai.com.br\/news\/wp-json\/wp\/v2\/comments?post=96174"}],"version-history":[{"count":1,"href":"https:\/\/tvtecjundiai.com.br\/news\/wp-json\/wp\/v2\/posts\/96174\/revisions"}],"predecessor-version":[{"id":96176,"href":"https:\/\/tvtecjundiai.com.br\/news\/wp-json\/wp\/v2\/posts\/96174\/revisions\/96176"}],"wp:featuredmedia":[{"embeddable":true,"href":"https:\/\/tvtecjundiai.com.br\/news\/wp-json\/wp\/v2\/media\/96175"}],"wp:attachment":[{"href":"https:\/\/tvtecjundiai.com.br\/news\/wp-json\/wp\/v2\/media?parent=96174"}],"wp:term":[{"taxonomy":"category","embeddable":true,"href":"https:\/\/tvtecjundiai.com.br\/news\/wp-json\/wp\/v2\/categories?post=96174"},{"taxonomy":"post_tag","embeddable":true,"href":"https:\/\/tvtecjundiai.com.br\/news\/wp-json\/wp\/v2\/tags?post=96174"}],"curies":[{"name":"wp","href":"https:\/\/api.w.org\/{rel}","templated":true}]}}