{"id":96177,"date":"2022-07-23T11:44:33","date_gmt":"2022-07-23T14:44:33","guid":{"rendered":"https:\/\/tvtecjundiai.com.br\/news\/?p=96177"},"modified":"2022-07-23T11:44:38","modified_gmt":"2022-07-23T14:44:38","slug":"vem-ai-a-1a-conferencia-intermunicipal-da-juventude","status":"publish","type":"post","link":"https:\/\/tvtecjundiai.com.br\/news\/2022\/07\/23\/vem-ai-a-1a-conferencia-intermunicipal-da-juventude\/","title":{"rendered":"Vem a\u00ed a 1\u00aa Confer\u00eancia Intermunicipal da Juventude"},"content":{"rendered":"\n<p>A 1\u00aa Confer\u00eancia Intermunicipal da Juventude ser\u00e1 realizada em Jundia\u00ed, no pr\u00f3ximo dia 12 de agosto, Dia Internacional da Juventude, das 8h \u00e0s 18h, no Audit\u00f3rio da UNIP. O evento contar\u00e1 com a participa\u00e7\u00e3o presencial de representantes de escolas de ensino m\u00e9dio de toda a Regi\u00e3o Metropolitana. Quem desejar participar de forma virtual pode se inscrever a partir de segunda-feira (25).<\/p>\n\n\n\n<p>O encontro marcar\u00e1 o encerramento da Semana Municipal da Juventude. \u201cA proposta \u00e9 estimular os jovens a serem agentes de transforma\u00e7\u00e3o no desenvolvimento de pol\u00edticas p\u00fablicas para a juventude. Temos na regi\u00e3o mais de 200 mil pessoas de 15 a 29 anos. Elas precisam ter participa\u00e7\u00e3o ativa, se aproximando da elabora\u00e7\u00e3o de tais pol\u00edticas\u201d, destaca a Assessora de Pol\u00edticas para a Juventude, Let\u00edcia Atique Branco.<\/p>\n\n\n\n<p>A realiza\u00e7\u00e3o da Confer\u00eancia deve ocorrer de quatro em quatro anos e est\u00e1 prevista na Lei Federal no 12.852, de 5 de agosto de 2013, que institui o Estatuto da Juventude. Por meio de parceria da Unidade de Gest\u00e3o da Casa Civil com a Diretoria Regional de Ensino de Jundia\u00ed, a Confer\u00eancia contar\u00e1 com a representa\u00e7\u00e3o das escolas estaduais da regi\u00e3o. \u201cVamos reunir jovens de todas as regi\u00f5es dos oito Munic\u00edpios da Regi\u00e3o Metropolitana de Jundia\u00ed, com realidades distintas. Essa participa\u00e7\u00e3o resultar\u00e1 na constru\u00e7\u00e3o de pol\u00edticas p\u00fablicas de juventude voltadas a realidade dos jovens e na entrega dos servi\u00e7os p\u00fablicos para este p\u00fablico.\u201d<\/p>\n\n\n\n<figure class=\"wp-block-image\"><img decoding=\"async\" src=\"https:\/\/jundiai.sp.gov.br\/noticias\/wp-content\/uploads\/sites\/32\/2022\/07\/whatsapp-image-2022-07-22-at-10-57-11-960x960.jpeg\" alt=\"\" class=\"wp-image-297467\" \/><\/figure>\n\n\n\n<p>A organiza\u00e7\u00e3o \u00e9 em parceria com os Conselhos Municipais de Juventude de Jundia\u00ed e de Campo Limpo Paulista. A Regi\u00e3o Metropolitana \u00e9 composta pelos munic\u00edpios de Jundia\u00ed, Campo Limpo Paulista, V\u00e1rzea Paulista, Jarinu, Cabre\u00fava, Itupeva, Louveira e Itatiba. A Comiss\u00e3o de Organiza\u00e7\u00e3o \u00e9 presidida pela Assessora de Pol\u00edticas para a Juventude de Jundia\u00ed. \u201cCom a Confer\u00eancia, buscamos ampliar as perspectivas para a juventude, tendo como foco seu protagonismo no desenvolvimento regional\u201d, observa o Gestor da Casa Civil, Gustavo Maryssael.<\/p>\n\n\n\n<p>Ao final da Confer\u00eancia, ser\u00e1 consolidado um documento com propostas que contemplem a percep\u00e7\u00e3o dos jovens de toda a Regi\u00e3o Metropolitana de Jundia\u00ed, servindo de base para o desenvolvimento de pol\u00edticas p\u00fablicas de juventude a n\u00edvel regional. A programa\u00e7\u00e3o da Confer\u00eancia ser\u00e1 divulgada em breve e incluir\u00e1 diversas interven\u00e7\u00f5es art\u00edsticas dos jovens das escolas Estaduais como \u201cflashmob\u201d, atividade para discutir as perspectivas da juventude, apresenta\u00e7\u00e3o de dan\u00e7a contempor\u00e2nea e palestras.<\/p>\n\n\n\n<p><a href=\"https:\/\/docs.google.com\/forms\/d\/16XIlp6_GfayKj9bw2M43eWYzdIlXPLSg_i3VIP8-\" data-type=\"URL\" data-id=\"https:\/\/docs.google.com\/forms\/d\/16XIlp6_GfayKj9bw2M43eWYzdIlXPLSg_i3VIP8-\">Inscreva-se para participar de forma virtual<\/a> e saiba mais no <a href=\"http:\/\/www.jundiai.sp.gov.br\/conferenciaintermunicipaldejuventude\" data-type=\"URL\" data-id=\"www.jundiai.sp.gov.br\/conferenciaintermunicipaldejuventude\">site<\/a>. Conhe\u00e7a a Assessoria de Pol\u00edticas para a Juventude:\u00a0<a rel=\"noreferrer noopener\" href=\"http:\/\/www.juventude.jundiai.sp.gov.br\/\" target=\"_blank\">www.juventude.jundiai.sp.gov.br<\/a><\/p>\n\n\n\n<p><\/p>\n","protected":false},"excerpt":{"rendered":"<p>Evento ser\u00e1 realizado no pr\u00f3ximo dia 12 de agosto &#8211; Dia Internacional da Juventude<\/p>\n","protected":false},"author":17,"featured_media":96178,"comment_status":"closed","ping_status":"0","sticky":false,"template":"","format":"standard","meta":{"footnotes":""},"categories":[8356,1],"tags":[],"class_list":["post-96177","post","type-post","status-publish","format-standard","has-post-thumbnail","hentry","category-jundiai","category-noticias"],"_links":{"self":[{"href":"https:\/\/tvtecjundiai.com.br\/news\/wp-json\/wp\/v2\/posts\/96177","targetHints":{"allow":["GET"]}}],"collection":[{"href":"https:\/\/tvtecjundiai.com.br\/news\/wp-json\/wp\/v2\/posts"}],"about":[{"href":"https:\/\/tvtecjundiai.com.br\/news\/wp-json\/wp\/v2\/types\/post"}],"author":[{"embeddable":true,"href":"https:\/\/tvtecjundiai.com.br\/news\/wp-json\/wp\/v2\/users\/17"}],"replies":[{"embeddable":true,"href":"https:\/\/tvtecjundiai.com.br\/news\/wp-json\/wp\/v2\/comments?post=96177"}],"version-history":[{"count":1,"href":"https:\/\/tvtecjundiai.com.br\/news\/wp-json\/wp\/v2\/posts\/96177\/revisions"}],"predecessor-version":[{"id":96179,"href":"https:\/\/tvtecjundiai.com.br\/news\/wp-json\/wp\/v2\/posts\/96177\/revisions\/96179"}],"wp:featuredmedia":[{"embeddable":true,"href":"https:\/\/tvtecjundiai.com.br\/news\/wp-json\/wp\/v2\/media\/96178"}],"wp:attachment":[{"href":"https:\/\/tvtecjundiai.com.br\/news\/wp-json\/wp\/v2\/media?parent=96177"}],"wp:term":[{"taxonomy":"category","embeddable":true,"href":"https:\/\/tvtecjundiai.com.br\/news\/wp-json\/wp\/v2\/categories?post=96177"},{"taxonomy":"post_tag","embeddable":true,"href":"https:\/\/tvtecjundiai.com.br\/news\/wp-json\/wp\/v2\/tags?post=96177"}],"curies":[{"name":"wp","href":"https:\/\/api.w.org\/{rel}","templated":true}]}}