{"id":96180,"date":"2022-07-24T08:57:16","date_gmt":"2022-07-24T11:57:16","guid":{"rendered":"https:\/\/tvtecjundiai.com.br\/news\/?p=96180"},"modified":"2022-07-24T08:57:21","modified_gmt":"2022-07-24T11:57:21","slug":"prefeitura-investe-mais-de-r-13-milhoes-na-regiao-leste-em-obras-de-infraestrutura-saude-e-educacao","status":"publish","type":"post","link":"https:\/\/tvtecjundiai.com.br\/news\/2022\/07\/24\/prefeitura-investe-mais-de-r-13-milhoes-na-regiao-leste-em-obras-de-infraestrutura-saude-e-educacao\/","title":{"rendered":"Prefeitura investe mais de R$ 13 milh\u00f5es na regi\u00e3o Leste em obras de infraestrutura, sa\u00fade e educa\u00e7\u00e3o"},"content":{"rendered":"\n<p>A Prefeitura investiu mais de R$ 13 milh\u00f5es na regi\u00e3o Leste da cidade em obras de infraestrutura vi\u00e1ria, saneamento, sa\u00fade e educa\u00e7\u00e3o nos \u00faltimos dois anos. Ao todo, foram mais de R$ 80 milh\u00f5es destinados para obras espalhadas por todas as regi\u00f5es da cidade, com o objetivo de promover o desenvolvimento da cidade e levar mais qualidade de vida aos bairros.<\/p>\n\n\n\n<p>\u201cEstamos cumprindo o que foi definido no nosso plano de governo, investindo em todas as regi\u00f5es da cidade, com o objetivo de melhorar os servi\u00e7os p\u00fablicos e, consequentemente, a vida das pessoas\u201d, explicou o prefeito Luiz Fernando Machado.&nbsp; &nbsp;<\/p>\n\n\n\n<p>O gestor de Governo e Finan\u00e7as, Jos\u00e9 Antonio Parimoschi, comentou que esses investimentos s\u00f3 s\u00e3o poss\u00edveis porque a cidade est\u00e1 com suas contas organizadas, em dia.&nbsp; \u201cDessa forma, conseguimos priorizar as obras que s\u00e3o importantes para a melhoria dos bairros, desde a pavimenta\u00e7\u00e3o, o saneamento, as \u00e1reas verdes e de lazer, at\u00e9 as escolas e unidades de sa\u00fade, para que o atendimento \u00e0 popula\u00e7\u00e3o seja cada vez melhor. Al\u00e9m disso, esses investimentos valorizam os bairros da nossa cidade e quem ganha com isso \u00e9 o morador.\u201d<\/p>\n\n\n\n<p>Parimoschi lembrou que entre as realiza\u00e7\u00f5es na regi\u00e3o Leste est\u00e1 o novo asfalto na Avenida Jos\u00e9 Mezzalira, no bairro Ivoturucaia. Os investimentos fazem parte da terceira fase do programa Mais Asfalto Jundia\u00ed, que prev\u00ea R$ 18 milh\u00f5es para a melhoria da mobilidade urbana e o recapeamento de mais de 200 mil metros quadrados de ruas e avenidas, que est\u00e1 sendo feito em parceria com o Governo do Estado de S\u00e3o Paulo.<\/p>\n\n\n\n<p>No S\u00e3o Camilo foi implantada a interliga\u00e7\u00e3o vi\u00e1ria na \u201cRua U\u201d. A avenida S\u00e3o Camilo recebeu uma rua de interliga\u00e7\u00e3o, assim como um muro de arrimo. O bairro tamb\u00e9m teve a Unidade B\u00e1sica de Sa\u00fade (UBS) reformada, ampliando as \u00e1reas de atendimento ao mun\u00edcipe. Em breve, o S\u00e3o Camilo passar\u00e1 por uma requalifica\u00e7\u00e3o urbana, prevista em um pacote de obras oriundas da opera\u00e7\u00e3o de cr\u00e9dito externo junto \u00e0 Corpora\u00e7\u00e3o Andina de Fomento (CAF). &nbsp;&nbsp;<\/p>\n\n\n\n<p>Para a divers\u00e3o de pais, filhos e tamb\u00e9m dos animais, a Col\u00f4nia ganhou uma Pra\u00e7a Fam\u00edlia&amp;Pet, com quiosque, bebedouros (para pessoas e para animais), piso emborrachado, playground com brinquedos em madeira, \u00e1rea para brincadeiras infantis e grande \u00e1rea com espa\u00e7o agility para os c\u00e3es. Existem ainda brinquedos adaptados para crian\u00e7as com defici\u00eancia, como balan\u00e7o para cadeira de rodas. Esses investimentos todos est\u00e3o alinhados com a pol\u00edtica da primeira inf\u00e2ncia na cidade.<\/p>\n\n\n\n<p>Tamb\u00e9m est\u00e1 em fase final a licita\u00e7\u00e3o para a constru\u00e7\u00e3o dos equipamentos Cl\u00ednica da Fam\u00edlia e Unidade de Pronto Atendimento da Ponte S\u00e3o Jo\u00e3o. O investimento ser\u00e1 de R$ 16 milh\u00f5es. O pr\u00e9dio ter\u00e1 quase 3 mil metros quadrados de constru\u00e7\u00e3o e ser\u00e1 o maior equipamento neste modelo de atendimento resolutivo na cidade. Atender\u00e1 a 100 mil pessoas, com consultas cl\u00ednicas e de especialidades al\u00e9m de exames, na porta de casa.<\/p>\n\n\n\n<figure class=\"wp-block-image\"><img decoding=\"async\" src=\"https:\/\/jundiai.sp.gov.br\/noticias\/wp-content\/uploads\/sites\/32\/2022\/07\/recapeamento-av-jose-mezzalira-ivoturucaia_c_-75.jpg\" alt=\"\" class=\"wp-image-297524\" \/><figcaption>A Jos\u00e9 Mezzalira foi recapeada<\/figcaption><\/figure>\n\n\n\n<p><strong>Mais \u2013<\/strong>&nbsp;A Rua Graff, na regi\u00e3o da Ponte S\u00e3o Jo\u00e3o, ganhou um muro de alvenaria. Entre as vias \u00c2ngelo Rivelli e Dino foi constru\u00eddo um muro de divisa em \u00e1rea p\u00fablica, com o objetivo de oferecer mais seguran\u00e7a \u00e0 popula\u00e7\u00e3o. O t\u00fanel Oswaldo e Leta B\u00e1rbaro recebeu recentemente nova ilumina\u00e7\u00e3o em LED, al\u00e9m de asfalto novo. O bairro ter\u00e1 todas suas lumin\u00e1rias substitu\u00eddas, tamb\u00e9m, para melhorar a sensa\u00e7\u00e3o de seguran\u00e7a dos moradores. Em breve, ser\u00e3o instaladas 281 lumin\u00e1rias em LED. O viaduto S\u00e3o Jo\u00e3o Batista, que teve sua estrutura recuperada, tamb\u00e9m ser\u00e1 contemplado com ilumina\u00e7\u00e3o cenogr\u00e1fica.<\/p>\n\n\n\n<p>No N\u00facleo Balsan, a DAE implantou 6.545 metros de adutoras, redes de \u00e1gua e redes coletoras, com investimento de R$ 5,1 milh\u00f5es. Trata-se de um investimento em saneamento aguardado por mais de uma d\u00e9cada pelos moradores do bairro. A avenida Jo\u00e3o Batista Spiandorello contou com a implanta\u00e7\u00e3o de drenagem e o Jardim Carlos Gomes tem agora um novo reservat\u00f3rio de \u00e1gua tratada.<\/p>\n\n\n\n<p>As pontes de madeira foram substitu\u00eddas na Rua Alexandre Milani; na Miguel Munhoz, Waldemar Gobbi, Miguel Fontebasso e Alexandre Fontebasso, na regi\u00e3o do Caxambu, melhorando o curso do Rio Jundia\u00ed Mirim e evitando os alagamentos que costumavam acontecer nessa regi\u00e3o.<\/p>\n\n\n\n<p>O&nbsp;Centro de Refer\u00eancia e Assist\u00eancia Social (CRAS)&nbsp;Tamoio foi reformado, com troca de pisos e de encanamentos, as salas e o telhado passaram por reformas, assim como a \u00e1rea de estacionamento. Tudo isso para melhorar o atendimento ao cidad\u00e3o.<\/p>\n\n\n\n<p>A Vila Nambi ganhou um ecoponto na rua Marqu\u00eas de Maric\u00e1. A popula\u00e7\u00e3o pode fazer o descarte de diferentes res\u00edduos, como entulho, madeira, gesso, vegeta\u00e7\u00e3o e recicl\u00e1veis em geral. Cada pessoa pode levar um metro c\u00fabico por semana e por resid\u00eancia aos equipamentos, que contam com funcion\u00e1rios que controlam e acompanham o que \u00e9 colocado.&nbsp;<\/p>\n\n\n\n<p>Na \u00e1rea da Educa\u00e7\u00e3o, no \u00e2mbito do Programa Escola Inovadora, houve melhoria na ambi\u00eancia da Emeb Reynaldo Montalv\u00e3o Basile, no Jardim Tarum\u00e3. A unidade recebeu impermeabiliza\u00e7\u00e3o de paredes internas e externas, novo solarium, substitui\u00e7\u00e3o de pisos, pintura geral, impermeabiliza\u00e7\u00e3o de reservat\u00f3rio, revis\u00e3o hidr\u00e1ulica, revis\u00e3o el\u00e9trica, substitui\u00e7\u00e3o de portas e batentes, adequa\u00e7\u00e3o de espa\u00e7o para dep\u00f3sito, manuten\u00e7\u00e3o em \u00e1rea externa, muros, parque e ilumina\u00e7\u00e3o, e adequa\u00e7\u00e3o de sanit\u00e1rios e cozinha, substitui\u00e7\u00e3o de cubas de lavagem, revis\u00e3o dos telhados e revis\u00e3o do sistema de drenagem.<\/p>\n\n\n\n<figure class=\"wp-block-image\"><img decoding=\"async\" src=\"https:\/\/jundiai.sp.gov.br\/noticias\/wp-content\/uploads\/sites\/32\/2022\/07\/emeb_reynaldo_basile-22.jpg\" alt=\"\" class=\"wp-image-297532\" \/><figcaption>Tarum\u00e3 recebeu melhorias na Emeb Reynaldo Montalv\u00e3o Basile, no Jardim Tarum\u00e3<\/figcaption><\/figure>\n\n\n\n<p><strong><em>(Fonte\/Imagem: Prefeitura de Jundia\u00ed)<\/em><\/strong><\/p>\n","protected":false},"excerpt":{"rendered":"<p>Foram mais de R$ 80 milh\u00f5es destinados para obras espalhadas por todas as regi\u00f5es da cidade<\/p>\n","protected":false},"author":31,"featured_media":96181,"comment_status":"closed","ping_status":"0","sticky":false,"template":"","format":"standard","meta":{"footnotes":""},"categories":[1],"tags":[],"class_list":["post-96180","post","type-post","status-publish","format-standard","has-post-thumbnail","hentry","category-noticias"],"_links":{"self":[{"href":"https:\/\/tvtecjundiai.com.br\/news\/wp-json\/wp\/v2\/posts\/96180","targetHints":{"allow":["GET"]}}],"collection":[{"href":"https:\/\/tvtecjundiai.com.br\/news\/wp-json\/wp\/v2\/posts"}],"about":[{"href":"https:\/\/tvtecjundiai.com.br\/news\/wp-json\/wp\/v2\/types\/post"}],"author":[{"embeddable":true,"href":"https:\/\/tvtecjundiai.com.br\/news\/wp-json\/wp\/v2\/users\/31"}],"replies":[{"embeddable":true,"href":"https:\/\/tvtecjundiai.com.br\/news\/wp-json\/wp\/v2\/comments?post=96180"}],"version-history":[{"count":1,"href":"https:\/\/tvtecjundiai.com.br\/news\/wp-json\/wp\/v2\/posts\/96180\/revisions"}],"predecessor-version":[{"id":96182,"href":"https:\/\/tvtecjundiai.com.br\/news\/wp-json\/wp\/v2\/posts\/96180\/revisions\/96182"}],"wp:featuredmedia":[{"embeddable":true,"href":"https:\/\/tvtecjundiai.com.br\/news\/wp-json\/wp\/v2\/media\/96181"}],"wp:attachment":[{"href":"https:\/\/tvtecjundiai.com.br\/news\/wp-json\/wp\/v2\/media?parent=96180"}],"wp:term":[{"taxonomy":"category","embeddable":true,"href":"https:\/\/tvtecjundiai.com.br\/news\/wp-json\/wp\/v2\/categories?post=96180"},{"taxonomy":"post_tag","embeddable":true,"href":"https:\/\/tvtecjundiai.com.br\/news\/wp-json\/wp\/v2\/tags?post=96180"}],"curies":[{"name":"wp","href":"https:\/\/api.w.org\/{rel}","templated":true}]}}