{"id":96195,"date":"2022-07-24T19:44:42","date_gmt":"2022-07-24T22:44:42","guid":{"rendered":"https:\/\/tvtecjundiai.com.br\/news\/?p=96195"},"modified":"2022-07-24T19:44:46","modified_gmt":"2022-07-24T22:44:46","slug":"saude-realiza-mais-um-dia-de-multivacinacao-e-segue-com-aplicacao-nas-ubs","status":"publish","type":"post","link":"https:\/\/tvtecjundiai.com.br\/news\/2022\/07\/24\/saude-realiza-mais-um-dia-de-multivacinacao-e-segue-com-aplicacao-nas-ubs\/","title":{"rendered":"Sa\u00fade realiza mais um dia de multivacina\u00e7\u00e3o e segue com aplica\u00e7\u00e3o nas UBS"},"content":{"rendered":"\n<p>O s\u00e1bado (23) mais uma vez foi de multivacina\u00e7\u00e3o das Unidades B\u00e1sicas de Sa\u00fade (UBSs) de Jundia\u00ed. No final de semana, as unidades UBS Esplanada, UBS Sarapiranga, Central e UBS Caxambu funcionaram das 8h30 \u00e0s 11h30 e das 13h \u00e0s 15h30 para atender aqueles que possu\u00edam alguma dose em atraso da vacina contra a Covid-19 ou contra a Influenza.<\/p>\n\n\n\n<p>Nesta semana, em todas as UBS, segue sendo aplicada dose de refor\u00e7o (D4) contra a Covid para os maiores de 40 anos e profissionais da Sa\u00fade. J\u00e1 a vacina para Influenza j\u00e1 est\u00e1 sendo aplicada em todas as pessoas com mais de seis meses de vida. J\u00e1 os adolescentes podem receber a terceira dose.<\/p>\n\n\n\n<p>Leandro Prates, de 41 anos, esteve durante a manh\u00e3 na UBS Central e tomou a dose de refor\u00e7o (D4) contra a Covid. \u201cEssa era a \u00fanica que estava faltando, por conta da idade. J\u00e1 tomei a da Influenza e todas as outras est\u00e3o em dia\u201d, comenta.<\/p>\n\n\n\n<figure class=\"wp-block-image\"><img decoding=\"async\" src=\"https:\/\/jundiai.sp.gov.br\/noticias\/wp-content\/uploads\/sites\/32\/2022\/07\/vacinacao-covid-19-ubs-central_c_-104.jpg\" alt=\"\" class=\"wp-image-297597\" \/><figcaption>Adolescentes j\u00e1 podem tomar a terceira dose contra a covid-19 e a vacina para Influenza<\/figcaption><\/figure>\n\n\n\n<p>Jundia\u00ed ainda tem mais de 100 mil pessoas com alguma dose atrasada, na sua maioria referente aos refor\u00e7os contra a Covid-19. A novidade \u00e9 que n\u00e3o \u00e9 mais necess\u00e1rio realizar o agendamento para nenhuma vacina, independente da faixa et\u00e1ria.<\/p>\n\n\n\n<p>\u201c\u00c9 importante que a popula\u00e7\u00e3o se conscientize e v\u00e1 se vacinar, colocar as doses de todas as vacinas em dia, principalmente da Covid-19 e da Influenza. A vacina\u00e7\u00e3o aos s\u00e1bados tem papel fundamental para diminuir essas pend\u00eancias\u201d, comenta a coordenadora da Vigil\u00e2ncia em Sa\u00fade de Jundia\u00ed, Maria do Carmo Possidente.<\/p>\n\n\n\n<p><strong><em>(Fonte\/Imagem: Prefeitura de Jundia\u00ed)<\/em><\/strong><\/p>\n","protected":false},"excerpt":{"rendered":"<p>Nesta semana, em todas as UBS, segue sendo aplicada dose de refor\u00e7o (D4) contra a Covid para os maiores de 40 anos e profissionais da Sa\u00fade<\/p>\n","protected":false},"author":31,"featured_media":96196,"comment_status":"closed","ping_status":"0","sticky":false,"template":"","format":"standard","meta":{"footnotes":""},"categories":[1],"tags":[],"class_list":["post-96195","post","type-post","status-publish","format-standard","has-post-thumbnail","hentry","category-noticias"],"_links":{"self":[{"href":"https:\/\/tvtecjundiai.com.br\/news\/wp-json\/wp\/v2\/posts\/96195","targetHints":{"allow":["GET"]}}],"collection":[{"href":"https:\/\/tvtecjundiai.com.br\/news\/wp-json\/wp\/v2\/posts"}],"about":[{"href":"https:\/\/tvtecjundiai.com.br\/news\/wp-json\/wp\/v2\/types\/post"}],"author":[{"embeddable":true,"href":"https:\/\/tvtecjundiai.com.br\/news\/wp-json\/wp\/v2\/users\/31"}],"replies":[{"embeddable":true,"href":"https:\/\/tvtecjundiai.com.br\/news\/wp-json\/wp\/v2\/comments?post=96195"}],"version-history":[{"count":1,"href":"https:\/\/tvtecjundiai.com.br\/news\/wp-json\/wp\/v2\/posts\/96195\/revisions"}],"predecessor-version":[{"id":96197,"href":"https:\/\/tvtecjundiai.com.br\/news\/wp-json\/wp\/v2\/posts\/96195\/revisions\/96197"}],"wp:featuredmedia":[{"embeddable":true,"href":"https:\/\/tvtecjundiai.com.br\/news\/wp-json\/wp\/v2\/media\/96196"}],"wp:attachment":[{"href":"https:\/\/tvtecjundiai.com.br\/news\/wp-json\/wp\/v2\/media?parent=96195"}],"wp:term":[{"taxonomy":"category","embeddable":true,"href":"https:\/\/tvtecjundiai.com.br\/news\/wp-json\/wp\/v2\/categories?post=96195"},{"taxonomy":"post_tag","embeddable":true,"href":"https:\/\/tvtecjundiai.com.br\/news\/wp-json\/wp\/v2\/tags?post=96195"}],"curies":[{"name":"wp","href":"https:\/\/api.w.org\/{rel}","templated":true}]}}