{"id":96227,"date":"2022-07-25T14:30:16","date_gmt":"2022-07-25T17:30:16","guid":{"rendered":"https:\/\/tvtecjundiai.com.br\/news\/?p=96227"},"modified":"2022-07-25T14:30:17","modified_gmt":"2022-07-25T17:30:17","slug":"auxiliar-mecanico-de-manutencao-e-o-novo-curso-gratuito-do-funss","status":"publish","type":"post","link":"https:\/\/tvtecjundiai.com.br\/news\/2022\/07\/25\/auxiliar-mecanico-de-manutencao-e-o-novo-curso-gratuito-do-funss\/","title":{"rendered":"&#8216;Auxiliar Mec\u00e2nico de Manuten\u00e7\u00e3o&#8217; \u00e9 o novo curso gratuito do Funss"},"content":{"rendered":"\n<p>n-line para o curso presencial de \u2018Auxiliar Mec\u00e2nico de Manuten\u00e7\u00e3o\u2019. As aulas ser\u00e3o realizadas na Escola M\u00f3vel Senai, cuja carreta ficar\u00e1 instalada no estacionamento da Prefeitura de Jundia\u00ed.<\/p>\n\n\n\n<p>Ao todo, ser\u00e3o oferecidas 20 vagas gratuitas. Podem participar homens e mulheres, com idade m\u00ednima de 16 anos e Ensino Fundamental completo.\u00a0No primeiro dia de aula, os alunos dever\u00e3o apresentar c\u00f3pia do Certificado de Conclus\u00e3o do Ensino Fundamental e do documento pessoal de identifica\u00e7\u00e3o, que pode ser o RG ou a CNH.<\/p>\n\n\n\n<p>A capacita\u00e7\u00e3o tem por objetivo o&nbsp;desenvolvimento de compet\u00eancias relativas ao aux\u00edlio na manuten\u00e7\u00e3o de equipamentos em&nbsp;aplica\u00e7\u00f5es industriais e presta\u00e7\u00e3o de servi\u00e7os, seguindo procedimentos e normas t\u00e9cnicas, de&nbsp;qualidade, meio ambiente, sa\u00fade e seguran\u00e7a no trabalho.<\/p>\n\n\n<div class=\"wp-block-image\">\n<figure class=\"aligncenter size-large is-resized\"><img loading=\"lazy\" decoding=\"async\" src=\"https:\/\/tvtecjundiai.com.br\/news\/wp-content\/uploads\/sites\/2\/2022\/07\/carreta_senai-1-1200x800.jpg\" alt=\"\" class=\"wp-image-96228\" width=\"630\" height=\"420\" srcset=\"https:\/\/tvtecjundiai.com.br\/news\/wp-content\/uploads\/sites\/2\/2022\/07\/carreta_senai-1-1200x800.jpg 1200w, https:\/\/tvtecjundiai.com.br\/news\/wp-content\/uploads\/sites\/2\/2022\/07\/carreta_senai-1-300x200.jpg 300w, https:\/\/tvtecjundiai.com.br\/news\/wp-content\/uploads\/sites\/2\/2022\/07\/carreta_senai-1-768x512.jpg 768w, https:\/\/tvtecjundiai.com.br\/news\/wp-content\/uploads\/sites\/2\/2022\/07\/carreta_senai-1.jpg 1280w\" sizes=\"auto, (max-width: 630px) 100vw, 630px\" \/><\/figure>\n<\/div>\n\n\n<p><strong>Veja o cronograma:<\/strong><\/p>\n\n\n\n<p><strong>Curso:<\/strong>&nbsp;<strong>Auxiliar Mec\u00e2nico de Manuten\u00e7\u00e3o<\/strong><\/p>\n\n\n\n<ul class=\"wp-block-list\"><li>Idade m\u00ednima: 16 anos<\/li><li>Vagas: 20<\/li><li>Parceiro: SENAI<\/li><li>Data: de 16\/08 a 09\/11\/2022\u00a0<\/li><li>Hor\u00e1rio: das 8h \u00e0s 12h\u00a0<\/li><li>Local: Escola M\u00f3vel SENAI (carreta) instalada no estacionamento da Prefeitura de Jundia\u00ed \u2013 Avenida da Liberdade, s\/n \u2013 Jardim Bot\u00e2nico\u00a0<\/li><li>Link de inscri\u00e7\u00e3o:\u00a0<a rel=\"noreferrer noopener\" href=\"https:\/\/forms.gle\/9nXL2feEVKeZVS2q8\" target=\"_blank\">https:\/\/forms.gle\/9nXL2feEVKeZVS2q8<\/a><\/li><\/ul>\n\n\n\n<p><strong>Contemplados<\/strong><\/p>\n\n\n\n<p>Dados detalhados ser\u00e3o repassados por meio do contato de WhatsApp informado no ato da pr\u00e9-inscri\u00e7\u00e3o apenas aos alunos contemplados com a vaga. As fichas n\u00e3o contempladas est\u00e3o, automaticamente, na lista de espera e poder\u00e3o ser convocadas em caso de desist\u00eancia. Informa\u00e7\u00f5es pelos telefones (11) 4589-6319 e 4589-6320.<\/p>\n\n\n\n<p><strong><em>(Fonte\/Imagem: Prefeitura de Jundia\u00ed)<\/em><\/strong><\/p>\n","protected":false},"excerpt":{"rendered":"<p>A capacita\u00e7\u00e3o vai de 16 de agosto at\u00e9 09 de novembro<\/p>\n","protected":false},"author":30,"featured_media":96228,"comment_status":"closed","ping_status":"0","sticky":false,"template":"","format":"standard","meta":{"footnotes":""},"categories":[8356,1],"tags":[],"class_list":["post-96227","post","type-post","status-publish","format-standard","has-post-thumbnail","hentry","category-jundiai","category-noticias"],"_links":{"self":[{"href":"https:\/\/tvtecjundiai.com.br\/news\/wp-json\/wp\/v2\/posts\/96227","targetHints":{"allow":["GET"]}}],"collection":[{"href":"https:\/\/tvtecjundiai.com.br\/news\/wp-json\/wp\/v2\/posts"}],"about":[{"href":"https:\/\/tvtecjundiai.com.br\/news\/wp-json\/wp\/v2\/types\/post"}],"author":[{"embeddable":true,"href":"https:\/\/tvtecjundiai.com.br\/news\/wp-json\/wp\/v2\/users\/30"}],"replies":[{"embeddable":true,"href":"https:\/\/tvtecjundiai.com.br\/news\/wp-json\/wp\/v2\/comments?post=96227"}],"version-history":[{"count":1,"href":"https:\/\/tvtecjundiai.com.br\/news\/wp-json\/wp\/v2\/posts\/96227\/revisions"}],"predecessor-version":[{"id":96229,"href":"https:\/\/tvtecjundiai.com.br\/news\/wp-json\/wp\/v2\/posts\/96227\/revisions\/96229"}],"wp:featuredmedia":[{"embeddable":true,"href":"https:\/\/tvtecjundiai.com.br\/news\/wp-json\/wp\/v2\/media\/96228"}],"wp:attachment":[{"href":"https:\/\/tvtecjundiai.com.br\/news\/wp-json\/wp\/v2\/media?parent=96227"}],"wp:term":[{"taxonomy":"category","embeddable":true,"href":"https:\/\/tvtecjundiai.com.br\/news\/wp-json\/wp\/v2\/categories?post=96227"},{"taxonomy":"post_tag","embeddable":true,"href":"https:\/\/tvtecjundiai.com.br\/news\/wp-json\/wp\/v2\/tags?post=96227"}],"curies":[{"name":"wp","href":"https:\/\/api.w.org\/{rel}","templated":true}]}}