{"id":96247,"date":"2022-07-26T08:43:44","date_gmt":"2022-07-26T11:43:44","guid":{"rendered":"https:\/\/tvtecjundiai.com.br\/news\/?p=96247"},"modified":"2022-07-26T09:15:05","modified_gmt":"2022-07-26T12:15:05","slug":"dia-dos-avos-tera-brincadeiras-antigas-e-intergeracionalidade1","status":"publish","type":"post","link":"https:\/\/tvtecjundiai.com.br\/news\/2022\/07\/26\/dia-dos-avos-tera-brincadeiras-antigas-e-intergeracionalidade1\/","title":{"rendered":"Dia dos Av\u00f3s ter\u00e1 brincadeiras antigas e intera\u00e7\u00e3o entre gera\u00e7\u00f5es"},"content":{"rendered":"\n<p>\u00c9 cada vez mais presente na vida das crian\u00e7as o papel de cuidados e aten\u00e7\u00e3o dos av\u00f3s, da mesma forma que os idosos precisam conhecer e se adaptar a um mundo novo, com novas tecnologias e mudan\u00e7as de comportamento. Estas formas de rela\u00e7\u00e3o, o conv\u00edvio entre as diferentes faixas et\u00e1rias e como elas se relacionam \u00e9 o conceito da intergeracionalidade e que faz parte das atividades em celebra\u00e7\u00e3o ao Dia dos Av\u00f3s, em Jundia\u00ed, Cidade das Crian\u00e7as.<\/p>\n\n\n\n<p>\u201cO Dia dos Av\u00f3s \u00e9 uma data especial, comemorado anualmente em 26 de julho. Foi escolhida em homenagem ao dia de S\u00e3o Joaquim e Santa Ana, que s\u00e3o os pais da virgem Maria, portanto os av\u00f3s de Jesus. Por esse motivo s\u00e3o considerados pela Igreja Cat\u00f3lica os padroeiros de todos os av\u00f3s e a partir de 2021, a data foi institu\u00edda como o Dia dos Av\u00f3s pelo Papa Francisco\u201d, lembra a assessora de Pol\u00edticas P\u00fablicas para o Idoso, da Unidade de Gest\u00e3o da Casa Civil (UGCC), Alessandra Citelli. Ela tamb\u00e9m destaca que a programa\u00e7\u00e3o em Jundia\u00ed se estende entre a \u00faltima semana de julho e primeira de agosto.<\/p>\n\n\n\n<p>Em converg\u00eancia ao Estatuto do Idoso, a proposta do Dia dos Av\u00f3s \u00e9 norteada pela viabiliza\u00e7\u00e3o de formas alternativas de participa\u00e7\u00e3o, ocupa\u00e7\u00e3o e conv\u00edvio do idoso com as demais gera\u00e7\u00f5es. Desta forma a UGCC\/Assessoria de Pol\u00edticas P\u00fablicas para o Idoso, em parceria com as Unidades de Gest\u00e3o de Esporte e Lazer, Cultura e Assist\u00eancia Social e tamb\u00e9m com o COMDIPI \u2013 Conselho Municipal dos Direitos da Pessoa Idosa, desenvolveram uma programa\u00e7\u00e3o de atividades para atender \u00e0 esta proposta e sensibiliza\u00e7\u00e3o sobre o tema.<\/p>\n\n\n<div class=\"wp-block-image\">\n<figure class=\"aligncenter size-large is-resized\"><img loading=\"lazy\" decoding=\"async\" src=\"https:\/\/tvtecjundiai.com.br\/news\/wp-content\/uploads\/sites\/2\/2022\/07\/2022-cartazavos-679x960.png\" alt=\"\" class=\"wp-image-96248\" width=\"638\" height=\"902\" srcset=\"https:\/\/tvtecjundiai.com.br\/news\/wp-content\/uploads\/sites\/2\/2022\/07\/2022-cartazavos-679x960.png 679w, https:\/\/tvtecjundiai.com.br\/news\/wp-content\/uploads\/sites\/2\/2022\/07\/2022-cartazavos-300x424.png 300w, https:\/\/tvtecjundiai.com.br\/news\/wp-content\/uploads\/sites\/2\/2022\/07\/2022-cartazavos-768x1087.png 768w, https:\/\/tvtecjundiai.com.br\/news\/wp-content\/uploads\/sites\/2\/2022\/07\/2022-cartazavos-1086x1536.png 1086w, https:\/\/tvtecjundiai.com.br\/news\/wp-content\/uploads\/sites\/2\/2022\/07\/2022-cartazavos.png 1280w\" sizes=\"auto, (max-width: 638px) 100vw, 638px\" \/><\/figure>\n<\/div>\n\n\n<p>\u201cAs atividades far\u00e3o um resgate dos jogos e brincadeiras antigas e recentes, preservando as mem\u00f3rias e estimulando todas as idades na participa\u00e7\u00e3o. Realizadas de forma descentralizada, busca atender a popula\u00e7\u00e3o em cinco regionais da cidade, nos equipamentos p\u00fablicos que atuam no desenvolvimento de Programas voltados ao esporte e lazer para o munic\u00edpio\u201d, ressalta.<\/p>\n\n\n\n<p><strong><u>PROGRAMA\u00c7\u00c3O<\/u><\/strong><\/p>\n\n\n\n<ul class=\"wp-block-list\"><li>Dia 26\/07\/22 \u2013 14h \u2013 C\u00c1RITAS DIOCESANA DE JUNDIA\u00cd \u2013 Av. Pastor Francesco Ciaramella, 10 \u2013 Parque Res. Almerinda Chaves<\/li><li>Dia 27\/07\/22 \u2013 8h30 \u00e0s 10h30 \u2013 CECE ANT\u00d4NIO DE LIMA \u2013 R. Benedito Souza Costa, 11 \u2013 Agapeama<\/li><li>Dia 28\/07\/22 \u2013 8h30 \u00e0s 10h30 \u2013 CECE ROM\u00c3O DE SOUZA \u2013 R. Lu\u00eds Benachio s\/n\u00ba \u2013 Col\u00f4nia<\/li><li>Dia 28\/07\/22 \u2013 14h \u2013 Yoga (Intera\u00e7\u00e3o de av\u00f3s e netos) \u2013 CCI \u2013 Argos (Antigo CRIJU) \u2013 Av. Dr. Cavalcanti, 396 \u2013 Vila Arens<\/li><li>Dia 03\/08\/22 \u2013 8h30 \u00e0s 10h30 \u2013 CECE ARAMIS POLLI \u2013 R. Dr. Benedito de Godoy Ferraz, 508 \u2013 Vila Hortol\u00e2ndia<\/li><li>Dia 04\/08\/22 \u2013 8h30 \u00e0s 10h30 \u2013 CECE BENEDITO DE LIMA \u2013 Av. Osmundo dos Santos Pellegrini, 1364 \u2013 Jardim do Trevo<\/li><li>Dia 05\/08\/22 \u2013 8h30 \u00e0s 10h30 \u2013 CECE PEDRO RAIMUNDO \u2013 R. Tiradentes, 50 \u2013 Vila Rio Branco<\/li><\/ul>\n\n\n\n<p>As atividades ser\u00e3o gratuitas e abertas ao p\u00fablico e tamb\u00e9m ter\u00e1 a participa\u00e7\u00e3o da Unidade de Gest\u00e3o da Cultura com as atividades de Conta\u00e7\u00e3o de Hist\u00f3rias e Brincadeiras.<\/p>\n\n\n\n<p>Para a Diretora do Departamento Educacional e Participa\u00e7\u00e3o da UGEL, Ana Paula Citelli, o desenvolvimento dessas atividades, promovem a melhora da socializa\u00e7\u00e3o e proporcionam momentos de intera\u00e7\u00e3o entre as gera\u00e7\u00f5es, al\u00e9m de ser um aspecto motivacional para os servidores pelo envolvimento da equipe de trabalho, o desafio no resgate das brincadeiras e tamb\u00e9m das mem\u00f3rias afetivas.<\/p>\n\n\n\n<p><em><strong>(Fonte<em><strong>\/Imagem<\/strong><\/em>: Prefeitura de Jundia\u00ed)<\/strong><\/em><\/p>\n","protected":false},"excerpt":{"rendered":"<p>As atividades gratuitas e abertas ao p\u00fablico acontecem at\u00e9 5 de agosto<\/p>\n","protected":false},"author":30,"featured_media":96264,"comment_status":"closed","ping_status":"0","sticky":false,"template":"","format":"standard","meta":{"footnotes":""},"categories":[8356,8354,1],"tags":[],"class_list":["post-96247","post","type-post","status-publish","format-standard","has-post-thumbnail","hentry","category-jundiai","category-lazer","category-noticias"],"_links":{"self":[{"href":"https:\/\/tvtecjundiai.com.br\/news\/wp-json\/wp\/v2\/posts\/96247","targetHints":{"allow":["GET"]}}],"collection":[{"href":"https:\/\/tvtecjundiai.com.br\/news\/wp-json\/wp\/v2\/posts"}],"about":[{"href":"https:\/\/tvtecjundiai.com.br\/news\/wp-json\/wp\/v2\/types\/post"}],"author":[{"embeddable":true,"href":"https:\/\/tvtecjundiai.com.br\/news\/wp-json\/wp\/v2\/users\/30"}],"replies":[{"embeddable":true,"href":"https:\/\/tvtecjundiai.com.br\/news\/wp-json\/wp\/v2\/comments?post=96247"}],"version-history":[{"count":3,"href":"https:\/\/tvtecjundiai.com.br\/news\/wp-json\/wp\/v2\/posts\/96247\/revisions"}],"predecessor-version":[{"id":96265,"href":"https:\/\/tvtecjundiai.com.br\/news\/wp-json\/wp\/v2\/posts\/96247\/revisions\/96265"}],"wp:featuredmedia":[{"embeddable":true,"href":"https:\/\/tvtecjundiai.com.br\/news\/wp-json\/wp\/v2\/media\/96264"}],"wp:attachment":[{"href":"https:\/\/tvtecjundiai.com.br\/news\/wp-json\/wp\/v2\/media?parent=96247"}],"wp:term":[{"taxonomy":"category","embeddable":true,"href":"https:\/\/tvtecjundiai.com.br\/news\/wp-json\/wp\/v2\/categories?post=96247"},{"taxonomy":"post_tag","embeddable":true,"href":"https:\/\/tvtecjundiai.com.br\/news\/wp-json\/wp\/v2\/tags?post=96247"}],"curies":[{"name":"wp","href":"https:\/\/api.w.org\/{rel}","templated":true}]}}