{"id":96269,"date":"2022-07-26T09:37:52","date_gmt":"2022-07-26T12:37:52","guid":{"rendered":"https:\/\/tvtecjundiai.com.br\/news\/?p=96269"},"modified":"2022-07-26T09:37:53","modified_gmt":"2022-07-26T12:37:53","slug":"programacao-do-polytheama-em-agosto-traz-musica-teatro-infantil-stand-up-e-comedia","status":"publish","type":"post","link":"https:\/\/tvtecjundiai.com.br\/news\/2022\/07\/26\/programacao-do-polytheama-em-agosto-traz-musica-teatro-infantil-stand-up-e-comedia\/","title":{"rendered":"Programa\u00e7\u00e3o do Polytheama em agosto traz m\u00fasica, teatro infantil, stand up e com\u00e9dia"},"content":{"rendered":"\n<p>Para o m\u00eas de agosto, a Unidade de Gest\u00e3o de Cultura (UGC) anuncia uma nova programa\u00e7\u00e3o diversificada, com espet\u00e1culos musicais, teatro infantil, stand up e com\u00e9dia.<\/p>\n\n\n\n<p>Um dos destaques da programa\u00e7\u00e3o gratuita j\u00e1 acontece no dia 01 de agosto (segunda-feira), a partir das 19h, com a abertura do Agosto Dourado, programa\u00e7\u00e3o desenvolvida pela Prefeitura e pelo Comit\u00ea Regional do Programa S\u00e3o Paulo pela Primeir\u00edssima Inf\u00e2ncia para comemorar a Semana do Beb\u00ea e Semana Mundial do Aleitamento Materno.<\/p>\n\n\n\n<p><a href=\"https:\/\/cultura.jundiai.sp.gov.br\/eventos\/tag\/teatro-polytheama\/\" target=\"_blank\" rel=\"noreferrer noopener\">CONFIRA OS DETALHES DA PROGRAMA\u00c7\u00c3O DO POLYTHEAMA<\/a><\/p>\n\n\n\n<p>Outra atra\u00e7\u00e3o especial ser\u00e1 no dia 20 de agosto (s\u00e1bado), com o segundo concerto da temporada da Orquestra Sinf\u00f4nica Municipal de Jundia\u00ed (OSMJ). A apresenta\u00e7\u00e3o gratuita do corpo art\u00edstico ligado \u00e0 UGC come\u00e7a \u00e0s 20h.<\/p>\n\n\n<div class=\"wp-block-image\">\n<figure class=\"aligncenter size-large is-resized\"><img loading=\"lazy\" decoding=\"async\" src=\"https:\/\/tvtecjundiai.com.br\/news\/wp-content\/uploads\/sites\/2\/2022\/07\/concerto-orquestra-sinfonica-municipal-de-jundiai-osmj_fm_-29-1200x800.jpg\" alt=\"\" class=\"wp-image-96270\" width=\"756\" height=\"504\" srcset=\"https:\/\/tvtecjundiai.com.br\/news\/wp-content\/uploads\/sites\/2\/2022\/07\/concerto-orquestra-sinfonica-municipal-de-jundiai-osmj_fm_-29-1200x800.jpg 1200w, https:\/\/tvtecjundiai.com.br\/news\/wp-content\/uploads\/sites\/2\/2022\/07\/concerto-orquestra-sinfonica-municipal-de-jundiai-osmj_fm_-29-300x200.jpg 300w, https:\/\/tvtecjundiai.com.br\/news\/wp-content\/uploads\/sites\/2\/2022\/07\/concerto-orquestra-sinfonica-municipal-de-jundiai-osmj_fm_-29-768x512.jpg 768w, https:\/\/tvtecjundiai.com.br\/news\/wp-content\/uploads\/sites\/2\/2022\/07\/concerto-orquestra-sinfonica-municipal-de-jundiai-osmj_fm_-29.jpg 1280w\" sizes=\"auto, (max-width: 756px) 100vw, 756px\" \/><\/figure>\n<\/div>\n\n\n<p>A programa\u00e7\u00e3o do m\u00eas traz ainda os espet\u00e1culos \u201cOs Originais do Samba\u201d na sexta-feira (05); \u201cOrquestra: que bicho \u00e9 esse?\u201d, na sexta-feira (12); \u201cUma Noite De Tango\u201d, no s\u00e1bado (13); o stand up \u201cDanilo Gentili &amp; Gordo do Danilo\u201d, no domingo (21); \u201cBanda Catedral \u2013 Turn\u00ea Eletro Ac\u00fastica\u201d, na quinta-feira (25); \u201cQuando eu for m\u00e3e quero amar desse jeito\u201d, na sexta-feira (26); o \u201cConcerto Astra-Finamax \u2013 Duo Gabriella Pace e Ricardo Balestero\u201d, no s\u00e1bado (27); \u201cAmazing Tenors\u201d, no domingo (28); al\u00e9m dos espet\u00e1culos do Projeto Escola \u201cVidas Secas\u201d, \u201cO M\u00e1gico de Oz\u201d e \u201cCinderela\u201d.<\/p>\n\n\n\n<p><a rel=\"noreferrer noopener\" href=\"https:\/\/www.sympla.com.br\/eventos?s=polytheama&amp;tab=eventos&amp;ordem=date\" target=\"_blank\">A bilheteria on-line do Teatro \u00e9 pela plataforma Sympla<\/a>. J\u00e1 a bilheteria f\u00edsica, funciona de ter\u00e7a a sexta-feira, das 10h \u00e0s 20h. Aos s\u00e1bados, domingos e feriados, a bilheteria funciona somente se houver espet\u00e1culo programado. Das 10h \u00e0s 17h ficam dispon\u00edveis os ingressos da agenda cultural em geral. J\u00e1 a partir desse hor\u00e1rio, ficam dispon\u00edveis somente os ingressos do espet\u00e1culo programado para o dia.<\/p>\n\n\n\n<p>J\u00e1 na Galeria de Arte Fernanda Perracini Milani, anexa ao Teatro Polytheama,\u00a0<a rel=\"noreferrer noopener\" href=\"https:\/\/cultura.jundiai.sp.gov.br\/exposicoes\/o-espaco-que-ha-entre-as-coisas\/\" target=\"_blank\">a exposi\u00e7\u00e3o \u201cO espa\u00e7o que h\u00e1 entre as coisas\u201d, dos artistas Dani Shirozono e Jeff Barbato<\/a>, segue com visita\u00e7\u00e3o gratuita at\u00e9 o dia 16 de agosto. O espa\u00e7o reabre no dia 29 de agosto, \u00e0s 19h, com a abertura da exposi\u00e7\u00e3o \u201cFerida Aberta\u201d. Durante as exposi\u00e7\u00f5es, a Galeria abre de ter\u00e7a a sexta-feira, das 9h \u00e0s 12h e das 13h \u00e0s 17h; aos s\u00e1bados, das 10h \u00e0s 13h.<\/p>\n\n\n\n<p>O Teatro Polytheama fica na Rua Bar\u00e3o de Jundia\u00ed, 176, Centro. Mais informa\u00e7\u00f5es podem ser obtidas pelo telefone (11) 4586-2472.<\/p>\n\n\n\n<p>Confira a programa\u00e7\u00e3o completa:<\/p>\n\n\n\n<ul class=\"wp-block-list\"><li><strong>01 de agosto (segunda-feira) \u2013 19h<br>Agosto Dourado \u2013 Abertura da Semana do Beb\u00ea e Semana Mundial do Aleitamento Materno<\/strong>\u00a0\u2013 Prefeitura de Jundia\u00ed e Comit\u00ea Regional do Programa S\u00e3o Paulo pela Primeir\u00edssima Inf\u00e2ncia<br>Classifica\u00e7\u00e3o: Livre \/ Dura\u00e7\u00e3o: 120 minutos \/ G\u00eanero: Semin\u00e1rio Cultural<br>Ingressos: Entrada Gratuita (distribui\u00e7\u00e3o pela plataforma Sympla a partir das 10h30 do dia 31 de julho)<\/li><\/ul>\n\n\n\n<p><\/p>\n\n\n\n<ul class=\"wp-block-list\"><li><strong>05 de agosto (sexta-feira) \u2013 20h<br>\u201cOs Originais do Samba\u201d<\/strong>\u00a0\u2013 Unidade de Gest\u00e3o de Cultura (UGC)<br>Classifica\u00e7\u00e3o: Livre \/ Dura\u00e7\u00e3o: 80 minutos \/ G\u00eanero: M\u00fasica Instrumental<br>Ingressos: Entrada Gratuita \u2013 distribui\u00e7\u00e3o gratuita de at\u00e9 dois ingressos por pessoa na bilheteria e pela plataforma Sympla a partir das 10h30 do dia 03 de agosto<\/li><\/ul>\n\n\n\n<p><\/p>\n\n\n\n<ul class=\"wp-block-list\"><li><strong>12 de agosto (sexta-feira) \u2013 20h<br>\u201cOrquestra: que bicho \u00e9 esse?\u201d<\/strong><br>Classifica\u00e7\u00e3o: Livre \/ Dura\u00e7\u00e3o: 80 minutos \/ G\u00eanero: M\u00fasica Instrumental<br>Ingressos: Entrada Gratuita \u2013 distribui\u00e7\u00e3o gratuita de at\u00e9 dois ingressos por pessoa na bvilheteria e pelaplataforma Sympla a partir das 10h30 do dia 02 de agosto<\/li><\/ul>\n\n\n\n<p><\/p>\n\n\n\n<ul class=\"wp-block-list\"><li><strong>13 de agosto (s\u00e1bado) \u2013 20h<br>\u201cUma Noite De Tango\u201d<\/strong>\u00a0\u2013 Cia. Tango<br>Classifica\u00e7\u00e3o: Livre \/ Dura\u00e7\u00e3o: 90 minutos \/ G\u00eanero: Dan\u00e7a e M\u00fasica<br><a rel=\"noreferrer noopener\" href=\"https:\/\/bileto.sympla.com.br\/event\/75112\/d\/149462\" target=\"_blank\">Ingressos: Plateia e Camarote \u2013 R$140,00 \/ Frisa e Arquibancada \u2013 R$100,00<\/a><br>Descontos previstos por lei.<\/li><\/ul>\n\n\n\n<p><\/p>\n\n\n\n<ul class=\"wp-block-list\"><li><strong>20 de agosto (s\u00e1bado) \u2013 20h<br>Concerto da Orquestra Sinf\u00f4nica Municipal de Jundia\u00ed (OSMJ)\u00a0<\/strong>\u2013 Unidade de Gest\u00e3o de Cultura (UGC)<br>Classifica\u00e7\u00e3o: Livre \/ Dura\u00e7\u00e3o: 60 minutos \/ G\u00eanero: M\u00fasica<br>Ingressos: Entrada Gratuita \u2013 Ingressos: Entrada Gratuita \u2013 \u2013 distribui\u00e7\u00e3o gratuita de at\u00e9 dois ingressos por pessoa na bilheteria e pela plataforma Sympla a partir das 10h30 do dia 19 de agosto<\/li><\/ul>\n\n\n\n<p><\/p>\n\n\n\n<ul class=\"wp-block-list\"><li><strong>21 de agosto (domingo) \u2013 19h<br>\u201cDanilo Gentili &amp; Gordo do Danilo\u201d<\/strong>\u00a0\u2013 GT Teatro<br>Classifica\u00e7\u00e3o: 16 anos \/ Dura\u00e7\u00e3o: 80 minutos \/ G\u00eanero: Stand Up<br><a rel=\"noreferrer noopener\" href=\"https:\/\/bileto.sympla.com.br\/event\/75031\/d\/149081\" target=\"_blank\">Ingressos: Plateia, Frisa e Camarote \u2013 R$90,00 \/ Arquibancada \u2013 R$70,00<\/a><br>Descontos: Clube GT \u2013 50% de desconto na compra de at\u00e9 dois ingressos\/ Clientes OBA \u2013 desconto de 50% para a compra de at\u00e9 dois ingressos mediante a apresenta\u00e7\u00e3o do cupom fiscal (m\u00ednimo de R$30,00)\/ Cliente Paineiras: mediante cupom fiscal de qualquer valor ou folheto promocional (Observa\u00e7\u00e3o: A emiss\u00e3o do cupom fiscal dever\u00e1 ser de no m\u00e1ximo 30 dias antes do espet\u00e1culo) \u2013 Descontos previstos por lei.<\/li><\/ul>\n\n\n\n<p><\/p>\n\n\n\n<ul class=\"wp-block-list\"><li><strong>23 de agosto (ter\u00e7a-feira) \u2013 10h e 20h<br>\u201cVidas Secas\u201d<\/strong>\u00a0\u2013 Projeto Escola<br>Classifica\u00e7\u00e3o: 12 anos \/ Dura\u00e7\u00e3o: 105 minutos \/ G\u00eanero: Liter\u00e1rio<br>Ingressos: Todos os setores R$50,00<br>Descontos: Grupos escolares pagam R$20,00 em cada ingresso \u2013 Descontos previstos por lei.<\/li><\/ul>\n\n\n\n<p><\/p>\n\n\n\n<ul class=\"wp-block-list\"><li><strong>24 de agosto (quarta-feira) \u2013 10h e 14h30<br>\u201cO M\u00e1gico de Oz\u201d<\/strong>\u00a0\u2013 Projeto Escola \u2013 Cia. Cambaio<br>Classifica\u00e7\u00e3o: Livre \/ Dura\u00e7\u00e3o: 55 minutos \/ G\u00eanero: Infantil<br>Ingressos: Plateia e Frisa R$50,00<br>Descontos: Grupos escolares pagam R$18,00 em cada ingresso \u2013 Descontos previstos por lei.<\/li><\/ul>\n\n\n\n<p><\/p>\n\n\n\n<ul class=\"wp-block-list\"><li><strong>25 de agosto (quinta-feira) \u2013 19h30<br>\u201cBanda Catedral \u2013 Turn\u00ea Eletro Ac\u00fastica\u201d\u00a0<\/strong>\u2013 TG Eventos<br>Classifica\u00e7\u00e3o: 12 anos \/ Dura\u00e7\u00e3o: 120 minutos \/ G\u00eanero: M\u00fasica<br>Ingressos: Plateia R$80,00 \/ Frisa R$100,00 \/ Camarote R$150,00 \/ Arquibancada R$100,00<br>Descontos previstos por lei.<\/li><\/ul>\n\n\n\n<p><\/p>\n\n\n\n<ul class=\"wp-block-list\"><li><strong>26 de agosto (sexta-feira) \u2013 20h<br>\u201cQuando eu for m\u00e3e quero amar desse jeito\u201d<\/strong>\u00a0\u2013 GT Teatro<br>Classifica\u00e7\u00e3o: 12 anos \/ Dura\u00e7\u00e3o: 80 minutos \/ G\u00eanero: Com\u00e9dia<br><a rel=\"noreferrer noopener\" href=\"https:\/\/bileto.sympla.com.br\/event\/75168\/d\/149663\" target=\"_blank\">Ingressos: Todos os setores por R$100,00<\/a><br>Descontos: Clube GT \u2013 50% de desconto na compra de at\u00e9 dois ingressos\/ Clientes OBA \u2013 desconto de 50% para a compra de at\u00e9 dois ingressos mediante a apresenta\u00e7\u00e3o do cupom fiscal (m\u00ednimo de R$30,00)\/ Cliente Paineiras \u2013 mediante cupom fiscal de qualquer valor ou folheto promocional (Observa\u00e7\u00e3o: A emiss\u00e3o do cupom fiscal dever\u00e1 ser de no m\u00e1ximo 30 dias antes do espet\u00e1culo) \u2013 Descontos previstos por lei<\/li><\/ul>\n\n\n\n<p><\/p>\n\n\n\n<ul class=\"wp-block-list\"><li><strong>27 de agosto (s\u00e1bado) \u2013 20h<br>\u201cConcerto Astra-Finamax \u2013 Duo Gabriella Pace e Ricardo Balestero\u201d<\/strong>\u00a0\u2013 Atique &amp; Atique Produ\u00e7\u00f5es<br>Classifica\u00e7\u00e3o: 07 anos \/ Dura\u00e7\u00e3o: 80 minutos \/ G\u00eanero: M\u00fasica de C\u00e2mara<br>Ingressos: Todos os setores \u2013 R$10,00<br>Descontos previstos por lei.<\/li><\/ul>\n\n\n\n<p><\/p>\n\n\n\n<ul class=\"wp-block-list\"><li><strong>28 de agosto (domingo) \u2013 19h<br>\u201cAmazing Tenors\u201d<\/strong>\u00a0\u2013 GT Teatro<br>Classifica\u00e7\u00e3o: Livre \/ Dura\u00e7\u00e3o: 100 minutos \/ G\u00eanero: Musical<br><a rel=\"noreferrer noopener\" href=\"https:\/\/bileto.sympla.com.br\/event\/72662\/d\/134868\" target=\"_blank\">Ingressos: Plateia, Frisa e Camarote \u2013 R$180,00 \/ Arquibancada \u2013 R$140,00<\/a><br>Descontos: Clube GT \u2013 50% de desconto na compra de at\u00e9 dois ingressos\/ Clientes OBA \u2013 desconto de 50% para a compra de at\u00e9 dois ingressos mediante a apresenta\u00e7\u00e3o do cupom fiscal (m\u00ednimo de R$30,00)\/ Cliente Paineiras \u2013 mediante cupom fiscal de qualquer valor ou folheto promocional (Observa\u00e7\u00e3o: A emiss\u00e3o do cupom fiscal dever\u00e1 ser de no m\u00e1ximo 30 dias antes do espet\u00e1culo) \u2013 Descontos previstos por lei.<\/li><\/ul>\n\n\n\n<p><\/p>\n\n\n\n<ul class=\"wp-block-list\"><li><strong>29 de agosto (segunda-feira) \u2013 19h<br>Galeria de Arte Fernanda Perracini Milani \u2013 vernissage da exposi\u00e7\u00e3o \u201cFerida Aberta\u201d<\/strong><br>Per\u00edodo de exposi\u00e7\u00e3o: de 29 de agosto a 27 de setembro<br>Entrada gratuita<\/li><\/ul>\n\n\n\n<p><\/p>\n\n\n\n<ul class=\"wp-block-list\"><li><strong>31 de agosto (quarta-feira) \u2013 10h e 14h30<br>\u201cCinderela\u201d<\/strong>\u00a0\u2013 Projeto Escola \u2013 Cia. Paulista de Artes<br>Classifica\u00e7\u00e3o: Livre \/ Dura\u00e7\u00e3o: 50 minutos \/ G\u00eanero: Infantil<br>Ingressos: Plateia e Frisa R$40,00<br>Descontos: Grupos escolares pagam R$13,00 em cada ingresso (Respons\u00e1vel pelo grupo escolar dever\u00e1 apresentar confirma\u00e7\u00e3o de agendamento pr\u00e9vio com a produ\u00e7\u00e3o da Cia. Paulista de Artes \u2013 Produtora Rosangela Torrezin) \u2013 Descontos previstos por lei.<\/li><\/ul>\n\n\n\n<p><strong><em>(Fonte\/Imagem: Prefeitura de Jundia\u00ed)<\/em><\/strong><\/p>\n","protected":false},"excerpt":{"rendered":"<p>Os ingressos podem ser adquiridos na bilheteria do teatro ou pela plataforma Sympla<\/p>\n","protected":false},"author":30,"featured_media":96270,"comment_status":"closed","ping_status":"0","sticky":false,"template":"","format":"standard","meta":{"footnotes":""},"categories":[2833,8356,8354,1],"tags":[],"class_list":["post-96269","post","type-post","status-publish","format-standard","has-post-thumbnail","hentry","category-cultura","category-jundiai","category-lazer","category-noticias"],"_links":{"self":[{"href":"https:\/\/tvtecjundiai.com.br\/news\/wp-json\/wp\/v2\/posts\/96269","targetHints":{"allow":["GET"]}}],"collection":[{"href":"https:\/\/tvtecjundiai.com.br\/news\/wp-json\/wp\/v2\/posts"}],"about":[{"href":"https:\/\/tvtecjundiai.com.br\/news\/wp-json\/wp\/v2\/types\/post"}],"author":[{"embeddable":true,"href":"https:\/\/tvtecjundiai.com.br\/news\/wp-json\/wp\/v2\/users\/30"}],"replies":[{"embeddable":true,"href":"https:\/\/tvtecjundiai.com.br\/news\/wp-json\/wp\/v2\/comments?post=96269"}],"version-history":[{"count":1,"href":"https:\/\/tvtecjundiai.com.br\/news\/wp-json\/wp\/v2\/posts\/96269\/revisions"}],"predecessor-version":[{"id":96271,"href":"https:\/\/tvtecjundiai.com.br\/news\/wp-json\/wp\/v2\/posts\/96269\/revisions\/96271"}],"wp:featuredmedia":[{"embeddable":true,"href":"https:\/\/tvtecjundiai.com.br\/news\/wp-json\/wp\/v2\/media\/96270"}],"wp:attachment":[{"href":"https:\/\/tvtecjundiai.com.br\/news\/wp-json\/wp\/v2\/media?parent=96269"}],"wp:term":[{"taxonomy":"category","embeddable":true,"href":"https:\/\/tvtecjundiai.com.br\/news\/wp-json\/wp\/v2\/categories?post=96269"},{"taxonomy":"post_tag","embeddable":true,"href":"https:\/\/tvtecjundiai.com.br\/news\/wp-json\/wp\/v2\/tags?post=96269"}],"curies":[{"name":"wp","href":"https:\/\/api.w.org\/{rel}","templated":true}]}}