{"id":96272,"date":"2022-07-26T10:10:53","date_gmt":"2022-07-26T13:10:53","guid":{"rendered":"https:\/\/tvtecjundiai.com.br\/news\/?p=96272"},"modified":"2022-07-26T10:10:53","modified_gmt":"2022-07-26T13:10:53","slug":"podtrampo-conheca-as-tendencias-do-mercado-de-trabalho","status":"publish","type":"post","link":"https:\/\/tvtecjundiai.com.br\/news\/2022\/07\/26\/podtrampo-conheca-as-tendencias-do-mercado-de-trabalho\/","title":{"rendered":"PodTrampo: Conhe\u00e7a as tend\u00eancias do mercado de trabalho"},"content":{"rendered":"\n<p>O 12\u00b0 epis\u00f3dio do PodTrampo, podcast da TVTEC Jundia\u00ed sobre empregabilidade, mercado de trabalho e empreendedorismo, teve como convidada a gerente de carreiras Andrea Deis.<\/p>\n\n\n\n<p>Apresentado pela jornalista Tayana Konrath, o bate-papo foi sobre as tend\u00eancias e mudan\u00e7as do mercado de trabalho, como a rela\u00e7\u00e3o entre empregadores e funcion\u00e1rios, mudan\u00e7as na carga hor\u00e1ria de trabalho em algumas empresas e outras quest\u00f5es.<\/p>\n\n\n\n<p>O podcast foi ao ar nesta ter\u00e7a-feira (26), \u00e0s 9h, com transmiss\u00e3o pelo Facebook e YouTube da TVTEC Jundia\u00ed. Para ouvir depois, \u00e9 poss\u00edvel acompanhar o PodTrampo a qualquer hora pelas plataformas de m\u00fasica.<\/p>\n\n\n<div class=\"wp-block-image\">\n<figure class=\"aligncenter size-large is-resized\"><img loading=\"lazy\" decoding=\"async\" src=\"https:\/\/tvtecjundiai.com.br\/news\/wp-content\/uploads\/sites\/2\/2022\/07\/WhatsApp-Image-2022-07-26-at-10.08.46-edited.jpeg\" alt=\"\" class=\"wp-image-96275\" width=\"683\" height=\"455\" srcset=\"https:\/\/tvtecjundiai.com.br\/news\/wp-content\/uploads\/sites\/2\/2022\/07\/WhatsApp-Image-2022-07-26-at-10.08.46-edited.jpeg 1080w, https:\/\/tvtecjundiai.com.br\/news\/wp-content\/uploads\/sites\/2\/2022\/07\/WhatsApp-Image-2022-07-26-at-10.08.46-edited-300x200.jpeg 300w, https:\/\/tvtecjundiai.com.br\/news\/wp-content\/uploads\/sites\/2\/2022\/07\/WhatsApp-Image-2022-07-26-at-10.08.46-edited-768x512.jpeg 768w\" sizes=\"auto, (max-width: 683px) 100vw, 683px\" \/><\/figure>\n<\/div>\n\n\n<p><strong>PodTrampo \u2013 O podcast sobre empregabilidade da TVTEC Jundia\u00ed<\/strong><\/p>\n\n\n\n<p><a href=\"https:\/\/www.facebook.com\/tvtecjundiai\/videos\/816008409530470\" data-type=\"URL\" data-id=\"https:\/\/www.facebook.com\/tvtecjundiai\/videos\/816008409530470\">Assista no Facebook<\/a><\/p>\n\n\n\n<p><a href=\"https:\/\/www.youtube.com\/watch?v=H1kr1CH99ok\" data-type=\"URL\" data-id=\"https:\/\/www.youtube.com\/watch?v=H1kr1CH99ok\">Assista no YouTube<\/a><\/p>\n\n\n\n<p><a href=\"https:\/\/open.spotify.com\/show\/7z6svX7eOSDP0ro1CLadv9\">Ou\u00e7a no Spotify<\/a><\/p>\n\n\n\n<p><a href=\"https:\/\/www.deezer.com\/br\/show\/3705277\">Ou\u00e7a no Deezer<\/a><\/p>\n\n\n\n<p><a href=\"https:\/\/podcasts.apple.com\/br\/podcast\/podtrampo\/id1624539227\">Ou\u00e7a no iTunes<\/a><\/p>\n\n\n\n<p><strong><em>(Fonte\/Imagens: TVTEC Jundia\u00ed)<\/em><\/strong><\/p>\n","protected":false},"excerpt":{"rendered":"<p>Podcast foi ao ar nesta ter\u00e7a (26), \u00e0s 9h, com transmiss\u00e3o pelo Facebook e YouTube<\/p>\n","protected":false},"author":30,"featured_media":96275,"comment_status":"closed","ping_status":"0","sticky":false,"template":"","format":"standard","meta":{"footnotes":""},"categories":[8362,5038,8363,8356,1],"tags":[],"class_list":["post-96272","post","type-post","status-publish","format-standard","has-post-thumbnail","hentry","category-empreendedorismo","category-emprego","category-emprego-2","category-jundiai","category-noticias"],"_links":{"self":[{"href":"https:\/\/tvtecjundiai.com.br\/news\/wp-json\/wp\/v2\/posts\/96272","targetHints":{"allow":["GET"]}}],"collection":[{"href":"https:\/\/tvtecjundiai.com.br\/news\/wp-json\/wp\/v2\/posts"}],"about":[{"href":"https:\/\/tvtecjundiai.com.br\/news\/wp-json\/wp\/v2\/types\/post"}],"author":[{"embeddable":true,"href":"https:\/\/tvtecjundiai.com.br\/news\/wp-json\/wp\/v2\/users\/30"}],"replies":[{"embeddable":true,"href":"https:\/\/tvtecjundiai.com.br\/news\/wp-json\/wp\/v2\/comments?post=96272"}],"version-history":[{"count":2,"href":"https:\/\/tvtecjundiai.com.br\/news\/wp-json\/wp\/v2\/posts\/96272\/revisions"}],"predecessor-version":[{"id":96276,"href":"https:\/\/tvtecjundiai.com.br\/news\/wp-json\/wp\/v2\/posts\/96272\/revisions\/96276"}],"wp:featuredmedia":[{"embeddable":true,"href":"https:\/\/tvtecjundiai.com.br\/news\/wp-json\/wp\/v2\/media\/96275"}],"wp:attachment":[{"href":"https:\/\/tvtecjundiai.com.br\/news\/wp-json\/wp\/v2\/media?parent=96272"}],"wp:term":[{"taxonomy":"category","embeddable":true,"href":"https:\/\/tvtecjundiai.com.br\/news\/wp-json\/wp\/v2\/categories?post=96272"},{"taxonomy":"post_tag","embeddable":true,"href":"https:\/\/tvtecjundiai.com.br\/news\/wp-json\/wp\/v2\/tags?post=96272"}],"curies":[{"name":"wp","href":"https:\/\/api.w.org\/{rel}","templated":true}]}}