{"id":96322,"date":"2022-07-27T11:03:37","date_gmt":"2022-07-27T14:03:37","guid":{"rendered":"https:\/\/tvtecjundiai.com.br\/news\/?p=96322"},"modified":"2022-07-27T11:03:37","modified_gmt":"2022-07-27T14:03:37","slug":"contacao-de-historia-e-oficina-movimentam-a-biblioteca-municipal-neste-sabado-30","status":"publish","type":"post","link":"https:\/\/tvtecjundiai.com.br\/news\/2022\/07\/27\/contacao-de-historia-e-oficina-movimentam-a-biblioteca-municipal-neste-sabado-30\/","title":{"rendered":"Conta\u00e7\u00e3o de hist\u00f3ria e oficina movimentam a Biblioteca Municipal neste s\u00e1bado (30)"},"content":{"rendered":"\n<p>Dentro da proposta de promover a\u00e7\u00f5es culturais diversificadas, a Unidade de Gest\u00e3o de Cultura (UGC), por meio da Biblioteca P\u00fablica Municipal Prof. Nelson Foot (BNF), em parceria com o Coletivo #PretaEu, realiza neste s\u00e1bado (30), \u00e0s 11h, a conta\u00e7\u00e3o de hist\u00f3ria \u201cMeu Crespo \u00e9 de Rainha\u201d, de autoria de Bell Hooks, seguida da oficina \u201cTurbantA\u00e7\u00e3o\u201d (amarra\u00e7\u00e3o de turbante).<\/p>\n\n\n\n<p>A a\u00e7\u00e3o integra a programa\u00e7\u00e3o do Projeto ZumbiTeca, que chega a sua 6\u00aa edi\u00e7\u00e3o, \u00e9 gratuita e aberta para 15 crian\u00e7as de quatro a 12 anos, acompanhadas dos pais ou cuidadores, sendo que o acesso se dar\u00e1 por ordem de chegada, com dura\u00e7\u00e3o de uma hora. O objetivo segundo os organizadores consiste em enaltecer a beleza negra em toda sua diversidade, de forma doce, delicada e l\u00fadica, fortalecendo a autoestima.<\/p>\n\n\n\n<p>Durante a leitura da hist\u00f3ria \u201cMeu crespo \u00e9 de Rainha\u201d, que \u00e9 uma homenagem ao cabelo afro, e ensina as crian\u00e7as a se orgulharem de sua cabeleira como ela \u00e9, as oficineiras do Coletivo #PretaEu v\u00e3o ensinando as diferentes possibilidades da amarra\u00e7\u00e3o de turbantes, que representam a afirma\u00e7\u00e3o da identidade cultural que foi trazida pelos negros que vieram da \u00c1frica para o Brasil.<\/p>\n\n\n<div class=\"wp-block-image\">\n<figure class=\"aligncenter size-full is-resized\"><img loading=\"lazy\" decoding=\"async\" src=\"https:\/\/tvtecjundiai.com.br\/news\/wp-content\/uploads\/sites\/2\/2022\/07\/ferias_na_biblioteca_contacao_historia-113-1280x828-1.png\" alt=\"\" class=\"wp-image-96323\" width=\"701\" height=\"416\" srcset=\"https:\/\/tvtecjundiai.com.br\/news\/wp-content\/uploads\/sites\/2\/2022\/07\/ferias_na_biblioteca_contacao_historia-113-1280x828-1.png 800w, https:\/\/tvtecjundiai.com.br\/news\/wp-content\/uploads\/sites\/2\/2022\/07\/ferias_na_biblioteca_contacao_historia-113-1280x828-1-300x178.png 300w, https:\/\/tvtecjundiai.com.br\/news\/wp-content\/uploads\/sites\/2\/2022\/07\/ferias_na_biblioteca_contacao_historia-113-1280x828-1-768x456.png 768w\" sizes=\"auto, (max-width: 701px) 100vw, 701px\" \/><\/figure>\n<\/div>\n\n\n<p><strong>#PretaEu<\/strong><\/p>\n\n\n\n<p>O <strong>#PretaEu<\/strong> \u00e9 um coletivo de mulheres negras, nascido em 2016, com intuito de empoderar mulheres negras e afrodescendentes atrav\u00e9s do conhecimento e engajamento social, fomentando representatividade e visibilidade no cen\u00e1rio local, mas n\u00e3o apenas.<\/p>\n\n\n\n<p>O coletivo desenvolve e comercializa uma vasta gama de produtos com inspira\u00e7\u00e3o nas culturas africanas e afro-brasileiras, como bonecas abayomi, turbantes aramados, brincos estilizados e vestimentas, tudo ornamentado com as ricas formas e estamparias criadas em solos africanos e brasileiros e cursos e viv\u00eancias.<\/p>\n\n\n\n<p><strong><em>(Fonte\/Imagem: Prefeitura de Jundia\u00ed)<\/em><\/strong><\/p>\n","protected":false},"excerpt":{"rendered":"<p>A a\u00e7\u00e3o integra a programa\u00e7\u00e3o da 6\u00aa edi\u00e7\u00e3o do Projeto ZumbiTeca<\/p>\n","protected":false},"author":30,"featured_media":96323,"comment_status":"closed","ping_status":"0","sticky":false,"template":"","format":"standard","meta":{"footnotes":""},"categories":[2833,8356,8354,1],"tags":[],"class_list":["post-96322","post","type-post","status-publish","format-standard","has-post-thumbnail","hentry","category-cultura","category-jundiai","category-lazer","category-noticias"],"_links":{"self":[{"href":"https:\/\/tvtecjundiai.com.br\/news\/wp-json\/wp\/v2\/posts\/96322","targetHints":{"allow":["GET"]}}],"collection":[{"href":"https:\/\/tvtecjundiai.com.br\/news\/wp-json\/wp\/v2\/posts"}],"about":[{"href":"https:\/\/tvtecjundiai.com.br\/news\/wp-json\/wp\/v2\/types\/post"}],"author":[{"embeddable":true,"href":"https:\/\/tvtecjundiai.com.br\/news\/wp-json\/wp\/v2\/users\/30"}],"replies":[{"embeddable":true,"href":"https:\/\/tvtecjundiai.com.br\/news\/wp-json\/wp\/v2\/comments?post=96322"}],"version-history":[{"count":1,"href":"https:\/\/tvtecjundiai.com.br\/news\/wp-json\/wp\/v2\/posts\/96322\/revisions"}],"predecessor-version":[{"id":96324,"href":"https:\/\/tvtecjundiai.com.br\/news\/wp-json\/wp\/v2\/posts\/96322\/revisions\/96324"}],"wp:featuredmedia":[{"embeddable":true,"href":"https:\/\/tvtecjundiai.com.br\/news\/wp-json\/wp\/v2\/media\/96323"}],"wp:attachment":[{"href":"https:\/\/tvtecjundiai.com.br\/news\/wp-json\/wp\/v2\/media?parent=96322"}],"wp:term":[{"taxonomy":"category","embeddable":true,"href":"https:\/\/tvtecjundiai.com.br\/news\/wp-json\/wp\/v2\/categories?post=96322"},{"taxonomy":"post_tag","embeddable":true,"href":"https:\/\/tvtecjundiai.com.br\/news\/wp-json\/wp\/v2\/tags?post=96322"}],"curies":[{"name":"wp","href":"https:\/\/api.w.org\/{rel}","templated":true}]}}