{"id":96329,"date":"2022-07-27T13:52:48","date_gmt":"2022-07-27T16:52:48","guid":{"rendered":"https:\/\/tvtecjundiai.com.br\/news\/?p=96329"},"modified":"2022-07-27T13:52:49","modified_gmt":"2022-07-27T16:52:49","slug":"equipe-do-samu-atende-paciente-em-trabalho-de-parto-em-jundiai","status":"publish","type":"post","link":"https:\/\/tvtecjundiai.com.br\/news\/2022\/07\/27\/equipe-do-samu-atende-paciente-em-trabalho-de-parto-em-jundiai\/","title":{"rendered":"Equipe do SAMU atende paciente em trabalho de parto em Jundia\u00ed"},"content":{"rendered":"\n<p>Na noite de segunda-feira (25), a equipe do SAMU (Servi\u00e7o de Atendimento M\u00f3vel de Urg\u00eancia) atendeu a um chamado emocionante. Acionados para socorrer uma mulher em trabalho de parto, a equipe se deslocou para o bairro Parque Espelho D\u00b4\u00c1gua. Ao chegar ao local, Paula Gomes Lima de Lacerda, de 35 anos, que \u00e9 m\u00e9dica ginecologista\/obstetra j\u00e1 havia dado \u00e0 luz ao pequeno Cauan. Agitado, o garoto nasceu com 39 semanas de gesta\u00e7\u00e3o e dois dias. A m\u00e3e, que j\u00e1 havia tido dois partos normais, era puro afeto. Ambos foram removidos ao Hospital Universit\u00e1rio (HU) e passam bem.<\/p>\n\n\n<div class=\"wp-block-image\">\n<figure class=\"aligncenter size-full\"><img loading=\"lazy\" decoding=\"async\" width=\"592\" height=\"407\" src=\"https:\/\/tvtecjundiai.com.br\/news\/wp-content\/uploads\/sites\/2\/2022\/07\/bebe-samu-jundiai.jpg\" alt=\"\" class=\"wp-image-96330\" srcset=\"https:\/\/tvtecjundiai.com.br\/news\/wp-content\/uploads\/sites\/2\/2022\/07\/bebe-samu-jundiai.jpg 592w, https:\/\/tvtecjundiai.com.br\/news\/wp-content\/uploads\/sites\/2\/2022\/07\/bebe-samu-jundiai-300x206.jpg 300w\" sizes=\"auto, (max-width: 592px) 100vw, 592px\" \/><figcaption>Cauan nasceu com 39 semanas de gesta\u00e7\u00e3o, pesando 3.240 quilos e com 47 cm<\/figcaption><\/figure>\n<\/div>\n\n\n<p>Cauan nasceu nos bra\u00e7os do pai, Salom\u00e3o Menezes Lima de Lacerda, \u00e0s 23h54, pesando 3.240 quilos e 47 cm. A m\u00e3e relata o momento. \u201cQuando comecei a sentir as contra\u00e7\u00f5es, chamei meu esposo, por\u00e9m, como ele estava doente sob efeitos de medicamentos, n\u00e3o conseguia dirigir. Ao ver que o parto estava evoluindo r\u00e1pido, acionou o SAMU. Por\u00e9m, o beb\u00ea nasceu em casa, nos bra\u00e7os dele. E neste momento a equipe chegou para nos ajudar com os primeiros cuidados\u201d, relembra.<\/p>\n\n\n\n<p>\u201cN\u00e3o estava em nossos planos o beb\u00ea nascer em casa e quando a equipe chegou foi uma sensa\u00e7\u00e3o de seguran\u00e7a, por podermos ser levados para um hospital com estrutura e acompanhamento de profissionais. Meu sentimento \u00e9 de gratid\u00e3o, por todo o cuidado t\u00e9cnico, o acolhimento e a empatia neste momento cheio de emo\u00e7\u00e3o\u201d, conta Paula.<\/p>\n\n\n<div class=\"wp-block-image\">\n<figure class=\"aligncenter size-large is-resized\"><img loading=\"lazy\" decoding=\"async\" src=\"https:\/\/tvtecjundiai.com.br\/news\/wp-content\/uploads\/sites\/2\/2022\/07\/Dr.-Mario-Kodama-e-o-pequeno-Cauan-720x960.jpeg\" alt=\"\" class=\"wp-image-96331\" width=\"484\" height=\"646\" srcset=\"https:\/\/tvtecjundiai.com.br\/news\/wp-content\/uploads\/sites\/2\/2022\/07\/Dr.-Mario-Kodama-e-o-pequeno-Cauan-720x960.jpeg 720w, https:\/\/tvtecjundiai.com.br\/news\/wp-content\/uploads\/sites\/2\/2022\/07\/Dr.-Mario-Kodama-e-o-pequeno-Cauan-300x400.jpeg 300w, https:\/\/tvtecjundiai.com.br\/news\/wp-content\/uploads\/sites\/2\/2022\/07\/Dr.-Mario-Kodama-e-o-pequeno-Cauan-768x1024.jpeg 768w, https:\/\/tvtecjundiai.com.br\/news\/wp-content\/uploads\/sites\/2\/2022\/07\/Dr.-Mario-Kodama-e-o-pequeno-Cauan-1152x1536.jpeg 1152w, https:\/\/tvtecjundiai.com.br\/news\/wp-content\/uploads\/sites\/2\/2022\/07\/Dr.-Mario-Kodama-e-o-pequeno-Cauan.jpeg 1200w\" sizes=\"auto, (max-width: 484px) 100vw, 484px\" \/><figcaption>M\u00e1rio Jorge Kodama, m\u00e9dico coordenador do SAMU, com Cauan nos bra\u00e7os<\/figcaption><\/figure>\n<\/div>\n\n\n<p>A equipe que prestou o atendimento foi conduzida pelo m\u00e9dico coordenador do SAMU, M\u00e1rio Jorge Kodama, enfermeiro J\u00falio Cesar Rodrigues de Oliveira e condutor Fabiano de Oliveira Paiva. \u201cS\u00e3o nesses momentos m\u00e1gicos em que temos a certeza de que \u2018somos escolhidos\u2019 para a profiss\u00e3o certa. O f\u00f4lego embutido em atuar e trazer a vida a esse pequeno menino, gera o est\u00edmulo necess\u00e1rio para mantermos o foco e resili\u00eancia em nossa atividade, que por ventura \u00e9 extremamente desgastante e subvalorizada. Fazer o nosso melhor sempre, pois a Medicina nunca foi uma escolha e sim uma \u2018ren\u00fancia\u2019 para poder cuidar daqueles que precisam de n\u00f3s\u201d,\u00a0 diz o m\u00e9dico coordenador do SAMU.<\/p>\n\n\n\n<p><strong><em>(Fonte\/Imagens: Assessoria Hospital S\u00e3o Vicente)<\/em><\/strong><\/p>\n","protected":false},"excerpt":{"rendered":"<p>Cauan nasceu em casa e recebeu os primeiros cuidados da equipe do SAMU<\/p>\n","protected":false},"author":30,"featured_media":96330,"comment_status":"closed","ping_status":"0","sticky":false,"template":"","format":"standard","meta":{"footnotes":""},"categories":[8356,1],"tags":[],"class_list":["post-96329","post","type-post","status-publish","format-standard","has-post-thumbnail","hentry","category-jundiai","category-noticias"],"_links":{"self":[{"href":"https:\/\/tvtecjundiai.com.br\/news\/wp-json\/wp\/v2\/posts\/96329","targetHints":{"allow":["GET"]}}],"collection":[{"href":"https:\/\/tvtecjundiai.com.br\/news\/wp-json\/wp\/v2\/posts"}],"about":[{"href":"https:\/\/tvtecjundiai.com.br\/news\/wp-json\/wp\/v2\/types\/post"}],"author":[{"embeddable":true,"href":"https:\/\/tvtecjundiai.com.br\/news\/wp-json\/wp\/v2\/users\/30"}],"replies":[{"embeddable":true,"href":"https:\/\/tvtecjundiai.com.br\/news\/wp-json\/wp\/v2\/comments?post=96329"}],"version-history":[{"count":1,"href":"https:\/\/tvtecjundiai.com.br\/news\/wp-json\/wp\/v2\/posts\/96329\/revisions"}],"predecessor-version":[{"id":96332,"href":"https:\/\/tvtecjundiai.com.br\/news\/wp-json\/wp\/v2\/posts\/96329\/revisions\/96332"}],"wp:featuredmedia":[{"embeddable":true,"href":"https:\/\/tvtecjundiai.com.br\/news\/wp-json\/wp\/v2\/media\/96330"}],"wp:attachment":[{"href":"https:\/\/tvtecjundiai.com.br\/news\/wp-json\/wp\/v2\/media?parent=96329"}],"wp:term":[{"taxonomy":"category","embeddable":true,"href":"https:\/\/tvtecjundiai.com.br\/news\/wp-json\/wp\/v2\/categories?post=96329"},{"taxonomy":"post_tag","embeddable":true,"href":"https:\/\/tvtecjundiai.com.br\/news\/wp-json\/wp\/v2\/tags?post=96329"}],"curies":[{"name":"wp","href":"https:\/\/api.w.org\/{rel}","templated":true}]}}