{"id":96347,"date":"2022-07-27T16:50:46","date_gmt":"2022-07-27T19:50:46","guid":{"rendered":"https:\/\/tvtecjundiai.com.br\/news\/?p=96347"},"modified":"2022-07-27T17:01:56","modified_gmt":"2022-07-27T20:01:56","slug":"jovens-da-fundacao-casa-participam-de-oficina-audiovisual-oferecida-pela-prefeitura-de-jundiai-e-tvtec","status":"publish","type":"post","link":"https:\/\/tvtecjundiai.com.br\/news\/2022\/07\/27\/jovens-da-fundacao-casa-participam-de-oficina-audiovisual-oferecida-pela-prefeitura-de-jundiai-e-tvtec\/","title":{"rendered":"Jovens da Funda\u00e7\u00e3o CASA participam de oficina de audiovisual oferecida pela Prefeitura de Jundia\u00ed e TVTEC"},"content":{"rendered":"\n<p>A quarta-feira (27) ensolarada no Jardim do Lago foi tamb\u00e9m de aprendizado e novos conhecimentos para um grupo de jovens, com idades entre 15 e 18 anos, que cumprem medida socioeducativa no CASA de Semiliberdade Jundia\u00ed. A a\u00e7\u00e3o \u00e9 fruto da parceria entre a funda\u00e7\u00e3o e a Prefeitura de Jundia\u00ed, por meio da TVTEC e Escola de Inova\u00e7\u00e3o, Coisas e Neg\u00f3cios.<\/p>\n\n\n\n<figure class=\"wp-block-image size-large\"><img loading=\"lazy\" decoding=\"async\" width=\"1200\" height=\"900\" src=\"https:\/\/tvtecjundiai.com.br\/news\/wp-content\/uploads\/sites\/2\/2022\/07\/IMG_5093-1200x900.jpg\" alt=\"\" class=\"wp-image-96348\" srcset=\"https:\/\/tvtecjundiai.com.br\/news\/wp-content\/uploads\/sites\/2\/2022\/07\/IMG_5093-1200x900.jpg 1200w, https:\/\/tvtecjundiai.com.br\/news\/wp-content\/uploads\/sites\/2\/2022\/07\/IMG_5093-300x225.jpg 300w, https:\/\/tvtecjundiai.com.br\/news\/wp-content\/uploads\/sites\/2\/2022\/07\/IMG_5093-768x576.jpg 768w, https:\/\/tvtecjundiai.com.br\/news\/wp-content\/uploads\/sites\/2\/2022\/07\/IMG_5093.jpg 1280w\" sizes=\"auto, (max-width: 1200px) 100vw, 1200px\" \/><figcaption>Jovens da Funda\u00e7\u00e3o CASA participam da oficina no Parque Jardim do Lago<\/figcaption><\/figure>\n\n\n\n<p>\u201c\u00c9 uma parceria do bem, firmada com a inten\u00e7\u00e3o de auxiliar estes jovens em uma oportuna reinser\u00e7\u00e3o no mercado de trabalho. A Prefeitura de Jundia\u00ed e a TVTEC atuam no sentido de colaborar com a forma\u00e7\u00e3o da nossa juventude e essa capacita\u00e7\u00e3o certamente propiciar\u00e1 boas oportunidades para este p\u00fablico que merece ter novos horizontes\u201d, enfatiza o gestor da Casa Civil, Gustavo Maryssael.<\/p>\n\n\n\n<p>\u201cA semiliberdade \u00e9 uma medida socioeducativa que necessita do apoio da comunidade para acontecer e encontramos esse acolhimento e oportunidade junto \u00e0 Prefeitura de Jundia\u00ed, da TVTEC e sua Escola de Inova\u00e7\u00e3o, que frequentemente oferecem cursos bastante proveitosos para a qualifica\u00e7\u00e3o profissional dos nossos adolescentes&#8221;, afirma o secret\u00e1rio da Justi\u00e7a e Cidadania e presidente da Funda\u00e7\u00e3o CASA, Fernando Jos\u00e9 da Costa.<\/p>\n\n\n\n<p>Divididos em dois per\u00edodos \u2013 manh\u00e3 e tarde, os 11 adolescentes participaram da <em>Oficina de Audiovisual<\/em>, com dicas e t\u00e9cnicas de fotografia e filmagem, al\u00e9m de atividade pr\u00e1tica produzida pelos alunos. \u201cO Stop Motion \u00e9 uma t\u00e9cnica de grava\u00e7\u00e3o cujo, a partir de diversas fotografias captadas sequencialmente, resulta na sensa\u00e7\u00e3o de movimento e tem como resultado um v\u00eddeo\u201d, explica Silvio Rom\u00e3o, professor da FTVTEC.<\/p>\n\n\n\n<p>\u201cEntendemos que esses jovens precisam de apoio e incentivo. Estamos honrados pela confian\u00e7a depositada em nosso trabalho e por esse objetivo comum de ressignificar a vida desses jovens\u201d, ressalta M\u00f4nica Gropelo, superintendente da FTVTEC Jundia\u00ed.<\/p>\n\n\n\n<figure class=\"wp-block-image size-full\"><img loading=\"lazy\" decoding=\"async\" width=\"1010\" height=\"721\" src=\"https:\/\/tvtecjundiai.com.br\/news\/wp-content\/uploads\/sites\/2\/2022\/07\/IMG_5133-1.jpg\" alt=\"\" class=\"wp-image-96351\" srcset=\"https:\/\/tvtecjundiai.com.br\/news\/wp-content\/uploads\/sites\/2\/2022\/07\/IMG_5133-1.jpg 1010w, https:\/\/tvtecjundiai.com.br\/news\/wp-content\/uploads\/sites\/2\/2022\/07\/IMG_5133-1-300x214.jpg 300w, https:\/\/tvtecjundiai.com.br\/news\/wp-content\/uploads\/sites\/2\/2022\/07\/IMG_5133-1-768x548.jpg 768w\" sizes=\"auto, (max-width: 1010px) 100vw, 1010px\" \/><figcaption>Aula contou com atividade pr\u00e1tica de Stop Motion<\/figcaption><\/figure>\n","protected":false},"excerpt":{"rendered":"<p>Curso realizado no Parque Jardim do Lago nesta quarta-feira (27) contou com 15 participantes <\/p>\n","protected":false},"author":17,"featured_media":96348,"comment_status":"closed","ping_status":"0","sticky":false,"template":"","format":"standard","meta":{"footnotes":""},"categories":[8356,1],"tags":[],"class_list":["post-96347","post","type-post","status-publish","format-standard","has-post-thumbnail","hentry","category-jundiai","category-noticias"],"_links":{"self":[{"href":"https:\/\/tvtecjundiai.com.br\/news\/wp-json\/wp\/v2\/posts\/96347","targetHints":{"allow":["GET"]}}],"collection":[{"href":"https:\/\/tvtecjundiai.com.br\/news\/wp-json\/wp\/v2\/posts"}],"about":[{"href":"https:\/\/tvtecjundiai.com.br\/news\/wp-json\/wp\/v2\/types\/post"}],"author":[{"embeddable":true,"href":"https:\/\/tvtecjundiai.com.br\/news\/wp-json\/wp\/v2\/users\/17"}],"replies":[{"embeddable":true,"href":"https:\/\/tvtecjundiai.com.br\/news\/wp-json\/wp\/v2\/comments?post=96347"}],"version-history":[{"count":2,"href":"https:\/\/tvtecjundiai.com.br\/news\/wp-json\/wp\/v2\/posts\/96347\/revisions"}],"predecessor-version":[{"id":96354,"href":"https:\/\/tvtecjundiai.com.br\/news\/wp-json\/wp\/v2\/posts\/96347\/revisions\/96354"}],"wp:featuredmedia":[{"embeddable":true,"href":"https:\/\/tvtecjundiai.com.br\/news\/wp-json\/wp\/v2\/media\/96348"}],"wp:attachment":[{"href":"https:\/\/tvtecjundiai.com.br\/news\/wp-json\/wp\/v2\/media?parent=96347"}],"wp:term":[{"taxonomy":"category","embeddable":true,"href":"https:\/\/tvtecjundiai.com.br\/news\/wp-json\/wp\/v2\/categories?post=96347"},{"taxonomy":"post_tag","embeddable":true,"href":"https:\/\/tvtecjundiai.com.br\/news\/wp-json\/wp\/v2\/tags?post=96347"}],"curies":[{"name":"wp","href":"https:\/\/api.w.org\/{rel}","templated":true}]}}