{"id":96355,"date":"2022-07-28T08:43:33","date_gmt":"2022-07-28T11:43:33","guid":{"rendered":"https:\/\/tvtecjundiai.com.br\/news\/?p=96355"},"modified":"2022-07-28T09:54:13","modified_gmt":"2022-07-28T12:54:13","slug":"debea-oferece-curso-de-capacitacao-sobre-politicas-publicas-para-bem-estar-animal1","status":"publish","type":"post","link":"https:\/\/tvtecjundiai.com.br\/news\/2022\/07\/28\/debea-oferece-curso-de-capacitacao-sobre-politicas-publicas-para-bem-estar-animal1\/","title":{"rendered":"DEBEA oferece curso de capacita\u00e7\u00e3o sobre Pol\u00edticas P\u00fablicas para Bem-Estar Animal"},"content":{"rendered":"\n<p>O Departamento de Bem-Estar Animal (DEBEA), ligado \u00e0 Unidade de Gest\u00e3o de Planejamento Urbano e Meio Ambiente (UGPUMA), em parceria com a Escola de Gest\u00e3o P\u00fablica, promove o Curso de Capacita\u00e7\u00e3o sobre Pol\u00edticas P\u00fablicas para Bem-Estar animal, voltado para protetores que residem e atuam em Jundia\u00ed.<\/p>\n\n\n\n<p>Ser\u00e3o tr\u00eas encontros presenciais, nos dias 27 de agosto, 10 e 17 de setembro, das 8h \u00e0s 13h, na Escola de Gest\u00e3o P\u00fablica de Jundia\u00ed, que fica na Vila Arens. Com carga hor\u00e1ria total de 15 horas, o curso vai abordar as pol\u00edticas p\u00fablicas de prote\u00e7\u00e3o e bem-estar animal e orienta\u00e7\u00f5es para aprimorar o trabalho dos protetores \u2013 pessoas que realizam trabalho em defesa dos animais.&nbsp;<\/p>\n\n\n\n<p>\u201cSer\u00e1 a segunda edi\u00e7\u00e3o desta capacita\u00e7\u00e3o. Os participantes que conclu\u00edrem o curso e efetivamente atuarem no resgate e encaminhamento para ado\u00e7\u00e3o de c\u00e3es e gatos, ser\u00e3o castrados no Departamento de Bem-Estar Animal\u201d, explica a diretora do DEBEA, Daniela Ara\u00fajo Passos<\/p>\n\n\n\n<p>Os protetores que participarem da capacita\u00e7\u00e3o, poder\u00e3o participar da escolha de novos membros para integrarem o Conselho Municipal de Defesa e Bem-Estar Animal.&nbsp;<\/p>\n\n\n\n<p>As inscri\u00e7\u00f5es podem ser realizadas de 1 a 21 de agosto no&nbsp;<a href=\"https:\/\/forms.gle\/BFf6QoqJAAe6QPd66\">site<\/a>. Informa\u00e7\u00f5es pelo telefone 4582-2649.<\/p>\n\n\n\n<figure class=\"wp-block-image size-large\"><img loading=\"lazy\" decoding=\"async\" width=\"1200\" height=\"800\" src=\"https:\/\/tvtecjundiai.com.br\/news\/wp-content\/uploads\/sites\/2\/2022\/07\/capacitacao-protetores-animais-5-1200x800.jpg\" alt=\"\" class=\"wp-image-96356\" srcset=\"https:\/\/tvtecjundiai.com.br\/news\/wp-content\/uploads\/sites\/2\/2022\/07\/capacitacao-protetores-animais-5-1200x800.jpg 1200w, https:\/\/tvtecjundiai.com.br\/news\/wp-content\/uploads\/sites\/2\/2022\/07\/capacitacao-protetores-animais-5-300x200.jpg 300w, https:\/\/tvtecjundiai.com.br\/news\/wp-content\/uploads\/sites\/2\/2022\/07\/capacitacao-protetores-animais-5-768x512.jpg 768w, https:\/\/tvtecjundiai.com.br\/news\/wp-content\/uploads\/sites\/2\/2022\/07\/capacitacao-protetores-animais-5.jpg 1280w\" sizes=\"auto, (max-width: 1200px) 100vw, 1200px\" \/><figcaption>Curso vai abordar pol\u00edticas p\u00fablicas e a causa animal<\/figcaption><\/figure>\n\n\n\n<p><strong><em>(Fonte\/Imagem: Prefeitura de Jundia\u00ed)<\/em><\/strong><\/p>\n","protected":false},"excerpt":{"rendered":"<p>Ser\u00e3o tr\u00eas encontros presenciais, nos dias 27 de agosto, 10 e 17 de setembro, das 8h \u00e0s 13h<\/p>\n","protected":false},"author":30,"featured_media":93651,"comment_status":"closed","ping_status":"0","sticky":false,"template":"","format":"standard","meta":{"footnotes":""},"categories":[8356,1],"tags":[],"class_list":["post-96355","post","type-post","status-publish","format-standard","has-post-thumbnail","hentry","category-jundiai","category-noticias"],"_links":{"self":[{"href":"https:\/\/tvtecjundiai.com.br\/news\/wp-json\/wp\/v2\/posts\/96355","targetHints":{"allow":["GET"]}}],"collection":[{"href":"https:\/\/tvtecjundiai.com.br\/news\/wp-json\/wp\/v2\/posts"}],"about":[{"href":"https:\/\/tvtecjundiai.com.br\/news\/wp-json\/wp\/v2\/types\/post"}],"author":[{"embeddable":true,"href":"https:\/\/tvtecjundiai.com.br\/news\/wp-json\/wp\/v2\/users\/30"}],"replies":[{"embeddable":true,"href":"https:\/\/tvtecjundiai.com.br\/news\/wp-json\/wp\/v2\/comments?post=96355"}],"version-history":[{"count":2,"href":"https:\/\/tvtecjundiai.com.br\/news\/wp-json\/wp\/v2\/posts\/96355\/revisions"}],"predecessor-version":[{"id":96367,"href":"https:\/\/tvtecjundiai.com.br\/news\/wp-json\/wp\/v2\/posts\/96355\/revisions\/96367"}],"wp:featuredmedia":[{"embeddable":true,"href":"https:\/\/tvtecjundiai.com.br\/news\/wp-json\/wp\/v2\/media\/93651"}],"wp:attachment":[{"href":"https:\/\/tvtecjundiai.com.br\/news\/wp-json\/wp\/v2\/media?parent=96355"}],"wp:term":[{"taxonomy":"category","embeddable":true,"href":"https:\/\/tvtecjundiai.com.br\/news\/wp-json\/wp\/v2\/categories?post=96355"},{"taxonomy":"post_tag","embeddable":true,"href":"https:\/\/tvtecjundiai.com.br\/news\/wp-json\/wp\/v2\/tags?post=96355"}],"curies":[{"name":"wp","href":"https:\/\/api.w.org\/{rel}","templated":true}]}}