{"id":96387,"date":"2022-07-28T14:38:37","date_gmt":"2022-07-28T17:38:37","guid":{"rendered":"https:\/\/tvtecjundiai.com.br\/news\/?p=96387"},"modified":"2022-07-28T14:38:42","modified_gmt":"2022-07-28T17:38:42","slug":"festival-de-musica-espetaculos-e-exposicoes-movimentam-o-final-de-semana-em-jundiai","status":"publish","type":"post","link":"https:\/\/tvtecjundiai.com.br\/news\/2022\/07\/28\/festival-de-musica-espetaculos-e-exposicoes-movimentam-o-final-de-semana-em-jundiai\/","title":{"rendered":"Festival de M\u00fasica, espet\u00e1culos e exposi\u00e7\u00f5es movimentam o final de semana em Jundia\u00ed"},"content":{"rendered":"\n<p>Com as eliminat\u00f3rias do\u00a0<a rel=\"noreferrer noopener\" href=\"https:\/\/cultura.jundiai.sp.gov.br\/festivaldemusica\/\" target=\"_blank\">Festival de M\u00fasica de Jundia\u00ed<\/a>\u00a0acontecendo no Complexo Fepasa, nesta quinta e sexta- feiras (28 e 29), semifinal no s\u00e1bado (30) e grande final no domingo (31); al\u00e9m dos workshops, roda de conversa e shows com o Grupo Triii e Dem\u00f4nios da Garoa, tudo sendo oferecido gratuitamente \u00e0 popula\u00e7\u00e3o, o cen\u00e1rio cultural da cidade promete ser dos mais movimentados neste final de semana.<\/p>\n\n\n\n<p>As apresenta\u00e7\u00f5es dos m\u00fasicos concorrentes no Festival acontecem no palco da Unidade M\u00f3vel Cultural do Sesi, especialmente montado na pra\u00e7a central do Complexo Fepasa, sempre a partir das 19h30. O p\u00fablico al\u00e9m de contar com estacionamento gratuito, ainda encontra \u00e1rea de alimenta\u00e7\u00e3o com a participa\u00e7\u00e3o dos permission\u00e1rios dos varej\u00f5es noturnos da cidade e ainda podem conferir a produ\u00e7\u00e3o dos artes\u00e3os integrantes do projeto \u201cJundia\u00ed feito \u00e0 m\u00e3o\u201d.<\/p>\n\n\n\n<figure class=\"wp-block-image size-full\"><img loading=\"lazy\" decoding=\"async\" width=\"971\" height=\"482\" src=\"https:\/\/tvtecjundiai.com.br\/news\/wp-content\/uploads\/sites\/2\/2022\/07\/cultura.jpg\" alt=\"\" class=\"wp-image-96388\" srcset=\"https:\/\/tvtecjundiai.com.br\/news\/wp-content\/uploads\/sites\/2\/2022\/07\/cultura.jpg 971w, https:\/\/tvtecjundiai.com.br\/news\/wp-content\/uploads\/sites\/2\/2022\/07\/cultura-300x149.jpg 300w, https:\/\/tvtecjundiai.com.br\/news\/wp-content\/uploads\/sites\/2\/2022\/07\/cultura-768x381.jpg 768w\" sizes=\"auto, (max-width: 971px) 100vw, 971px\" \/><\/figure>\n\n\n\n<p>Os workshops e a roda de conversa, abertos aos m\u00fasicos de Jundia\u00ed e regi\u00e3o acontecer\u00e3o na sexta, s\u00e1bado e domingo (<a rel=\"noreferrer noopener\" href=\"https:\/\/cultura.jundiai.sp.gov.br\/festivaldemusica\/workshops\/\" target=\"_blank\">veja a programa\u00e7\u00e3o no site do festival<\/a>), com a participa\u00e7\u00e3o de profissionais do cen\u00e1rio musical. J\u00e1 os shows convidados acontecer\u00e3o no s\u00e1bado e domingo no per\u00edodo da tarde. O Grupo Triii vai comandar a alegria da garotada a partir das 17h, s\u00e1bado (30) e os sucessos dos Dem\u00f4nios da Garoa, ser\u00e3o apresentados no domingo (31), a partir das 15h30.<\/p>\n\n\n\n<p>Mas tem muito mais acontecendo na cidade. Confira a programa\u00e7\u00e3o em cada equipamento cultural para esse final de semana:<\/p>\n\n\n\n<p><strong>Complexo Fepasa\u00a0&#8211; Informa\u00e7\u00f5es: 4589-6800<\/strong><br>Al\u00e9m da programa\u00e7\u00e3o do Festival de M\u00fasica o p\u00fablico poder\u00e1 visitar a exposi\u00e7\u00e3o \u201cTarcilas \u2013 Mulheres na Arte\u201d, reunindo obras de 10 mulheres artistas visuais \u2013 grafiteiras, ilustradoras, pintoras de parede e tela \u2013 descentralizadas, de Jundia\u00ed, resultado de um projeto realizado de janeiro a mar\u00e7o de 2021, com o apoio da UGC e viabilizado pelo Programa de A\u00e7\u00e3o Cultural \u2013 ProAc \u2013 da Secretaria de Cultura e Economia Criativa do Estado de S\u00e3o Paulo.<\/p>\n\n\n\n<p>A curadoria \u00e9 da artista Gislaine Silva (Gi Real), com colabora\u00e7\u00e3o das artistas Paula Pimenta e Andr\u00e9a Mendes, do Coletivo PretaA\u00e7\u00e3o. Em exposi\u00e7\u00e3o as obras das artistas: Beatriz Pastorini, Daniela Shirozono, Fl\u00e1via Prexede, Gabriela Santos de Matos, Marina Germano, Patr\u00edcia Haruno, T\u00e2nia Manacero, Thayara Magalh\u00e3es, Val\u00e9ria Balbin e Viviane Lima.<\/p>\n\n\n\n<p><strong>Biblioteca Municipal Professor Nelson Foot\u00a0&#8211; Informa\u00e7\u00f5es 4527-2110<\/strong><\/p>\n\n\n\n<p>Neste s\u00e1bado (30), \u00e0s 11h, em parceria com o Coletivo #PretaEu, acontece a conta\u00e7\u00e3o de hist\u00f3ria \u201cMeu Crespo \u00e9 de Rainha\u201d, de autoria de Bell Hooks, seguida da oficina \u201cTurbantA\u00e7\u00e3o\u201d (amarra\u00e7\u00e3o de turbante). A a\u00e7\u00e3o integra a programa\u00e7\u00e3o do Projeto ZumbiTeca, que chega a sua sexta edi\u00e7\u00e3o, \u00e9 gratuita e aberta para 15 crian\u00e7as de quatro a 12 anos, acompanhadas dos pais ou cuidadores, sendo que o acesso se dar\u00e1 por ordem de chegada, com dura\u00e7\u00e3o de uma hora.<\/p>\n\n\n\n<p>No espa\u00e7o Sonia Cintra, o p\u00fablico poder\u00e1 visitar a exposi\u00e7\u00e3o \u201cNarrativas Autobiogr\u00e1ficas e Mem\u00f3rias Imag\u00e9ticas\u201d que traz hist\u00f3rias de vida de alunas e alunos do CMEJA, das professoras Djenane Vieira e \u00c9rica Ferreira (Arte e L\u00edngua Portuguesa) que, por meio de relatos e fotos de ancestrais de suas fam\u00edlias, dialogam com o p\u00fablico acerca de suas mem\u00f3rias afetivas.<\/p>\n\n\n\n<figure class=\"wp-block-image size-large\"><img loading=\"lazy\" decoding=\"async\" width=\"1200\" height=\"801\" src=\"https:\/\/tvtecjundiai.com.br\/news\/wp-content\/uploads\/sites\/2\/2022\/07\/biblioteca_argos_exposicao-na-pele-da-negra-atraves-dos-olhos-9-1-1200x801.jpg\" alt=\"\" class=\"wp-image-96389\" srcset=\"https:\/\/tvtecjundiai.com.br\/news\/wp-content\/uploads\/sites\/2\/2022\/07\/biblioteca_argos_exposicao-na-pele-da-negra-atraves-dos-olhos-9-1-1200x801.jpg 1200w, https:\/\/tvtecjundiai.com.br\/news\/wp-content\/uploads\/sites\/2\/2022\/07\/biblioteca_argos_exposicao-na-pele-da-negra-atraves-dos-olhos-9-1-300x200.jpg 300w, https:\/\/tvtecjundiai.com.br\/news\/wp-content\/uploads\/sites\/2\/2022\/07\/biblioteca_argos_exposicao-na-pele-da-negra-atraves-dos-olhos-9-1-768x512.jpg 768w, https:\/\/tvtecjundiai.com.br\/news\/wp-content\/uploads\/sites\/2\/2022\/07\/biblioteca_argos_exposicao-na-pele-da-negra-atraves-dos-olhos-9-1.jpg 1280w\" sizes=\"auto, (max-width: 1200px) 100vw, 1200px\" \/><figcaption>A Mulher Negra \u00e9 destaque na exposi\u00e7\u00e3o Na Pele da Negra atrav\u00e9s dos Olhos<\/figcaption><\/figure>\n\n\n\n<p>E na Galeria Jundia\u00ed a exposi\u00e7\u00e3o \u201cNa Pele da Negra atrav\u00e9s dos Olhos\u201d, uma captura que retrata diversos sentimentos vivido no cotidiano da Mulher Negra, com o objetivo de homenagear e ressaltar a cultura afro brasileira. Participam da mostra as artistas: Beatriz Pastorino, Bella Tozini, Let\u00edcia Alves, Paty Miranda, Ros\u00e2ngela Arregol\u00e3o, Silvia Almeida, Stela Carolina, Thais Legal e Vanessa Sanches.<\/p>\n\n\n\n<p><strong>F\u00e1brica das Inf\u00e2ncias Japy &#8211; Informa\u00e7\u00f5es 4521-0971<\/strong><\/p>\n\n\n\n<p>Neste s\u00e1bado (30), \u00e0s 10h30, apresenta\u00e7\u00e3o do espet\u00e1culo de circo\/teatro \u201c O Swing do Equilibrista\u201d, projeto contemplado pelo Proac Lab\/46 \u2013 Lei Aldir Blanc 2021, com Bruno Edson e seus convidados, artistas tradicionais e renomados, fazem um show puramente infantil, para crian\u00e7as de todas as idades.<\/p>\n\n\n\n<figure class=\"wp-block-image size-large\"><img loading=\"lazy\" decoding=\"async\" width=\"1200\" height=\"800\" src=\"https:\/\/tvtecjundiai.com.br\/news\/wp-content\/uploads\/sites\/2\/2022\/07\/equilibrista-1200x800.jpg\" alt=\"\" class=\"wp-image-96390\" srcset=\"https:\/\/tvtecjundiai.com.br\/news\/wp-content\/uploads\/sites\/2\/2022\/07\/equilibrista-1200x800.jpg 1200w, https:\/\/tvtecjundiai.com.br\/news\/wp-content\/uploads\/sites\/2\/2022\/07\/equilibrista-300x200.jpg 300w, https:\/\/tvtecjundiai.com.br\/news\/wp-content\/uploads\/sites\/2\/2022\/07\/equilibrista-768x512.jpg 768w, https:\/\/tvtecjundiai.com.br\/news\/wp-content\/uploads\/sites\/2\/2022\/07\/equilibrista.jpg 1280w\" sizes=\"auto, (max-width: 1200px) 100vw, 1200px\" \/><figcaption>Cena do espet\u00e1culo circense \u201d O Swing do Equlibrista\u201d<\/figcaption><\/figure>\n\n\n\n<p>No domingo (31), a partir das 10h30, apresenta\u00e7\u00e3o da Uni verso &amp; Prosa, com conta\u00e7\u00e3o de hist\u00f3ria para crian\u00e7as de 02 a 10 anos. Para essa a\u00e7\u00e3o o projeto Contando Hist\u00f3rias vai tomando forma com riscos e rabiscos, com total integra\u00e7\u00e3o do p\u00fablico com a apresenta\u00e7\u00e3o proposta.<\/p>\n\n\n\n<p><strong>Museu Hist\u00f3rico e Cultural de Jundia\u00ed \u2013 Solar do Bar\u00e3o<\/strong>\u00a0<strong>&#8211; Informa\u00e7\u00f5es 4521-6259<\/strong><\/p>\n\n\n\n<p>Este \u00e9 o \u00faltimo final de semana para o p\u00fablico conferir a exposi\u00e7\u00e3o \u201cLegados de Gl\u00f3ria \u2013 Mem\u00f3rias da Dan\u00e7a em Jundia\u00ed, dedicada \u00e0 mem\u00f3ria da bailarina, cen\u00f3grafa e core\u00f3grafa Gl\u00f3ria da Silva Rocha.<\/p>\n\n\n\n<p>O p\u00fablico poder\u00e1 conhecer tamb\u00e9m o acervo permanente do Museu e ainda conferir em seus jardins as instala\u00e7\u00f5es do programa municipal Cidade das Crian\u00e7as e da campanha \u201cJundia\u00ed P\u00e9 de Inf\u00e2ncia\u201d, com os conceitos da Rede Urban95.<\/p>\n\n\n\n<figure class=\"wp-block-image size-large\"><img loading=\"lazy\" decoding=\"async\" width=\"1200\" height=\"800\" src=\"https:\/\/tvtecjundiai.com.br\/news\/wp-content\/uploads\/sites\/2\/2022\/07\/exposicao-legados-de-gloria-no-solar-do-barao_c_-38-1200x800.jpg\" alt=\"\" class=\"wp-image-96391\" srcset=\"https:\/\/tvtecjundiai.com.br\/news\/wp-content\/uploads\/sites\/2\/2022\/07\/exposicao-legados-de-gloria-no-solar-do-barao_c_-38-1200x800.jpg 1200w, https:\/\/tvtecjundiai.com.br\/news\/wp-content\/uploads\/sites\/2\/2022\/07\/exposicao-legados-de-gloria-no-solar-do-barao_c_-38-300x200.jpg 300w, https:\/\/tvtecjundiai.com.br\/news\/wp-content\/uploads\/sites\/2\/2022\/07\/exposicao-legados-de-gloria-no-solar-do-barao_c_-38-768x512.jpg 768w, https:\/\/tvtecjundiai.com.br\/news\/wp-content\/uploads\/sites\/2\/2022\/07\/exposicao-legados-de-gloria-no-solar-do-barao_c_-38.jpg 1280w\" sizes=\"auto, (max-width: 1200px) 100vw, 1200px\" \/><figcaption>\u00daltima semana para conferir a exposi\u00e7\u00e3o \u201cLegados de Gl\u00f3ria\u201d<\/figcaption><\/figure>\n\n\n\n<p><strong>Pinacoteca Municipal Di\u00f3genes Duarte Paes\u00a0&#8211; Informa\u00e7\u00f5es 4568-2326<\/strong><\/p>\n\n\n\n<p>O visitante poder\u00e1 conhecer as obras dos artistas Di\u00f3genes Duarte Paes (patrono da Pinacoteca), com suas famosas aquarelas e tamb\u00e9m, as obras dos consagrados artistas Elvio Santiago e Inos Corradin, que comp\u00f5em o acervo permanente da Pinacoteca.<\/p>\n\n\n\n<p>Ainda neste s\u00e1bado (30) a Pinacoteca recebe crian\u00e7as e adolescentes previamente inscritas, das 10h30 \u00e0s 12h, para a Oficina de F\u00e9rias \u201cHist\u00f3ria da Arte, com a artista visual Giovanna Vasconcellos.<\/p>\n\n\n\n<p><strong>Teatro Polytheama<\/strong>\u00a0<strong>&#8211; Informa\u00e7\u00f5es 4586-2472<\/strong><\/p>\n\n\n\n<p>Nesta sexta-feira (29), \u00e0s 20h, apresenta\u00e7\u00e3o da Orquestra Filarm\u00f4nica Jundia\u00ed, com o espet\u00e1culo \u201c Marvel in Concert\u201d. Os ingressos podem ser adquiridos na bilheteria do teatro ou na plataforma Sympla. Pre\u00e7os variam de R$ 30 a R$ 50.<\/p>\n\n\n\n<p>No s\u00e1bado (30), \u00e0s 14h30, o musical infantil \u201c A Bela e a Fera\u201d. Os ingressos para a plateia e frisa podem ser adquiridos na bilheteria do teatro e na plataforma Sympla a R$ 140 reais. Esse espet\u00e1culo ter\u00e1 mais duas sess\u00f5es no domingo (31), \u00e0s 15h30 e 18h30.<\/p>\n\n\n\n<p>No s\u00e1bado (30), \u00e0s 20h30, a apresenta\u00e7\u00e3o do espet\u00e1culo musical (rock sinf\u00f4nico), \u201cPink Floyd Experience in Concert\u201d. Os ingressos podem ser adquiridos na bilheteria do teatro ou na plataforma Sympla. Pre\u00e7os variam de R$ 120 a R$ 160.<\/p>\n\n\n\n<figure class=\"wp-block-image size-full\"><img loading=\"lazy\" decoding=\"async\" width=\"884\" height=\"553\" src=\"https:\/\/tvtecjundiai.com.br\/news\/wp-content\/uploads\/sites\/2\/2022\/07\/polytheama-edited.jpg\" alt=\"\" class=\"wp-image-96393\" srcset=\"https:\/\/tvtecjundiai.com.br\/news\/wp-content\/uploads\/sites\/2\/2022\/07\/polytheama-edited.jpg 884w, https:\/\/tvtecjundiai.com.br\/news\/wp-content\/uploads\/sites\/2\/2022\/07\/polytheama-edited-300x188.jpg 300w, https:\/\/tvtecjundiai.com.br\/news\/wp-content\/uploads\/sites\/2\/2022\/07\/polytheama-edited-768x480.jpg 768w\" sizes=\"auto, (max-width: 884px) 100vw, 884px\" \/><\/figure>\n\n\n\n<p><strong>Galeria de Artes Fernanda Milani (anexa) ao teatro Polytheama<\/strong>\u00a0<\/p>\n\n\n\n<p>A exposi\u00e7\u00e3o \u201cO Espa\u00e7o que h\u00e1 entre as coisas\u201d, dos artistas visuais Dani Shirozono e Jeff Barbato, com entrada gratuita, pode ser nesta sexta-feira (29), das 9h \u00e0s 12h e das 13h \u00e0s 17h; e no s\u00e1bado (30) das 10h \u00e0s 13h.<\/p>\n\n\n\n<p><strong>Pracinha da Cultura do Vista Alegre &#8211;\u00a0Informa\u00e7\u00f5es 4521-6193<\/strong><\/p>\n\n\n\n<p>Nesta sexta-feira (29), tem sess\u00e3o de cinema do projeto Super Tela, a partir das 19h, com entrada gratuita. O filme desta semana \u00e9 \u201cHotel Transilv\u00e2nia 3: F\u00e9rias Monstruosas\u201d. A entrada \u00e9 por ordem de chegada e s\u00e3o 40 lugares.<\/p>\n\n\n\n<p><strong><em>(Fonte: Prefeitura de Jundia\u00ed\/Imagens: Prefeitura de Jundia\u00ed e Divulga\u00e7\u00e3o)<\/em><\/strong><\/p>\n","protected":false},"excerpt":{"rendered":"<p>Apresenta\u00e7\u00f5es dos m\u00fasicos do Festival acontecem no palco montado na pra\u00e7a central do Complexo Fepasa<\/p>\n","protected":false},"author":30,"featured_media":96389,"comment_status":"closed","ping_status":"0","sticky":false,"template":"","format":"standard","meta":{"footnotes":""},"categories":[2833,8356,8354,1],"tags":[],"class_list":["post-96387","post","type-post","status-publish","format-standard","has-post-thumbnail","hentry","category-cultura","category-jundiai","category-lazer","category-noticias"],"_links":{"self":[{"href":"https:\/\/tvtecjundiai.com.br\/news\/wp-json\/wp\/v2\/posts\/96387","targetHints":{"allow":["GET"]}}],"collection":[{"href":"https:\/\/tvtecjundiai.com.br\/news\/wp-json\/wp\/v2\/posts"}],"about":[{"href":"https:\/\/tvtecjundiai.com.br\/news\/wp-json\/wp\/v2\/types\/post"}],"author":[{"embeddable":true,"href":"https:\/\/tvtecjundiai.com.br\/news\/wp-json\/wp\/v2\/users\/30"}],"replies":[{"embeddable":true,"href":"https:\/\/tvtecjundiai.com.br\/news\/wp-json\/wp\/v2\/comments?post=96387"}],"version-history":[{"count":1,"href":"https:\/\/tvtecjundiai.com.br\/news\/wp-json\/wp\/v2\/posts\/96387\/revisions"}],"predecessor-version":[{"id":96394,"href":"https:\/\/tvtecjundiai.com.br\/news\/wp-json\/wp\/v2\/posts\/96387\/revisions\/96394"}],"wp:featuredmedia":[{"embeddable":true,"href":"https:\/\/tvtecjundiai.com.br\/news\/wp-json\/wp\/v2\/media\/96389"}],"wp:attachment":[{"href":"https:\/\/tvtecjundiai.com.br\/news\/wp-json\/wp\/v2\/media?parent=96387"}],"wp:term":[{"taxonomy":"category","embeddable":true,"href":"https:\/\/tvtecjundiai.com.br\/news\/wp-json\/wp\/v2\/categories?post=96387"},{"taxonomy":"post_tag","embeddable":true,"href":"https:\/\/tvtecjundiai.com.br\/news\/wp-json\/wp\/v2\/tags?post=96387"}],"curies":[{"name":"wp","href":"https:\/\/api.w.org\/{rel}","templated":true}]}}