{"id":96460,"date":"2022-07-29T14:56:18","date_gmt":"2022-07-29T17:56:18","guid":{"rendered":"https:\/\/tvtecjundiai.com.br\/news\/?p=96460"},"modified":"2022-07-29T14:56:22","modified_gmt":"2022-07-29T17:56:22","slug":"prefeitura-de-jundiai-tvtec-e-jundiai-empreendedora-unem-empreendedores-na-rede-de-inovadores","status":"publish","type":"post","link":"https:\/\/tvtecjundiai.com.br\/news\/2022\/07\/29\/prefeitura-de-jundiai-tvtec-e-jundiai-empreendedora-unem-empreendedores-na-rede-de-inovadores\/","title":{"rendered":"Prefeitura de Jundia\u00ed, TVTEC e Jundia\u00ed Empreendedora unem empreendedores na Rede de Inovadores"},"content":{"rendered":"\n<p>Inovar nos neg\u00f3cios \u00e9 um dos principais desafios que empres\u00e1rios, comerciantes, pequenos e microempreendedores t\u00eam em comum. Metodologias de mercado, diferenciais de produtos, pr\u00e1ticas sustent\u00e1veis, formas de comunica\u00e7\u00e3o, meios de inclus\u00e3o; todos esses fatores s\u00e3o levados em conta ao se destacar. Para unir o setor econ\u00f4mico municipal, a Prefeitura de Jundia\u00ed, a Funda\u00e7\u00e3o Escola TVTEC e o Jundia\u00ed Empreendedora criaram a Rede de Inovadores.<\/p>\n\n\n\n<p>\u201cEssa rede tem como modelo unificar e potencializar o que Jundia\u00ed j\u00e1 oferece para este p\u00fablico, fomentando a cria\u00e7\u00e3o e uso da tecnologia e inova\u00e7\u00e3o em seu dia a dia, al\u00e9m de aumentar o networking destas pessoas, que s\u00e3o agentes de desenvolvimento na cidade\u201d, explica o gestor de Desenvolvimento Econ\u00f4mico, Ci\u00eancia e Tecnologia, Cristiano Lopes.<\/p>\n\n\n\n<figure class=\"wp-block-image size-large\"><img loading=\"lazy\" decoding=\"async\" width=\"1200\" height=\"800\" src=\"https:\/\/tvtecjundiai.com.br\/news\/wp-content\/uploads\/sites\/2\/2022\/07\/IMG_6783-1-1200x800.jpg\" alt=\"\" class=\"wp-image-96466\" srcset=\"https:\/\/tvtecjundiai.com.br\/news\/wp-content\/uploads\/sites\/2\/2022\/07\/IMG_6783-1-1200x800.jpg 1200w, https:\/\/tvtecjundiai.com.br\/news\/wp-content\/uploads\/sites\/2\/2022\/07\/IMG_6783-1-300x200.jpg 300w, https:\/\/tvtecjundiai.com.br\/news\/wp-content\/uploads\/sites\/2\/2022\/07\/IMG_6783-1-768x512.jpg 768w, https:\/\/tvtecjundiai.com.br\/news\/wp-content\/uploads\/sites\/2\/2022\/07\/IMG_6783-1.jpg 1280w\" sizes=\"auto, (max-width: 1200px) 100vw, 1200px\" \/><figcaption>Para unir o setor econ\u00f4mico municipal, a Prefeitura de Jundia\u00ed, a Funda\u00e7\u00e3o Escola TVTEC e o Jundia\u00ed Empreendedora criaram a Rede de Inovadores.<\/figcaption><\/figure>\n\n\n\n<p>Marcando a abertura deste projeto, o primeiro encontro aconteceu na manh\u00e3 de sexta-feira (29) nos est\u00fadios da TVTEC, local que receber\u00e1 mensalmente este grupo e que tem a inten\u00e7\u00e3o de crescer cada vez mais. \u201cO pedido da administra\u00e7\u00e3o p\u00fablica sempre foi o de ocuparmos nossos espa\u00e7os com pessoas, vidas e oportunidades. Este \u00e9 mais um passo que a FTVTEC, por meio da Escola de Inova\u00e7\u00e3o, Coisas e Neg\u00f3cios, d\u00e1 para centralizar esta comunidade e apresentar ideias, produtos ou servi\u00e7os e realizar novos neg\u00f3cios\u201d, enfatiza M\u00f4nica Gropelo, superintendente da FTVTEC.<\/p>\n\n\n\n<p>Prova que a uni\u00e3o leva ao progresso, o produtor rural e participante do evento, Henrique Loschi, trouxe como exemplo a cria\u00e7\u00e3o de um ambiente virtual de vendas desenvolvido para que outros agricultores se conectem aos mercados varejistas, oferecendo frutas, verduras e legumes de qualidade nos locais em que existam demandas de produtos. \u201cPrecisamos sair da nossa bolha, ir al\u00e9m do nosso pr\u00f3prio neg\u00f3cio. Temos que nos reunir para trazer ideias, oferecer visibilidade aos pequenos. Jundia\u00ed tem muito a ensinar para outras cidades\u201d, destaca.<\/p>\n\n\n\n<p>Julia de Freitas Restino \u00e9 uma microempreendedora na \u00e1rea de sobremesas gourmets que chegou t\u00edmida no encontro, mas se mostrou surpresa ao ver que, mesmo possuindo um pequeno neg\u00f3cio, teria oportunidade de expor suas necessidades. \u201cVim para conhecer muita gente grande que pode me ajudar a elevar minha empresa. Quero estar ao redor de pessoas que tem vontade de crescer e buscar contatos que v\u00e3o me trazer benef\u00edcios\u201d, comenta a jundiaiense propriet\u00e1ria da Doce Carruagem.<\/p>\n\n\n\n<figure class=\"wp-block-image size-large\"><img loading=\"lazy\" decoding=\"async\" width=\"1200\" height=\"800\" src=\"https:\/\/tvtecjundiai.com.br\/news\/wp-content\/uploads\/sites\/2\/2022\/07\/IMG_6685-1200x800.jpg\" alt=\"\" class=\"wp-image-96467\" srcset=\"https:\/\/tvtecjundiai.com.br\/news\/wp-content\/uploads\/sites\/2\/2022\/07\/IMG_6685-1200x800.jpg 1200w, https:\/\/tvtecjundiai.com.br\/news\/wp-content\/uploads\/sites\/2\/2022\/07\/IMG_6685-300x200.jpg 300w, https:\/\/tvtecjundiai.com.br\/news\/wp-content\/uploads\/sites\/2\/2022\/07\/IMG_6685-768x512.jpg 768w, https:\/\/tvtecjundiai.com.br\/news\/wp-content\/uploads\/sites\/2\/2022\/07\/IMG_6685.jpg 1280w\" sizes=\"auto, (max-width: 1200px) 100vw, 1200px\" \/><figcaption>Marcando a abertura deste projeto, o primeiro encontro aconteceu na manh\u00e3 de sexta-feira (29) nos est\u00fadios da TVTEC<\/figcaption><\/figure>\n\n\n\n<p>O gestor de Governo e Finan\u00e7as, Jos\u00e9 Ant\u00f4nio Parimoschi, reconhece que a fun\u00e7\u00e3o do governo municipal \u00e9 fomentar pol\u00edticas p\u00fablicas voltadas para o crescimento do empreendedorismo, setor que tem ganhado cada vez mais relev\u00e2ncia. \u201cTemos que ter empatia na pol\u00edtica p\u00fablica, se colocar no lugar de quem recebe estes servi\u00e7os. Como o nosso prefeito Luiz Fernando Machado gosta de enfatizar, desenvolvimento \u00e9 um processo em que devemos carregar todo mundo, oferecendo as mesmas oportunidades e as mesmas condi\u00e7\u00f5es\u201d.<\/p>\n\n\n\n<p>O pr\u00f3ximo encontro j\u00e1 tem data marcada e acontecer\u00e1 no dia 26 de agosto, \u00faltima sexta-feira do m\u00eas.<\/p>\n","protected":false},"excerpt":{"rendered":"<p>Objetivo \u00e9 buscar solu\u00e7\u00f5es inovadoras por meio de conex\u00f5es dentro do setor<\/p>\n","protected":false},"author":17,"featured_media":96465,"comment_status":"closed","ping_status":"0","sticky":false,"template":"","format":"standard","meta":{"footnotes":""},"categories":[8356,1],"tags":[],"class_list":["post-96460","post","type-post","status-publish","format-standard","has-post-thumbnail","hentry","category-jundiai","category-noticias"],"_links":{"self":[{"href":"https:\/\/tvtecjundiai.com.br\/news\/wp-json\/wp\/v2\/posts\/96460","targetHints":{"allow":["GET"]}}],"collection":[{"href":"https:\/\/tvtecjundiai.com.br\/news\/wp-json\/wp\/v2\/posts"}],"about":[{"href":"https:\/\/tvtecjundiai.com.br\/news\/wp-json\/wp\/v2\/types\/post"}],"author":[{"embeddable":true,"href":"https:\/\/tvtecjundiai.com.br\/news\/wp-json\/wp\/v2\/users\/17"}],"replies":[{"embeddable":true,"href":"https:\/\/tvtecjundiai.com.br\/news\/wp-json\/wp\/v2\/comments?post=96460"}],"version-history":[{"count":1,"href":"https:\/\/tvtecjundiai.com.br\/news\/wp-json\/wp\/v2\/posts\/96460\/revisions"}],"predecessor-version":[{"id":96468,"href":"https:\/\/tvtecjundiai.com.br\/news\/wp-json\/wp\/v2\/posts\/96460\/revisions\/96468"}],"wp:featuredmedia":[{"embeddable":true,"href":"https:\/\/tvtecjundiai.com.br\/news\/wp-json\/wp\/v2\/media\/96465"}],"wp:attachment":[{"href":"https:\/\/tvtecjundiai.com.br\/news\/wp-json\/wp\/v2\/media?parent=96460"}],"wp:term":[{"taxonomy":"category","embeddable":true,"href":"https:\/\/tvtecjundiai.com.br\/news\/wp-json\/wp\/v2\/categories?post=96460"},{"taxonomy":"post_tag","embeddable":true,"href":"https:\/\/tvtecjundiai.com.br\/news\/wp-json\/wp\/v2\/tags?post=96460"}],"curies":[{"name":"wp","href":"https:\/\/api.w.org\/{rel}","templated":true}]}}