{"id":96461,"date":"2022-07-29T14:48:52","date_gmt":"2022-07-29T17:48:52","guid":{"rendered":"https:\/\/tvtecjundiai.com.br\/news\/?p=96461"},"modified":"2022-07-29T14:48:57","modified_gmt":"2022-07-29T17:48:57","slug":"mundo-das-criancas-amplia-horario-de-funcionamento-a-partir-de-agosto","status":"publish","type":"post","link":"https:\/\/tvtecjundiai.com.br\/news\/2022\/07\/29\/mundo-das-criancas-amplia-horario-de-funcionamento-a-partir-de-agosto\/","title":{"rendered":"Mundo das Crian\u00e7as amplia hor\u00e1rio de funcionamento a partir de agosto"},"content":{"rendered":"\n<p>Uma boa not\u00edcia para os visitantes do Mundo das Crian\u00e7as ser\u00e1 colocada em pr\u00e1tica a partir da pr\u00f3xima ter\u00e7a, dia 2 de agosto. Desse dia em diante, o parque estender\u00e1 em uma hora o seu per\u00edodo de funcionamento. Com a mudan\u00e7a, o hor\u00e1rio de funcionamento passa a ser de ter\u00e7a a domingo, das 7 \u00e0s 17 horas. A entrada continuar\u00e1 sendo permitida at\u00e9 uma hora antes do encerramento das atividades, ou seja, \u00e0s 16 horas.<\/p>\n\n\n\n<p>A amplia\u00e7\u00e3o do atendimento acata uma solicita\u00e7\u00e3o de muitos visitantes, que agora podem ficar o dia todo no Mundo, sem a interrup\u00e7\u00e3o que antes era feita no hor\u00e1rio de almo\u00e7o. O acesso ao parque continua liberado de ter\u00e7a a sexta sem a necessidade de agendamento, mas a reserva pr\u00e9via continua sendo obrigat\u00f3ria para finais de semana e feriados.<\/p>\n\n\n\n<figure class=\"wp-block-image size-large\"><img loading=\"lazy\" decoding=\"async\" width=\"1200\" height=\"800\" src=\"https:\/\/tvtecjundiai.com.br\/news\/wp-content\/uploads\/sites\/2\/2022\/07\/img_7744-2-copia-1200x800.jpg\" alt=\"\" class=\"wp-image-96462\" srcset=\"https:\/\/tvtecjundiai.com.br\/news\/wp-content\/uploads\/sites\/2\/2022\/07\/img_7744-2-copia-1200x800.jpg 1200w, https:\/\/tvtecjundiai.com.br\/news\/wp-content\/uploads\/sites\/2\/2022\/07\/img_7744-2-copia-300x200.jpg 300w, https:\/\/tvtecjundiai.com.br\/news\/wp-content\/uploads\/sites\/2\/2022\/07\/img_7744-2-copia-768x512.jpg 768w, https:\/\/tvtecjundiai.com.br\/news\/wp-content\/uploads\/sites\/2\/2022\/07\/img_7744-2-copia.jpg 1280w\" sizes=\"auto, (max-width: 1200px) 100vw, 1200px\" \/><\/figure>\n\n\n\n<p><strong>Mudan\u00e7a no agendamento<\/strong><\/p>\n\n\n\n<p>Outra novidade \u00e9 que, com o funcionamento no hor\u00e1rio de almo\u00e7o, n\u00e3o haver\u00e1 mais a reserva da visita por per\u00edodos. \u201cA partir de agora, quem agendar a visita poder\u00e1 passar o dia todo no parque\u201d, assegura Martim Ribeiro, diretor de Mananciais da DAE, empresa respons\u00e1vel pela administra\u00e7\u00e3o do Mundo.<\/p>\n\n\n\n<p>Para realizar o agendamento \u2013 disponibilizado sempre \u00e0s segundas-feiras, a partir do meio-dia \u2013 basta acessar o site\u00a0<a rel=\"noreferrer noopener\" href=\"http:\/\/www.mundodascriancasjundiai.com.br\/\" target=\"_blank\">www.mundodascriancasjundiai.com.br<\/a>.<\/p>\n\n\n\n<p><strong><em>(Fonte\/Imagem: DAE Jundia\u00ed)<\/em><\/strong><\/p>\n","protected":false},"excerpt":{"rendered":"<p>A partir de 2 de agosto o hor\u00e1rio de funcionamento passa a ser de ter\u00e7a a domingo, das 7 \u00e0s 17 horas.<\/p>\n","protected":false},"author":27,"featured_media":96463,"comment_status":"closed","ping_status":"0","sticky":false,"template":"","format":"standard","meta":{"footnotes":""},"categories":[8356,8354],"tags":[],"class_list":["post-96461","post","type-post","status-publish","format-standard","has-post-thumbnail","hentry","category-jundiai","category-lazer"],"_links":{"self":[{"href":"https:\/\/tvtecjundiai.com.br\/news\/wp-json\/wp\/v2\/posts\/96461","targetHints":{"allow":["GET"]}}],"collection":[{"href":"https:\/\/tvtecjundiai.com.br\/news\/wp-json\/wp\/v2\/posts"}],"about":[{"href":"https:\/\/tvtecjundiai.com.br\/news\/wp-json\/wp\/v2\/types\/post"}],"author":[{"embeddable":true,"href":"https:\/\/tvtecjundiai.com.br\/news\/wp-json\/wp\/v2\/users\/27"}],"replies":[{"embeddable":true,"href":"https:\/\/tvtecjundiai.com.br\/news\/wp-json\/wp\/v2\/comments?post=96461"}],"version-history":[{"count":1,"href":"https:\/\/tvtecjundiai.com.br\/news\/wp-json\/wp\/v2\/posts\/96461\/revisions"}],"predecessor-version":[{"id":96464,"href":"https:\/\/tvtecjundiai.com.br\/news\/wp-json\/wp\/v2\/posts\/96461\/revisions\/96464"}],"wp:featuredmedia":[{"embeddable":true,"href":"https:\/\/tvtecjundiai.com.br\/news\/wp-json\/wp\/v2\/media\/96463"}],"wp:attachment":[{"href":"https:\/\/tvtecjundiai.com.br\/news\/wp-json\/wp\/v2\/media?parent=96461"}],"wp:term":[{"taxonomy":"category","embeddable":true,"href":"https:\/\/tvtecjundiai.com.br\/news\/wp-json\/wp\/v2\/categories?post=96461"},{"taxonomy":"post_tag","embeddable":true,"href":"https:\/\/tvtecjundiai.com.br\/news\/wp-json\/wp\/v2\/tags?post=96461"}],"curies":[{"name":"wp","href":"https:\/\/api.w.org\/{rel}","templated":true}]}}