{"id":96514,"date":"2022-08-01T09:37:39","date_gmt":"2022-08-01T12:37:39","guid":{"rendered":"https:\/\/tvtecjundiai.com.br\/news\/?p=96514"},"modified":"2022-08-01T09:37:39","modified_gmt":"2022-08-01T12:37:39","slug":"defesa-civil-libera-oficina-preparatoria-para-a-operacao-estiagem-2022","status":"publish","type":"post","link":"https:\/\/tvtecjundiai.com.br\/news\/2022\/08\/01\/defesa-civil-libera-oficina-preparatoria-para-a-operacao-estiagem-2022\/","title":{"rendered":"Defesa Civil libera Oficina Preparat\u00f3ria para a Opera\u00e7\u00e3o Estiagem 2022"},"content":{"rendered":"\n<p>A Oficina Preparat\u00f3ria para a Opera\u00e7\u00e3o Estiagem 2022, curso on-line com foco no combate a inc\u00eandios durante o per\u00edodo mais seco do ano, j\u00e1 est\u00e1 dispon\u00edvel no site da Defesa Civil do Estado de S\u00e3o Paulo. As inscri\u00e7\u00f5es s\u00e3o gratuitas e ilimitadas, basta realizar um cadastro\u00a0<a href=\"https:\/\/escola.defesacivil.sp.gov.br\/login\/index.php\">atrav\u00e9s do link<\/a>. As videoaulas s\u00e3o gravadas e podem ser acessadas a qualquer momento e de qualquer local.<\/p>\n\n\n\n<p>A oficina aperfei\u00e7oa os procedimentos de a\u00e7\u00e3o nas ocorr\u00eancias comuns nesta \u00e9poca de estiagem, que envolvem a baixa umidade relativa do ar possibilitando conhecimentos para uma atua\u00e7\u00e3o r\u00e1pida e de qualidade quando dos desastres (queimadas em vegeta\u00e7\u00e3o), respeitando a peculiaridade do munic\u00edpio de Jundia\u00ed.<\/p>\n\n\n\n<p>O curso explora temas de interesse para o fortalecimento da cultura de redu\u00e7\u00e3o de riscos e preven\u00e7\u00e3o de desastres relacionados ao per\u00edodo de estiagem. S\u00e3o explorados temas relacionados \u00e0 legisla\u00e7\u00e3o aplicada, Opera\u00e7\u00e3o Corta Fogo, A\u00e7\u00e3o de Aparelhamento das Defesas Civis Municipais, Plano de Conting\u00eancia para o per\u00edodo de estiagem, uso de aeronaves no combate a inc\u00eandios em coberturas vegetais entre outros.<\/p>\n\n\n\n<p>\u201cPor conta da maior dificuldade da realiza\u00e7\u00e3o de cursos e treinamentos presenciais, as aulas on-line acabam sendo uma \u00f3tima alternativa. Todo o curso ficar armazenado no site, e cada um pode acessar os v\u00eddeos no momento em que tiver disponibilidade. As aulas estar\u00e3o dispon\u00edveis at\u00e9 o fim da Opera\u00e7\u00e3o Estiagem\u201d, comenta o coordenador da Defesa Civil de Jundia\u00ed, coronel Jo\u00e3o Os\u00f3rio Gimenez Germano.<\/p>\n\n\n<div class=\"wp-block-image\">\n<figure class=\"aligncenter size-large is-resized\"><img loading=\"lazy\" decoding=\"async\" src=\"https:\/\/tvtecjundiai.com.br\/news\/wp-content\/uploads\/sites\/2\/2022\/08\/a2-1-1200x776.jpg\" alt=\"\" class=\"wp-image-96515\" width=\"714\" height=\"462\" srcset=\"https:\/\/tvtecjundiai.com.br\/news\/wp-content\/uploads\/sites\/2\/2022\/08\/a2-1-1200x776.jpg 1200w, https:\/\/tvtecjundiai.com.br\/news\/wp-content\/uploads\/sites\/2\/2022\/08\/a2-1-300x194.jpg 300w, https:\/\/tvtecjundiai.com.br\/news\/wp-content\/uploads\/sites\/2\/2022\/08\/a2-1-768x497.jpg 768w, https:\/\/tvtecjundiai.com.br\/news\/wp-content\/uploads\/sites\/2\/2022\/08\/a2-1.jpg 1280w\" sizes=\"auto, (max-width: 714px) 100vw, 714px\" \/><figcaption>Agentes da Defesa Civil de Jundia\u00ed realizam a Oficina Preparat\u00f3ria para capacita\u00e7\u00e3o<\/figcaption><\/figure>\n<\/div>\n\n\n<p>O treinamento em quest\u00e3o aborda temas priorit\u00e1rios como doutrina e legisla\u00e7\u00e3o, elabora\u00e7\u00e3o de planos preventivos, abordagem sist\u00eamica das a\u00e7\u00f5es de preven\u00e7\u00e3o, mitiga\u00e7\u00e3o, prepara\u00e7\u00e3o, resposta e recupera\u00e7\u00e3o a inc\u00eandios em vegeta\u00e7\u00e3o, e tamb\u00e9m mostra o que tem sido feito nestes \u00faltimos anos a apresenta os resultados obtidos.<\/p>\n\n\n\n<p>\u201cO curso faz parte do plano de a\u00e7\u00e3o que envolve toda a Opera\u00e7\u00e3o Estiagem 2022. A difus\u00e3o de conhecimento \u00e9 de fundamental import\u00e2ncia para redu\u00e7\u00e3o de risco em \u00e1reas com maior chance de queimadas nesta \u00e9poca mais seca do ano\u201d, refor\u00e7a o gestor da Unidade de Gest\u00e3o da Casa Civil, Gustavo Maryssael.<\/p>\n\n\n\n<p><strong><em>(Fonte\/Imagem: Prefeitura de Jundia\u00ed)<\/em><\/strong><\/p>\n","protected":false},"excerpt":{"rendered":"<p>As videoaulas s\u00e3o gravadas e podem ser acessadas a qualquer momento<\/p>\n","protected":false},"author":30,"featured_media":96515,"comment_status":"closed","ping_status":"0","sticky":false,"template":"","format":"standard","meta":{"footnotes":""},"categories":[8357,8356,1,4831],"tags":[],"class_list":["post-96514","post","type-post","status-publish","format-standard","has-post-thumbnail","hentry","category-gestao","category-jundiai","category-noticias","category-seguranca"],"_links":{"self":[{"href":"https:\/\/tvtecjundiai.com.br\/news\/wp-json\/wp\/v2\/posts\/96514","targetHints":{"allow":["GET"]}}],"collection":[{"href":"https:\/\/tvtecjundiai.com.br\/news\/wp-json\/wp\/v2\/posts"}],"about":[{"href":"https:\/\/tvtecjundiai.com.br\/news\/wp-json\/wp\/v2\/types\/post"}],"author":[{"embeddable":true,"href":"https:\/\/tvtecjundiai.com.br\/news\/wp-json\/wp\/v2\/users\/30"}],"replies":[{"embeddable":true,"href":"https:\/\/tvtecjundiai.com.br\/news\/wp-json\/wp\/v2\/comments?post=96514"}],"version-history":[{"count":1,"href":"https:\/\/tvtecjundiai.com.br\/news\/wp-json\/wp\/v2\/posts\/96514\/revisions"}],"predecessor-version":[{"id":96517,"href":"https:\/\/tvtecjundiai.com.br\/news\/wp-json\/wp\/v2\/posts\/96514\/revisions\/96517"}],"wp:featuredmedia":[{"embeddable":true,"href":"https:\/\/tvtecjundiai.com.br\/news\/wp-json\/wp\/v2\/media\/96515"}],"wp:attachment":[{"href":"https:\/\/tvtecjundiai.com.br\/news\/wp-json\/wp\/v2\/media?parent=96514"}],"wp:term":[{"taxonomy":"category","embeddable":true,"href":"https:\/\/tvtecjundiai.com.br\/news\/wp-json\/wp\/v2\/categories?post=96514"},{"taxonomy":"post_tag","embeddable":true,"href":"https:\/\/tvtecjundiai.com.br\/news\/wp-json\/wp\/v2\/tags?post=96514"}],"curies":[{"name":"wp","href":"https:\/\/api.w.org\/{rel}","templated":true}]}}