{"id":96519,"date":"2022-08-01T10:14:32","date_gmt":"2022-08-01T13:14:32","guid":{"rendered":"https:\/\/tvtecjundiai.com.br\/news\/?p=96519"},"modified":"2022-08-02T10:26:09","modified_gmt":"2022-08-02T13:26:09","slug":"censo-2022-comeca-nesta-segunda-feira-1-em-todo-o-pais","status":"publish","type":"post","link":"https:\/\/tvtecjundiai.com.br\/news\/2022\/08\/01\/censo-2022-comeca-nesta-segunda-feira-1-em-todo-o-pais\/","title":{"rendered":"Censo 2022 come\u00e7a nesta segunda-feira (1) em todo o pa\u00eds"},"content":{"rendered":"\n<p>Come\u00e7a nesta segunda-feira (1) a coleta domiciliar do Censo Demogr\u00e1fico 2022 do Instituto Brasileiro de Geografia e Estat\u00edstica (IBGE). Ser\u00e3o mais de 183 mil recenseadores percorrendo todos os 5.570 munic\u00edpios do pa\u00eds, visitando 89 milh\u00f5es de endere\u00e7os, sendo cerca de 75 milh\u00f5es de domic\u00edlios.<\/p>\n\n\n\n<p>A pesquisa nacional \u00e9 realizada a cada 10 anos e, com base nesse cronograma, deveria ter sido feita em 2020. O Censo foi adiado inicialmente em raz\u00e3o da pandemia de COVID-19. Mas em 2021 sofreu novo adiamento, por falta de or\u00e7amento. Ap\u00f3s determina\u00e7\u00e3o do Supremo Tribunal Federal (STF), o governo federal liberou os R$ 2,3 bilh\u00f5es necess\u00e1rios para a realiza\u00e7\u00e3o da opera\u00e7\u00e3o censit\u00e1ria.<\/p>\n\n\n\n<p>A popula\u00e7\u00e3o brasileira \u00e9 estimada atualmente em cerca de 215 milh\u00f5es de pessoas.<\/p>\n\n\n<div class=\"wp-block-image\">\n<figure class=\"aligncenter size-full is-resized\"><img loading=\"lazy\" decoding=\"async\" src=\"https:\/\/tvtecjundiai.com.br\/news\/wp-content\/uploads\/sites\/2\/2022\/08\/censo-2022-ibge-jundiai.jpg\" alt=\"\" class=\"wp-image-96520\" width=\"681\" height=\"419\" srcset=\"https:\/\/tvtecjundiai.com.br\/news\/wp-content\/uploads\/sites\/2\/2022\/08\/censo-2022-ibge-jundiai.jpg 715w, https:\/\/tvtecjundiai.com.br\/news\/wp-content\/uploads\/sites\/2\/2022\/08\/censo-2022-ibge-jundiai-300x185.jpg 300w\" sizes=\"auto, (max-width: 681px) 100vw, 681px\" \/><\/figure>\n<\/div>\n\n\n<p>Al\u00e9m saber exatamente qual o tamanho da popula\u00e7\u00e3o, o Censo visa tirar uma fotografia detalhada dos brasileiros, mostrando suas principais carater\u00edsticas socioecon\u00f4micas, incluindo idade, sexo, cor ou ra\u00e7a, religi\u00e3o, escolaridade, renda e saneamento b\u00e1sico dos domic\u00edlios.<\/p>\n\n\n\n<p>At\u00e9 o in\u00edcio de novembro, os recenseadores estar\u00e3o visitando cada um dos domic\u00edlios do pa\u00eds, incluindo aldeias ind\u00edgenas. Al\u00e9m disso, pela primeira vez, os moradores de territ\u00f3rios quilombolas ser\u00e3o contabilizados.<\/p>\n\n\n\n<p>A coleta domiciliar nas \u00e1reas ind\u00edgenas come\u00e7a em 10 de agosto, e a dos territ\u00f3rios quilombolas, em 17 de agosto.<\/p>\n\n\n\n<p>Segundo o IBGE, os primeiros resultados do Censo 2022 est\u00e3o previstos para serem divulgados ainda no final deste ano. Outras an\u00e1lises e cruzamentos de dados ser\u00e3o divulgados ao longo de 2023 e 2024.<\/p>\n\n\n\n<p><strong><em>(Fonte: g1\/Imagem: Acervo IBGE)<\/em><\/strong><\/p>\n","protected":false},"excerpt":{"rendered":"<p>Programado para acontecer em 2020, levantamento foi adiado na pandemia<\/p>\n","protected":false},"author":30,"featured_media":96520,"comment_status":"closed","ping_status":"0","sticky":false,"template":"","format":"standard","meta":{"footnotes":""},"categories":[2834,29,3060,8356,1],"tags":[],"class_list":["post-96519","post","type-post","status-publish","format-standard","has-post-thumbnail","hentry","category-cidades","category-destaque","category-geral","category-jundiai","category-noticias"],"_links":{"self":[{"href":"https:\/\/tvtecjundiai.com.br\/news\/wp-json\/wp\/v2\/posts\/96519","targetHints":{"allow":["GET"]}}],"collection":[{"href":"https:\/\/tvtecjundiai.com.br\/news\/wp-json\/wp\/v2\/posts"}],"about":[{"href":"https:\/\/tvtecjundiai.com.br\/news\/wp-json\/wp\/v2\/types\/post"}],"author":[{"embeddable":true,"href":"https:\/\/tvtecjundiai.com.br\/news\/wp-json\/wp\/v2\/users\/30"}],"replies":[{"embeddable":true,"href":"https:\/\/tvtecjundiai.com.br\/news\/wp-json\/wp\/v2\/comments?post=96519"}],"version-history":[{"count":2,"href":"https:\/\/tvtecjundiai.com.br\/news\/wp-json\/wp\/v2\/posts\/96519\/revisions"}],"predecessor-version":[{"id":96591,"href":"https:\/\/tvtecjundiai.com.br\/news\/wp-json\/wp\/v2\/posts\/96519\/revisions\/96591"}],"wp:featuredmedia":[{"embeddable":true,"href":"https:\/\/tvtecjundiai.com.br\/news\/wp-json\/wp\/v2\/media\/96520"}],"wp:attachment":[{"href":"https:\/\/tvtecjundiai.com.br\/news\/wp-json\/wp\/v2\/media?parent=96519"}],"wp:term":[{"taxonomy":"category","embeddable":true,"href":"https:\/\/tvtecjundiai.com.br\/news\/wp-json\/wp\/v2\/categories?post=96519"},{"taxonomy":"post_tag","embeddable":true,"href":"https:\/\/tvtecjundiai.com.br\/news\/wp-json\/wp\/v2\/tags?post=96519"}],"curies":[{"name":"wp","href":"https:\/\/api.w.org\/{rel}","templated":true}]}}