{"id":96597,"date":"2022-08-02T11:47:54","date_gmt":"2022-08-02T14:47:54","guid":{"rendered":"https:\/\/tvtecjundiai.com.br\/news\/?p=96597"},"modified":"2022-08-02T11:48:00","modified_gmt":"2022-08-02T14:48:00","slug":"agosto-dourado-mes-do-bebe-da-infancia-e-do-brincar-livre","status":"publish","type":"post","link":"https:\/\/tvtecjundiai.com.br\/news\/2022\/08\/02\/agosto-dourado-mes-do-bebe-da-infancia-e-do-brincar-livre\/","title":{"rendered":"Agosto Dourado: m\u00eas do beb\u00ea, da inf\u00e2ncia e do brincar livre"},"content":{"rendered":"\n<p>Jundia\u00ed \u00e9 a Cidade das Crian\u00e7as, e no m\u00eas da inf\u00e2ncia, prepara atividades e iniciativas diversas para celebrar a import\u00e2ncia da amamenta\u00e7\u00e3o, da primeira inf\u00e2ncia e do brincar ao ar livre para o est\u00edmulo ao desenvolvimento. <\/p>\n\n\n\n<p>Nesta segunda-feira (1), no Teatro Polytheama, foi realizada a cerim\u00f4nia de Abertura Regional da Semana do Beb\u00ea e Semana Mundial do Aleitamento Materno. Com a presen\u00e7a de representantes das cidades da regi\u00e3o, o prefeito Luiz Fernando Machado apresentou iniciativas j\u00e1 realizadas na cidade e as novas, que ser\u00e3o implementada para o pleno desenvolvimento da Primeira Inf\u00e2ncia em Jundia\u00ed.<\/p>\n\n\n\n<p>\u201cJundia\u00ed \u00e9 um munic\u00edpio que prioriza a inf\u00e2ncia, com pol\u00edtica p\u00fablica que engloba todos os setores e um plano espec\u00edfico para a Primeira Inf\u00e2ncia. J\u00e1 aplicamos o desemparedamento da inf\u00e2ncia, desde 2021 nas nossas escolas municipais, e hoje convidamos as fam\u00edlias para que incluam atividades ao ar livre com os pequenos diariamente\u201d, detalhou o prefeito, anunciando as novas a\u00e7\u00f5es que ser\u00e3o desenvolvidas na cidade, incluindo as iniciativas a partir da Rede Internacional pela Primeira Inf\u00e2ncia Urban95, de maneira inicial no bairro Novo Horizonte, mas que ser\u00e3o expandidas para toda a cidade.<\/p>\n\n\n\n<figure class=\"wp-block-image size-large\"><img loading=\"lazy\" decoding=\"async\" width=\"1200\" height=\"800\" src=\"https:\/\/tvtecjundiai.com.br\/news\/wp-content\/uploads\/sites\/2\/2022\/08\/abertura-da-semana-do-bebe-e-semana-municipal-do-aleitamento-materno_fm_-59-1200x800.jpg\" alt=\"\" class=\"wp-image-96598\" srcset=\"https:\/\/tvtecjundiai.com.br\/news\/wp-content\/uploads\/sites\/2\/2022\/08\/abertura-da-semana-do-bebe-e-semana-municipal-do-aleitamento-materno_fm_-59-1200x800.jpg 1200w, https:\/\/tvtecjundiai.com.br\/news\/wp-content\/uploads\/sites\/2\/2022\/08\/abertura-da-semana-do-bebe-e-semana-municipal-do-aleitamento-materno_fm_-59-300x200.jpg 300w, https:\/\/tvtecjundiai.com.br\/news\/wp-content\/uploads\/sites\/2\/2022\/08\/abertura-da-semana-do-bebe-e-semana-municipal-do-aleitamento-materno_fm_-59-768x512.jpg 768w, https:\/\/tvtecjundiai.com.br\/news\/wp-content\/uploads\/sites\/2\/2022\/08\/abertura-da-semana-do-bebe-e-semana-municipal-do-aleitamento-materno_fm_-59.jpg 1280w\" sizes=\"auto, (max-width: 1200px) 100vw, 1200px\" \/><figcaption>Prefeito Luiz Fernando Machado e gestor Marcelo Peroni apresentaram o evento<\/figcaption><\/figure>\n\n\n\n<p>Quase todos os lugares do Teatro Polytheama foram ocupados e tamb\u00e9m estiveram presentes o prefeito de Louveira, Estanislau Steck, acompanhado da primeira dama Magali Steck, o prefeito de Itatiba, Dr. Thom\u00e1s, a vice-prefeita de Cabre\u00fava, Noemi Bernardes, e o vice-prefeito de Itupeva, Alexandre Mustafa, al\u00e9m de demais gestores jundiaienses.<\/p>\n\n\n\n<p>Para a abertura do Agosto Dourado foram realizadas apresenta\u00e7\u00f5es de Coral Infantil de Jundia\u00ed, coreografias de alunos das Escolas Municipais de Educa\u00e7\u00e3o B\u00e1sica (EMEBs), e o fechamento ficou por conta de m\u00fasicos da Orquestra Sinf\u00f4nica de Jundia\u00ed, que interpretaram tr\u00eas can\u00e7\u00f5es ao som de uma flauta e dois violinos.<\/p>\n\n\n\n<figure class=\"wp-block-image size-large\"><img loading=\"lazy\" decoding=\"async\" width=\"1200\" height=\"800\" src=\"https:\/\/tvtecjundiai.com.br\/news\/wp-content\/uploads\/sites\/2\/2022\/08\/abertura-da-semana-do-bebe-e-semana-municipal-do-aleitamento-materno_fm_-148-1200x800.jpg\" alt=\"\" class=\"wp-image-96599\" srcset=\"https:\/\/tvtecjundiai.com.br\/news\/wp-content\/uploads\/sites\/2\/2022\/08\/abertura-da-semana-do-bebe-e-semana-municipal-do-aleitamento-materno_fm_-148-1200x800.jpg 1200w, https:\/\/tvtecjundiai.com.br\/news\/wp-content\/uploads\/sites\/2\/2022\/08\/abertura-da-semana-do-bebe-e-semana-municipal-do-aleitamento-materno_fm_-148-300x200.jpg 300w, https:\/\/tvtecjundiai.com.br\/news\/wp-content\/uploads\/sites\/2\/2022\/08\/abertura-da-semana-do-bebe-e-semana-municipal-do-aleitamento-materno_fm_-148-768x512.jpg 768w, https:\/\/tvtecjundiai.com.br\/news\/wp-content\/uploads\/sites\/2\/2022\/08\/abertura-da-semana-do-bebe-e-semana-municipal-do-aleitamento-materno_fm_-148.jpg 1280w\" sizes=\"auto, (max-width: 1200px) 100vw, 1200px\" \/><figcaption>Crian\u00e7as da rede municipal roubam a cena com apresenta\u00e7\u00e3o de canto e dan\u00e7a<\/figcaption><\/figure>\n\n\n\n<p>Tamb\u00e9m houve a esperada palestra do m\u00e9dico pediatra Daniel Becker, com a Palestra S.T.E.P (abrevia\u00e7\u00e3o de Support \u2013 Time \u2013 Education \u2013 Place, ou Apoio \u2013 Tempo \u2013 Educa\u00e7\u00e3o e Lugar). \u201cJundia\u00ed \u00e9 um exemplo para o Brasil e para o mundo no que diz respeito ao tratamento \u00e0s crian\u00e7as, principalmente aquelas que ainda est\u00e3o na primeira inf\u00e2ncia. Devemos cuidar da sa\u00fade e da alimenta\u00e7\u00e3o das nossas crian\u00e7as: desembalar menos e descascar mais\u201d, comentou o especialista antes de iniciar a palestra.<\/p>\n\n\n\n<figure class=\"wp-block-image size-large\"><img loading=\"lazy\" decoding=\"async\" width=\"1200\" height=\"800\" src=\"https:\/\/tvtecjundiai.com.br\/news\/wp-content\/uploads\/sites\/2\/2022\/08\/abertura-da-semana-do-bebe-e-semana-municipal-do-aleitamento-materno_fm_-165-1200x800.jpg\" alt=\"\" class=\"wp-image-96600\" srcset=\"https:\/\/tvtecjundiai.com.br\/news\/wp-content\/uploads\/sites\/2\/2022\/08\/abertura-da-semana-do-bebe-e-semana-municipal-do-aleitamento-materno_fm_-165-1200x800.jpg 1200w, https:\/\/tvtecjundiai.com.br\/news\/wp-content\/uploads\/sites\/2\/2022\/08\/abertura-da-semana-do-bebe-e-semana-municipal-do-aleitamento-materno_fm_-165-300x200.jpg 300w, https:\/\/tvtecjundiai.com.br\/news\/wp-content\/uploads\/sites\/2\/2022\/08\/abertura-da-semana-do-bebe-e-semana-municipal-do-aleitamento-materno_fm_-165-768x512.jpg 768w, https:\/\/tvtecjundiai.com.br\/news\/wp-content\/uploads\/sites\/2\/2022\/08\/abertura-da-semana-do-bebe-e-semana-municipal-do-aleitamento-materno_fm_-165.jpg 1280w\" sizes=\"auto, (max-width: 1200px) 100vw, 1200px\" \/><figcaption>O m\u00e9dico pediatra Daniel Becker foi o palestrante da noite<\/figcaption><\/figure>\n\n\n\n<p><strong>Atividades<\/strong><\/p>\n\n\n\n<p>Ao longo de todo o m\u00eas de Agosto, as Unidades de Gest\u00e3o de Cultura (UGC), Educa\u00e7\u00e3o (UGE), Promo\u00e7\u00e3o da Sa\u00fade (UGPS) e Assist\u00eancia e Desenvolvimento Social (UGADS) realizar\u00e3o atividades descentralizadas com foco na primeira e primeir\u00edssima inf\u00e2ncia, al\u00e9m das fam\u00edlias e cuidadores. \u201cO desenvolvimento saud\u00e1vel das crian\u00e7as est\u00e1 relacionado a um boa alimenta\u00e7\u00e3o, assist\u00eancia, sa\u00fade, educa\u00e7\u00e3o e brincadeiras ao ar livre. Por isso, neste m\u00eas, estimulamos que toda crian\u00e7a tenha um \u2018arzinho livre\u2019 todo dia e um arz\u00e3o livre no final de semana\u201d, explicou o gestor de Cultura, Marcelo Peroni.<\/p>\n\n\n\n<p>BrincAR LIVRE \u00e9 uma iniciativa que busca criar novos h\u00e1bitos na primeira inf\u00e2ncia, lembrando que brincar \u00e9 coisa s\u00e9ria e a priva\u00e7\u00e3o de espa\u00e7o aberto e do contato com a natureza criou um d\u00e9ficit de desenvolvimento, especialmente em crian\u00e7as que nasceram durante a pandemia. S\u00e3o movimentos simples, que estimulam para que todos os dias a crian\u00e7a possa tomar sol, brincar em um cantinho de casa, no quintal, na cal\u00e7ada e que aos finais de semana as crian\u00e7as possam ir aos parques e pra\u00e7as onde h\u00e1 mais espa\u00e7o para elas se movimentarem, socializarem e viverem os desafios da idade.<\/p>\n\n\n\n<figure class=\"wp-block-image size-large\"><img loading=\"lazy\" decoding=\"async\" width=\"1200\" height=\"800\" src=\"https:\/\/tvtecjundiai.com.br\/news\/wp-content\/uploads\/sites\/2\/2022\/08\/abertura-da-semana-do-bebe-e-semana-municipal-do-aleitamento-materno_fm_-114-1200x800.jpg\" alt=\"\" class=\"wp-image-96601\" srcset=\"https:\/\/tvtecjundiai.com.br\/news\/wp-content\/uploads\/sites\/2\/2022\/08\/abertura-da-semana-do-bebe-e-semana-municipal-do-aleitamento-materno_fm_-114-1200x800.jpg 1200w, https:\/\/tvtecjundiai.com.br\/news\/wp-content\/uploads\/sites\/2\/2022\/08\/abertura-da-semana-do-bebe-e-semana-municipal-do-aleitamento-materno_fm_-114-300x200.jpg 300w, https:\/\/tvtecjundiai.com.br\/news\/wp-content\/uploads\/sites\/2\/2022\/08\/abertura-da-semana-do-bebe-e-semana-municipal-do-aleitamento-materno_fm_-114-768x512.jpg 768w, https:\/\/tvtecjundiai.com.br\/news\/wp-content\/uploads\/sites\/2\/2022\/08\/abertura-da-semana-do-bebe-e-semana-municipal-do-aleitamento-materno_fm_-114.jpg 1280w\" sizes=\"auto, (max-width: 1200px) 100vw, 1200px\" \/><figcaption>Luiz Fernando Machado homenageia servidores da educa\u00e7\u00e3o<\/figcaption><\/figure>\n\n\n\n<p>Os est\u00edmulos j\u00e1 s\u00e3o realizados na rede de Sa\u00fade, a partir do receitu\u00e1rio infantil, com a \u2018prescri\u00e7\u00e3o\u2019 de brincadeiras ao ar livre e momentos de leitura em fam\u00edlia; e agora estar\u00e3o tamb\u00e9m na agenda das crian\u00e7as das EMEBs, a partir de dicas que ser\u00e3o encaminhadas ao longo do m\u00eas; al\u00e9m das atividades no Mundo das Crian\u00e7as, organizadas para as fam\u00edlias assistidas pela UGADS no programa Crian\u00e7a Feliz.<\/p>\n\n\n\n<figure class=\"wp-block-image size-large\"><img loading=\"lazy\" decoding=\"async\" width=\"1200\" height=\"800\" src=\"https:\/\/tvtecjundiai.com.br\/news\/wp-content\/uploads\/sites\/2\/2022\/08\/abertura-da-semana-do-bebe-e-semana-municipal-do-aleitamento-materno_fm_-94-1-1200x800.jpg\" alt=\"\" class=\"wp-image-96603\" srcset=\"https:\/\/tvtecjundiai.com.br\/news\/wp-content\/uploads\/sites\/2\/2022\/08\/abertura-da-semana-do-bebe-e-semana-municipal-do-aleitamento-materno_fm_-94-1-1200x800.jpg 1200w, https:\/\/tvtecjundiai.com.br\/news\/wp-content\/uploads\/sites\/2\/2022\/08\/abertura-da-semana-do-bebe-e-semana-municipal-do-aleitamento-materno_fm_-94-1-300x200.jpg 300w, https:\/\/tvtecjundiai.com.br\/news\/wp-content\/uploads\/sites\/2\/2022\/08\/abertura-da-semana-do-bebe-e-semana-municipal-do-aleitamento-materno_fm_-94-1-768x512.jpg 768w, https:\/\/tvtecjundiai.com.br\/news\/wp-content\/uploads\/sites\/2\/2022\/08\/abertura-da-semana-do-bebe-e-semana-municipal-do-aleitamento-materno_fm_-94-1.jpg 1280w\" sizes=\"auto, (max-width: 1200px) 100vw, 1200px\" \/><figcaption>Teatro Polytheama fica praticamente lotado para a abertura do Agosto Dourado<\/figcaption><\/figure>\n\n\n\n<p><strong><em>(Fonte\/Imagens: Prefeitura de Jundia\u00ed)<\/em><\/strong><\/p>\n","protected":false},"excerpt":{"rendered":"<p>Ao longo do m\u00eas, ser\u00e3o realizadas atividades descentralizadas com foco na primeira e primeir\u00edssima inf\u00e2ncia<\/p>\n","protected":false},"author":30,"featured_media":96603,"comment_status":"closed","ping_status":"0","sticky":false,"template":"","format":"standard","meta":{"footnotes":""},"categories":[8357,8356,1],"tags":[],"class_list":["post-96597","post","type-post","status-publish","format-standard","has-post-thumbnail","hentry","category-gestao","category-jundiai","category-noticias"],"_links":{"self":[{"href":"https:\/\/tvtecjundiai.com.br\/news\/wp-json\/wp\/v2\/posts\/96597","targetHints":{"allow":["GET"]}}],"collection":[{"href":"https:\/\/tvtecjundiai.com.br\/news\/wp-json\/wp\/v2\/posts"}],"about":[{"href":"https:\/\/tvtecjundiai.com.br\/news\/wp-json\/wp\/v2\/types\/post"}],"author":[{"embeddable":true,"href":"https:\/\/tvtecjundiai.com.br\/news\/wp-json\/wp\/v2\/users\/30"}],"replies":[{"embeddable":true,"href":"https:\/\/tvtecjundiai.com.br\/news\/wp-json\/wp\/v2\/comments?post=96597"}],"version-history":[{"count":1,"href":"https:\/\/tvtecjundiai.com.br\/news\/wp-json\/wp\/v2\/posts\/96597\/revisions"}],"predecessor-version":[{"id":96604,"href":"https:\/\/tvtecjundiai.com.br\/news\/wp-json\/wp\/v2\/posts\/96597\/revisions\/96604"}],"wp:featuredmedia":[{"embeddable":true,"href":"https:\/\/tvtecjundiai.com.br\/news\/wp-json\/wp\/v2\/media\/96603"}],"wp:attachment":[{"href":"https:\/\/tvtecjundiai.com.br\/news\/wp-json\/wp\/v2\/media?parent=96597"}],"wp:term":[{"taxonomy":"category","embeddable":true,"href":"https:\/\/tvtecjundiai.com.br\/news\/wp-json\/wp\/v2\/categories?post=96597"},{"taxonomy":"post_tag","embeddable":true,"href":"https:\/\/tvtecjundiai.com.br\/news\/wp-json\/wp\/v2\/tags?post=96597"}],"curies":[{"name":"wp","href":"https:\/\/api.w.org\/{rel}","templated":true}]}}