{"id":96624,"date":"2022-08-02T17:14:31","date_gmt":"2022-08-02T20:14:31","guid":{"rendered":"https:\/\/tvtecjundiai.com.br\/news\/?p=96624"},"modified":"2022-08-02T17:14:36","modified_gmt":"2022-08-02T20:14:36","slug":"feira-do-empreendedor-negocios-e-servicos-fens-tera-atracoes-musicais-e-kids","status":"publish","type":"post","link":"https:\/\/tvtecjundiai.com.br\/news\/2022\/08\/02\/feira-do-empreendedor-negocios-e-servicos-fens-tera-atracoes-musicais-e-kids\/","title":{"rendered":"Feira do Empreendedor, Neg\u00f3cios e Servi\u00e7os (FENS) ter\u00e1 atra\u00e7\u00f5es musicais e kids"},"content":{"rendered":"\n<p>Quem for para a 1\u00aa Feira do Empreendedor, Neg\u00f3cios e Servi\u00e7os (FENS) em busca de produtos de qualidade e do empreendedor de Jundia\u00ed, ter\u00e1 a oportunidade, tamb\u00e9m, de curtir uma boa m\u00fasica com Djs e bandas locais e ainda levar filhos ou netos para participar de diversas brincadeiras l\u00fadicas e criativas.<\/p>\n\n\n\n<p>A 1\u00aa Feira do Empreendedor, Neg\u00f3cios e Servi\u00e7os (FENS), acontece nesta sexta-feira (das 12h \u00e0s 22h), s\u00e1bado (das 9h \u00e0s 22h) e domingo (9h \u00e0s 18h), no Parque Comendador Antonio Carbonari (Parque da Uva). A entrada \u00e9 gratuita.<\/p>\n\n\n\n<p>A Feira \u00e9 promovida pela Unidade de Gest\u00e3o de Desenvolvimento Econ\u00f4mico, Ci\u00eancia e Tecnologia (UGDECT), da Prefeitura de Jundia\u00ed e ter\u00e1 apoio da Unidade de Gest\u00e3o de Cultura.<\/p>\n\n\n\n<figure class=\"wp-block-image\"><img decoding=\"async\" src=\"https:\/\/jundiai.sp.gov.br\/noticias\/wp-content\/uploads\/sites\/32\/2022\/08\/amorah-1.jpg\" alt=\"\" class=\"wp-image-298200\" \/><figcaption>Brincadeiras l\u00fadicas e criativas v\u00e3o movimentar a FENS<\/figcaption><\/figure>\n\n\n\n<p>A Cultura preparou uma programa\u00e7\u00e3o especial para os tr\u00eas dias de Feira. \u201cUma iniciativa t\u00e3o importante como essa ter\u00e1 atra\u00e7\u00f5es para todos. Vamos enviar para a Feira do Empreendedor, Neg\u00f3cios e Servi\u00e7os (FENS) artistas com esp\u00edrito empreendedor da nossa Unidade, show das bandas locais, al\u00e9m do Grupo Amorah, que ir\u00e1 realizar brincadeiras l\u00fadicas e criativas com nossas crian\u00e7as\u201d, explica o diretor do departamento de Cultura, Jo\u00e3o Carlos de Luca.<\/p>\n\n\n\n<p>Cristiano Lopes, gestor de Desenvolvimento Econ\u00f4mico, Ci\u00eancia e Tecnologia, destacou a import\u00e2ncia das atra\u00e7\u00f5es. \u201cQueremos potencializar os neg\u00f3cios dos empreendedores da nossa cidade e as atra\u00e7\u00f5es musicais e infantis v\u00e3o atrair um bom p\u00fablico. A Feira ser\u00e1 atra\u00e7\u00e3o para todas as idades\u201d, afirma.<\/p>\n\n\n\n<p>Os shows acontecem no Coreto do Parque da Uva.&nbsp;<strong>Confira a programa\u00e7\u00e3o:<\/strong><\/p>\n\n\n\n<p><strong>Sexta-feira (5)<\/strong><\/p>\n\n\n\n<p>Dj Piggy \u2013 A partir das 16h<\/p>\n\n\n\n<p>Ricky Abatte Trio (Pop Rock) \u2013 19h30<\/p>\n\n\n\n<p><strong>S\u00e1bado (6)<\/strong><\/p>\n\n\n\n<p>Amorah \u2013 brincadeiras infantis \u2013 10h-12h\/13h-15h<\/p>\n\n\n\n<p>DJ Adriano \u2013 11h<\/p>\n\n\n\n<p>Banda Funk\u2019s Natra (Sou\u00e7\/MPB) \u2013 16h<\/p>\n\n\n\n<p>Edu Rocker Trio (Rockbilly) \u2013 19h-21h<\/p>\n\n\n\n<p><strong>Domingo (7)<\/strong><\/p>\n\n\n\n<p>Amorah \u2013 brincadeiras infantis \u2013 10h-12h\/13h-15h<\/p>\n\n\n\n<p>Dj Jocker \u2013 14h<\/p>\n\n\n\n<p>Agnus Rock (Classic Rock) \u2013 16h-18h<\/p>\n\n\n\n<p><strong><em>(Fonte\/Imagem: Prefeitura de Jundia\u00ed)<\/em><\/strong><\/p>\n","protected":false},"excerpt":{"rendered":"<p>A 1\u00aa Feira do Empreendedor, Neg\u00f3cios e Servi\u00e7os (FENS), acontece de sexta-feira (5) a domingo (7) no Parque da Uva.<\/p>\n","protected":false},"author":27,"featured_media":96625,"comment_status":"closed","ping_status":"0","sticky":false,"template":"","format":"standard","meta":{"footnotes":""},"categories":[8356],"tags":[],"class_list":["post-96624","post","type-post","status-publish","format-standard","has-post-thumbnail","hentry","category-jundiai"],"_links":{"self":[{"href":"https:\/\/tvtecjundiai.com.br\/news\/wp-json\/wp\/v2\/posts\/96624","targetHints":{"allow":["GET"]}}],"collection":[{"href":"https:\/\/tvtecjundiai.com.br\/news\/wp-json\/wp\/v2\/posts"}],"about":[{"href":"https:\/\/tvtecjundiai.com.br\/news\/wp-json\/wp\/v2\/types\/post"}],"author":[{"embeddable":true,"href":"https:\/\/tvtecjundiai.com.br\/news\/wp-json\/wp\/v2\/users\/27"}],"replies":[{"embeddable":true,"href":"https:\/\/tvtecjundiai.com.br\/news\/wp-json\/wp\/v2\/comments?post=96624"}],"version-history":[{"count":1,"href":"https:\/\/tvtecjundiai.com.br\/news\/wp-json\/wp\/v2\/posts\/96624\/revisions"}],"predecessor-version":[{"id":96626,"href":"https:\/\/tvtecjundiai.com.br\/news\/wp-json\/wp\/v2\/posts\/96624\/revisions\/96626"}],"wp:featuredmedia":[{"embeddable":true,"href":"https:\/\/tvtecjundiai.com.br\/news\/wp-json\/wp\/v2\/media\/96625"}],"wp:attachment":[{"href":"https:\/\/tvtecjundiai.com.br\/news\/wp-json\/wp\/v2\/media?parent=96624"}],"wp:term":[{"taxonomy":"category","embeddable":true,"href":"https:\/\/tvtecjundiai.com.br\/news\/wp-json\/wp\/v2\/categories?post=96624"},{"taxonomy":"post_tag","embeddable":true,"href":"https:\/\/tvtecjundiai.com.br\/news\/wp-json\/wp\/v2\/tags?post=96624"}],"curies":[{"name":"wp","href":"https:\/\/api.w.org\/{rel}","templated":true}]}}