{"id":96627,"date":"2022-08-02T17:22:15","date_gmt":"2022-08-02T20:22:15","guid":{"rendered":"https:\/\/tvtecjundiai.com.br\/news\/?p=96627"},"modified":"2022-08-02T17:22:15","modified_gmt":"2022-08-02T20:22:15","slug":"defesa-civil-de-jundiai-declara-estado-de-atencao-por-conta-da-baixa-umidade-relativa-do-ar","status":"publish","type":"post","link":"https:\/\/tvtecjundiai.com.br\/news\/2022\/08\/02\/defesa-civil-de-jundiai-declara-estado-de-atencao-por-conta-da-baixa-umidade-relativa-do-ar\/","title":{"rendered":"Defesa Civil de Jundia\u00ed declara Estado de Aten\u00e7\u00e3o por conta da baixa umidade relativa do ar"},"content":{"rendered":"\n<p>A umidade relativa do ar nos \u00faltimos dias baixou da casa dos 30% por conta da falta de chuvas e fez com que a Defesa Civil de Jundia\u00ed declarasse Estado de Aten\u00e7\u00e3o no munic\u00edpio. O ideal \u00e9 que essa porcentagem fique na casa dos 70%.<\/p>\n\n\n\n<p>Nos \u00faltimos tr\u00eas dias, a umidade relativa do ar em Jundia\u00ed variou entre 23% e 29%. Dessa forma, o munic\u00edpio se encontra em Estado de Aten\u00e7\u00e3o, caracterizado por \u00edndices entre 20% e 29%. Na \u00faltima medi\u00e7\u00e3o realizada nesta ter\u00e7a-feira (2), Jundia\u00ed atingiu, \u00e0s 15h, a marca de 28,38% na Umidade Relativa do Ar.<\/p>\n\n\n\n<p>De acordo com a Defesa Civil, esse alerta \u00e9 expedido para quando o \u00edndice de umidade relativa do ar ficar abaixo dos 30%, o que j\u00e1 \u00e9 considerado preocupante, pois o n\u00edvel ideal gira entre 40% e 70%. Quando o percentual cai para menos de 30% \u00e9 considerada uma situa\u00e7\u00e3o de aten\u00e7\u00e3o e os preju\u00edzos para a sa\u00fade se tornam mais evidentes.<\/p>\n\n\n\n<p>Sendo assim, a Defesa Civil orienta e recomenda para que as pessoas evitem fazer exerc\u00edcios f\u00edsicos ao ar livre, mantenham-se hidratadas consumindo bastante l\u00edquido e ao abrigo do sol.<\/p>\n\n\n<div class=\"wp-block-image\">\n<figure class=\"aligncenter\"><img decoding=\"async\" src=\"https:\/\/jundiai.sp.gov.br\/noticias\/wp-content\/uploads\/sites\/32\/2015\/10\/DPF5742g-720x480.jpg\" alt=\"Foto de um p\u00f4r do sol em Jundia\u00ed\" class=\"wp-image-157461\" \/><figcaption>Baixa umidade e exposi\u00e7\u00e3o ao sol preocupam Defesa Civil de Jundia\u00ed<\/figcaption><\/figure>\n<\/div>\n\n\n<p><strong><em>(Fonte\/Imagem: Prefeitura de Jundia\u00ed)<\/em><\/strong><\/p>\n","protected":false},"excerpt":{"rendered":"<p>Baixa umidade e exposi\u00e7\u00e3o ao sol preocupam Defesa Civil de Jundia\u00ed<\/p>\n","protected":false},"author":27,"featured_media":96628,"comment_status":"closed","ping_status":"0","sticky":false,"template":"","format":"standard","meta":{"footnotes":""},"categories":[8356,8355],"tags":[],"class_list":["post-96627","post","type-post","status-publish","format-standard","has-post-thumbnail","hentry","category-jundiai","category-saude-3"],"_links":{"self":[{"href":"https:\/\/tvtecjundiai.com.br\/news\/wp-json\/wp\/v2\/posts\/96627","targetHints":{"allow":["GET"]}}],"collection":[{"href":"https:\/\/tvtecjundiai.com.br\/news\/wp-json\/wp\/v2\/posts"}],"about":[{"href":"https:\/\/tvtecjundiai.com.br\/news\/wp-json\/wp\/v2\/types\/post"}],"author":[{"embeddable":true,"href":"https:\/\/tvtecjundiai.com.br\/news\/wp-json\/wp\/v2\/users\/27"}],"replies":[{"embeddable":true,"href":"https:\/\/tvtecjundiai.com.br\/news\/wp-json\/wp\/v2\/comments?post=96627"}],"version-history":[{"count":1,"href":"https:\/\/tvtecjundiai.com.br\/news\/wp-json\/wp\/v2\/posts\/96627\/revisions"}],"predecessor-version":[{"id":96629,"href":"https:\/\/tvtecjundiai.com.br\/news\/wp-json\/wp\/v2\/posts\/96627\/revisions\/96629"}],"wp:featuredmedia":[{"embeddable":true,"href":"https:\/\/tvtecjundiai.com.br\/news\/wp-json\/wp\/v2\/media\/96628"}],"wp:attachment":[{"href":"https:\/\/tvtecjundiai.com.br\/news\/wp-json\/wp\/v2\/media?parent=96627"}],"wp:term":[{"taxonomy":"category","embeddable":true,"href":"https:\/\/tvtecjundiai.com.br\/news\/wp-json\/wp\/v2\/categories?post=96627"},{"taxonomy":"post_tag","embeddable":true,"href":"https:\/\/tvtecjundiai.com.br\/news\/wp-json\/wp\/v2\/tags?post=96627"}],"curies":[{"name":"wp","href":"https:\/\/api.w.org\/{rel}","templated":true}]}}