{"id":96651,"date":"2022-08-03T11:48:27","date_gmt":"2022-08-03T14:48:27","guid":{"rendered":"https:\/\/tvtecjundiai.com.br\/news\/?p=96651"},"modified":"2022-08-03T11:48:32","modified_gmt":"2022-08-03T14:48:32","slug":"unidade-de-suporte-intensivo-do-hospital-sao-vicente-tem-horario-de-visitas-alterado","status":"publish","type":"post","link":"https:\/\/tvtecjundiai.com.br\/news\/2022\/08\/03\/unidade-de-suporte-intensivo-do-hospital-sao-vicente-tem-horario-de-visitas-alterado\/","title":{"rendered":"Unidade de Suporte Intensivo do Hospital S\u00e3o Vicente tem hor\u00e1rio de visitas alterado"},"content":{"rendered":"\n<p>A partir de segunda-feira (8), a Unidade de Suporte Intensivo (USI) do Hospital de Caridade S\u00e3o Vicente de Paulo (HSV), passa a contar com novo hor\u00e1rio de visitas, das 14h30 \u00e0s 15h. A mudan\u00e7a visa a melhoria do fluxo da unidade de interna\u00e7\u00e3o. Os hor\u00e1rios das demais unidades n\u00e3o foram alterados.<\/p>\n\n\n\n<p>As visitas aos setores ocorrem nos seguintes hor\u00e1rios, sendo permitido somente um visitante:<\/p>\n\n\n\n<p>\u2013 Pronto-Socorro (interna\u00e7\u00e3o) \u2013 15h \u00e0s 15h30;<\/p>\n\n\n\n<p>\u2013 Emerg\u00eancia (somente se n\u00e3o houver intercorr\u00eancias) \u2013 11h \u00e0s 11h30;<\/p>\n\n\n\n<p>\u2013 Enfermaria I (antiga Cl\u00ednica Masculina) \u2013 16h \u00e0s 17h;<\/p>\n\n\n\n<p>\u2013 Enfermaria II (antiga Cl\u00ednica de Ortopedia) \u2013 16h \u00e0s 17h;<\/p>\n\n\n\n<p>\u2013 Enfermaria III (antiga Cl\u00ednica Cir\u00fargica II) \u2013 16h \u00e0s 17h;<\/p>\n\n\n\n<p>\u2013 Enfermaria IV (antiga Cl\u00ednica Cir\u00fargica I) \u2013 16h \u00e0s 17h;<\/p>\n\n\n\n<p>\u2013 Enfermaria V (antiga Cl\u00ednica Mista) \u2013 16h \u00e0s 17h;<\/p>\n\n\n\n<p>\u2013 Enfermaria VI (antiga Cl\u00ednica Feminina) \u2013 16h \u00e0s 17h;<\/p>\n\n\n\n<p>\u2013 Enfermaria VII e Enfermaria VIII (Cuidados Paliativos e Sa\u00fade Mental) \u2013 16h \u00e0s 17h.<\/p>\n\n\n\n<p>UTIs:<\/p>\n\n\n\n<p>\u2013 UTI I (antiga UTI Geral) \u2013 13h30 \u00e0s 14h;<\/p>\n\n\n\n<p>\u2013 UTI II (antiga UTI Coronariana) \u2013 14h30 \u00e0s 15h;<\/p>\n\n\n\n<p>\u2013 UTI III (antiga UTI Neuro\/Semi-Neuro) \u2013 12h \u00e0s 12h30;<\/p>\n\n\n\n<p>\u2013 Unidade de Suporte Intensivo \u2013 14h30 \u00e0s 15h;<\/p>\n\n\n\n<p>\u2013 Unidade P\u00f3s-Operat\u00f3ria \u2013 13h30 \u00e0s 14h.<\/p>\n\n\n\n<p><strong><em>(Fonte\/Imagem: Hospital S\u00e3o Vicente)<\/em><\/strong><\/p>\n","protected":false},"excerpt":{"rendered":"<p>A mudan\u00e7a visa a melhoria do fluxo da unidade de interna\u00e7\u00e3o.<\/p>\n","protected":false},"author":27,"featured_media":86716,"comment_status":"closed","ping_status":"0","sticky":false,"template":"","format":"standard","meta":{"footnotes":""},"categories":[8356,8355],"tags":[],"class_list":["post-96651","post","type-post","status-publish","format-standard","has-post-thumbnail","hentry","category-jundiai","category-saude-3"],"_links":{"self":[{"href":"https:\/\/tvtecjundiai.com.br\/news\/wp-json\/wp\/v2\/posts\/96651","targetHints":{"allow":["GET"]}}],"collection":[{"href":"https:\/\/tvtecjundiai.com.br\/news\/wp-json\/wp\/v2\/posts"}],"about":[{"href":"https:\/\/tvtecjundiai.com.br\/news\/wp-json\/wp\/v2\/types\/post"}],"author":[{"embeddable":true,"href":"https:\/\/tvtecjundiai.com.br\/news\/wp-json\/wp\/v2\/users\/27"}],"replies":[{"embeddable":true,"href":"https:\/\/tvtecjundiai.com.br\/news\/wp-json\/wp\/v2\/comments?post=96651"}],"version-history":[{"count":1,"href":"https:\/\/tvtecjundiai.com.br\/news\/wp-json\/wp\/v2\/posts\/96651\/revisions"}],"predecessor-version":[{"id":96652,"href":"https:\/\/tvtecjundiai.com.br\/news\/wp-json\/wp\/v2\/posts\/96651\/revisions\/96652"}],"wp:featuredmedia":[{"embeddable":true,"href":"https:\/\/tvtecjundiai.com.br\/news\/wp-json\/wp\/v2\/media\/86716"}],"wp:attachment":[{"href":"https:\/\/tvtecjundiai.com.br\/news\/wp-json\/wp\/v2\/media?parent=96651"}],"wp:term":[{"taxonomy":"category","embeddable":true,"href":"https:\/\/tvtecjundiai.com.br\/news\/wp-json\/wp\/v2\/categories?post=96651"},{"taxonomy":"post_tag","embeddable":true,"href":"https:\/\/tvtecjundiai.com.br\/news\/wp-json\/wp\/v2\/tags?post=96651"}],"curies":[{"name":"wp","href":"https:\/\/api.w.org\/{rel}","templated":true}]}}