{"id":96661,"date":"2022-08-03T14:33:26","date_gmt":"2022-08-03T17:33:26","guid":{"rendered":"https:\/\/tvtecjundiai.com.br\/news\/?p=96661"},"modified":"2022-08-03T14:33:31","modified_gmt":"2022-08-03T17:33:31","slug":"cultura-abre-mais-de-600-vagas-para-oficinas-gratuitas-na-pracinha-da-cultura-no-vista-alegre","status":"publish","type":"post","link":"https:\/\/tvtecjundiai.com.br\/news\/2022\/08\/03\/cultura-abre-mais-de-600-vagas-para-oficinas-gratuitas-na-pracinha-da-cultura-no-vista-alegre\/","title":{"rendered":"Cultura abre mais de 600 vagas para oficinas gratuitas na Pracinha da Cultura no Vista Alegre"},"content":{"rendered":"\n<p>A&nbsp;<a rel=\"noreferrer noopener\" href=\"https:\/\/cultura.jundiai.sp.gov.br\/\" target=\"_blank\">Unidade de Gest\u00e3o de Cultura<\/a>&nbsp;(UGC), dentro da sua proposta de descentraliza\u00e7\u00e3o da oferta de oficinas gratuitas para a popula\u00e7\u00e3o, disponibiliza neste segundo semestre, mais de 600 vagas, em 14 diferentes modalidades de atividades, abrangendo diversas faixas et\u00e1rias \u2013 desde crian\u00e7as at\u00e9 adultos, na&nbsp;<a rel=\"noreferrer noopener\" href=\"https:\/\/cultura.jundiai.sp.gov.br\/espacos-culturais\/pracinha-da-cultura-do-vista-alegre\/\" target=\"_blank\">Pracinha da Cultura do Vista Alegre<\/a>&nbsp;(antigo Ceu das Artes).<\/p>\n\n\n\n<p>Com dura\u00e7\u00e3o de agosto a dezembro, as oficinas oferecidas ser\u00e3o as seguintes: Artesanato, Ballet, Capoeira, Dan\u00e7as Urbanas (Street Dance, Hip Hop, Tik-Tok), Forr\u00f3, Gin\u00e1stica Corporal, Jazz, Jiu Jitsu, Malabarismo, Maracatu, Muay Thai, Ritmos n\u00e3o pare de Dan\u00e7ar, Teatro, Viol\u00e3o e Zumba.<\/p>\n\n\n\n<figure class=\"wp-block-image\"><img decoding=\"async\" src=\"https:\/\/jundiai.sp.gov.br\/noticias\/wp-content\/uploads\/sites\/32\/2022\/08\/ceu_das_artes-13.jpg\" alt=\"\" class=\"wp-image-298294\" \/><figcaption>Pracinha da Cultura (antigo Ceu das Artes) com oficinas para atender crian\u00e7as, jovens e adultos<\/figcaption><\/figure>\n\n\n\n<p>Para o gestor de Cultura, Marcelo Peroni, realizar oficinas descentralizadas \u00e9 muito importante, pois al\u00e9m de oferecer o acesso da popula\u00e7\u00e3o \u00e0s diferentes linguagens art\u00edsticas sem necessidade de deslocamento e de forma gratuita, possibilita tamb\u00e9m a forma\u00e7\u00e3o de p\u00fablico para futuras a\u00e7\u00f5es culturais.<\/p>\n\n\n\n<p>\u201cNosso trabalho no Vista Alegre no primeiro semestre alcan\u00e7ou resultados acima das nossas expectativas. Assim, ampliamos a grade de oficinas de sete para 14, alteramos dias e hor\u00e1rios das aulas para poder atender as necessidades dos moradores do Vista Alegre e regi\u00e3o, bem como procuramos despertar o interesse n\u00e3o apenas da crian\u00e7a e do jovem, mas tamb\u00e9m adultos e idosos, formando assim plateias para futuras realiza\u00e7\u00f5es culturais\u201d, destacou Peroni.<\/p>\n\n\n\n<figure class=\"wp-block-image\"><img decoding=\"async\" src=\"https:\/\/jundiai.sp.gov.br\/noticias\/wp-content\/uploads\/sites\/32\/2022\/08\/jiu-jitsu.jpeg\" alt=\"\" class=\"wp-image-298296\" \/><figcaption><strong>Jiu Jitsu\u2026<\/strong><\/figcaption><\/figure>\n\n\n\n<p>As inscri\u00e7\u00f5es podem ser feitas pela&nbsp;<a href=\"https:\/\/docs.google.com\/forms\/d\/e\/1FAIpQLSeDNLgY4ixXFiGmtvwO7G3T08jzbNrfAv2tJwsH_bw59TnZpg\/viewform\" target=\"_blank\" rel=\"noreferrer noopener\">internet<\/a>&nbsp;ou no local da realiza\u00e7\u00e3o das oficinas, sempre de segunda a sexta-feira, das 8h \u00e0s 17h. Quem optar pela inscri\u00e7\u00e3o on-line dever\u00e1 estar logado em uma conta Google.<\/p>\n\n\n\n<p>As vagas s\u00e3o limitadas e ser\u00e3o preenchidas por ordem de chegada, at\u00e9 que as mesmas sejam completadas. No ato da inscri\u00e7\u00e3o o candidato dever\u00e1 entregar c\u00f3pia do RG, CPF e comprovante de resid\u00eancia.<\/p>\n\n\n\n<p><strong>Confira as oficinas<\/strong><br>\u2022 Artesanato (15 vagas)<br>Faixa et\u00e1ria: a partir de 12 anos<br>Aulas: \u00e0s segundas e quartas-feiras, das 17h \u00e0s 18h;<\/p>\n\n\n\n<p>\u2022 Aula de Viol\u00e3o (11 vagas)<br>Faixa et\u00e1ria: a partir dos 09 a 15 anos<br>Aulas: \u00e0s ter\u00e7as-feiras, das 18h \u00e0s 19h;<\/p>\n\n\n\n<p>\u2022 Aula de Viol\u00e3o (11 vagas)<br>Faixa et\u00e1ria: a partir dos 16 anos<br>Aulas: \u00e0s quintas-feiras, das 18h \u00e0s 19h;<\/p>\n\n\n\n<p>\u2022 Ballet (25 vagas)<br>Faixa et\u00e1ria: de 03 a 06 anos<br>Aulas: \u00e0s segundas e quartas-feiras, das 19h \u00e0s 20h;<\/p>\n\n\n\n<p>\u2022 Ballet (25 vagas)<br>Faixa et\u00e1ria: de 07 a 13 anos<br>Aulas: \u00e0s segundas e quartas-feiras, das 17h \u00e0s 18h;<\/p>\n\n\n\n<p>\u2022 Capoeira (50 vagas)<br>Faixa et\u00e1ria: a partir de 07 anos<br>Aulas: aos s\u00e1bados, das 9h30 \u00e0s 10h30;<\/p>\n\n\n\n<p>\u2022 Dan\u00e7as Urbanas (Street Dance,Hip Hop, Tik-Tok) (25 vagas)<br>Faixa et\u00e1ria: de 06 a 15 anos<br>Aulas: \u00e0s ter\u00e7as-feiras, das 20h \u00e0s 21h;<\/p>\n\n\n\n<p>\u2022 Forr\u00f3 (40vagas)<br>Faixa et\u00e1ria: a partir dos 18 anos<br>Aulas: \u00e0s segundas-feiras, das 20h \u00e0s 22h;<\/p>\n\n\n\n<p>\u2022 Gin\u00e1stica Corporal (50 vagas)<br>Faixa et\u00e1ria: maior de 18 anos<br>Aulas: \u00e0s quartas e sextas-feiras, das 8h30 \u00e0s 9h30;<\/p>\n\n\n\n<p>\u2022 Jazz (25 vagas)<br>Faixa et\u00e1ria: de 07 a 15 anos<br>Aulas: \u00e0s segundas e quartas -feiras, das 18h \u00e0s 19h;<\/p>\n\n\n\n<p>\u2022 Jazz (25 vagas)<br>Faixa et\u00e1ria: a partir de 18 anos<br>Aulas: \u00e0s segundas e quartas -feiras, das 19h \u00e0s 20h;<\/p>\n\n\n\n<p>\u2022 Jiu Jitsu (50 vagas)<br>Faixa et\u00e1ria: de 07 a 15 anos<br>Aulas: \u00e0s quintas -feiras, das 19h \u00e0s 20h;<\/p>\n\n\n\n<p>\u2022 Jiu Jitsu (50 vagas)<br>Faixa et\u00e1ria: a partir de 16 anos<br>Aulas: \u00e0s quintas -feiras, das 20h \u00e0s 21h;<\/p>\n\n\n\n<p>\u2022 Malabarismo (25 vagas)<\/p>\n\n\n\n<p>Faixa et\u00e1ria: de 04 a 10 anos<br>Aulas: \u00e0s segundas e quartas-feiras, das 20h \u00e0s 21h;<\/p>\n\n\n\n<p>\u2022 Maracatu (25 vagas)<br>Faixa et\u00e1ria: a partir de 07 anos<br>Aulas: aos s\u00e1bados, das 14h \u00e0s 16h;<\/p>\n\n\n\n<p>\u2022 Muay Thai (50 vagas)<br>Faixa et\u00e1ria: dos 07 a 15 anos<br>Aulas: aos s\u00e1bados, das 11h30 \u00e0s 12h30;<\/p>\n\n\n\n<p>\u2022 Muay Thai (50 vagas)<br>Faixa et\u00e1ria: a partir dos 16 anos<br>Aulas: ter\u00e7as-feiras, das 20h \u00e0s 21h;<\/p>\n\n\n\n<p>\u2022 Ritmos n\u00e3o pare de Dan\u00e7ar (25 vagas)<br>Faixa et\u00e1ria: a partir dos 16 anos<br>Aulas: quintas-feiras, das 19 \u00e0s 20h;<\/p>\n\n\n\n<p>\u2022 Teatro (25 vagas)<br>Faixa et\u00e1ria: de 07 a 15 anos<br>Aulas: \u00e0s ter\u00e7as-feiras, das 17h \u00e0s 19h.<\/p>\n\n\n\n<p><em><strong>(Fonte\/Imagem: Prefeitura de Jundia\u00ed)<\/strong><\/em><\/p>\n","protected":false},"excerpt":{"rendered":"<p>As inscri\u00e7\u00f5es podem ser feitas pela\u00a0internet\u00a0ou no local da realiza\u00e7\u00e3o das oficinas.<\/p>\n","protected":false},"author":27,"featured_media":96663,"comment_status":"closed","ping_status":"0","sticky":false,"template":"","format":"standard","meta":{"footnotes":""},"categories":[8356],"tags":[],"class_list":["post-96661","post","type-post","status-publish","format-standard","has-post-thumbnail","hentry","category-jundiai"],"_links":{"self":[{"href":"https:\/\/tvtecjundiai.com.br\/news\/wp-json\/wp\/v2\/posts\/96661","targetHints":{"allow":["GET"]}}],"collection":[{"href":"https:\/\/tvtecjundiai.com.br\/news\/wp-json\/wp\/v2\/posts"}],"about":[{"href":"https:\/\/tvtecjundiai.com.br\/news\/wp-json\/wp\/v2\/types\/post"}],"author":[{"embeddable":true,"href":"https:\/\/tvtecjundiai.com.br\/news\/wp-json\/wp\/v2\/users\/27"}],"replies":[{"embeddable":true,"href":"https:\/\/tvtecjundiai.com.br\/news\/wp-json\/wp\/v2\/comments?post=96661"}],"version-history":[{"count":1,"href":"https:\/\/tvtecjundiai.com.br\/news\/wp-json\/wp\/v2\/posts\/96661\/revisions"}],"predecessor-version":[{"id":96665,"href":"https:\/\/tvtecjundiai.com.br\/news\/wp-json\/wp\/v2\/posts\/96661\/revisions\/96665"}],"wp:featuredmedia":[{"embeddable":true,"href":"https:\/\/tvtecjundiai.com.br\/news\/wp-json\/wp\/v2\/media\/96663"}],"wp:attachment":[{"href":"https:\/\/tvtecjundiai.com.br\/news\/wp-json\/wp\/v2\/media?parent=96661"}],"wp:term":[{"taxonomy":"category","embeddable":true,"href":"https:\/\/tvtecjundiai.com.br\/news\/wp-json\/wp\/v2\/categories?post=96661"},{"taxonomy":"post_tag","embeddable":true,"href":"https:\/\/tvtecjundiai.com.br\/news\/wp-json\/wp\/v2\/tags?post=96661"}],"curies":[{"name":"wp","href":"https:\/\/api.w.org\/{rel}","templated":true}]}}