{"id":96691,"date":"2022-08-04T09:16:30","date_gmt":"2022-08-04T12:16:30","guid":{"rendered":"https:\/\/tvtecjundiai.com.br\/news\/?p=96691"},"modified":"2022-08-04T09:16:31","modified_gmt":"2022-08-04T12:16:31","slug":"festa-da-familia-dom-bosco-comeca-neste-sabado-6-com-comidas-tipicas-e-solidariedade","status":"publish","type":"post","link":"https:\/\/tvtecjundiai.com.br\/news\/2022\/08\/04\/festa-da-familia-dom-bosco-comeca-neste-sabado-6-com-comidas-tipicas-e-solidariedade\/","title":{"rendered":"Festa da Fam\u00edlia Dom Bosco come\u00e7a neste s\u00e1bado (6) com comidas t\u00edpicas e solidariedade"},"content":{"rendered":"\n<p>A 16\u00aa edi\u00e7\u00e3o da Festa da Fam\u00edlia Dom Bosco tem in\u00edcio no pr\u00f3ximo s\u00e1bado (6), na Par\u00f3quia S\u00e3o Jo\u00e3o Bosco, bairro Eloy Chaves, em Jundia\u00ed. A entrada \u00e9 gratuita e tudo o que for arrecadado no evento ser\u00e1 utilizado em a\u00e7\u00f5es sociais da pr\u00f3pria igreja.<\/p>\n\n\n\n<p>Ap\u00f3s dois anos sem a possibilidade de realiza\u00e7\u00e3o por conta da pandemia, a expectativa para a retomada da festa \u00e9 grande. Ser\u00e3o tr\u00eas finais de semana <strong>&#8211; 6, 7, 13, 14, 20 e 21 de agosto &#8211; <\/strong>com comidas t\u00edpicas e muita anima\u00e7\u00e3o, em\u00a0ambiente totalmente familiar.<\/p>\n\n\n\n<p>\u201cTodos est\u00e3o muito ansiosos, pois nos \u00faltimos anos n\u00e3o foi poss\u00edvel nos confraternizarmos. Essa \u00e9 uma festa feita por fam\u00edlias inteiras para as fam\u00edlias da nossa comunidade. Nossos volunt\u00e1rios s\u00e3o muitas vezes pais, m\u00e3es, filhos e parentes, que se dedicam nesses tr\u00eas finais de semana e a quem agradecemos muito por se dedicarem tanto\u201d, destaca o p\u00e1roco, padre Michael Henrique dos Santos.<\/p>\n\n\n<div class=\"wp-block-image\">\n<figure class=\"aligncenter size-full is-resized\"><img loading=\"lazy\" decoding=\"async\" src=\"https:\/\/tvtecjundiai.com.br\/news\/wp-content\/uploads\/sites\/2\/2022\/08\/Festa-Dom-Bosco-21.jpg\" alt=\"\" class=\"wp-image-96692\" width=\"670\" height=\"447\" srcset=\"https:\/\/tvtecjundiai.com.br\/news\/wp-content\/uploads\/sites\/2\/2022\/08\/Festa-Dom-Bosco-21.jpg 1200w, https:\/\/tvtecjundiai.com.br\/news\/wp-content\/uploads\/sites\/2\/2022\/08\/Festa-Dom-Bosco-21-300x200.jpg 300w, https:\/\/tvtecjundiai.com.br\/news\/wp-content\/uploads\/sites\/2\/2022\/08\/Festa-Dom-Bosco-21-768x512.jpg 768w\" sizes=\"auto, (max-width: 670px) 100vw, 670px\" \/><\/figure>\n<\/div>\n\n\n<p><strong>Frango frito crocante<\/strong><\/p>\n\n\n\n<p>O frango frito \u00e9 o campe\u00e3o de vendas da festa. Na \u00faltima edi\u00e7\u00e3o, em 2019, mais de uma tonelada foi vendida. Desossado, crocante e com tempero especial, o frango \u00e9 preparado por um grupo de volunt\u00e1rios que mant\u00e9m o \u201csegredo\u201d da iguaria.<\/p>\n\n\n\n<p>Quem estiver na festa tamb\u00e9m poder\u00e1 saborear por\u00e7\u00f5es de batata frita, risoto, nhoque, calabresa, pernil, churrasco e polenta. Para a sobremesa, haver\u00e1 doces e bebidas (sucos, refrigerante e cerveja).<\/p>\n\n\n<div class=\"wp-block-image\">\n<figure class=\"aligncenter size-full is-resized\"><img loading=\"lazy\" decoding=\"async\" src=\"https:\/\/tvtecjundiai.com.br\/news\/wp-content\/uploads\/sites\/2\/2022\/08\/Festa-Dom-Bosco-9.jpg\" alt=\"\" class=\"wp-image-96693\" width=\"681\" height=\"454\" srcset=\"https:\/\/tvtecjundiai.com.br\/news\/wp-content\/uploads\/sites\/2\/2022\/08\/Festa-Dom-Bosco-9.jpg 1200w, https:\/\/tvtecjundiai.com.br\/news\/wp-content\/uploads\/sites\/2\/2022\/08\/Festa-Dom-Bosco-9-300x200.jpg 300w, https:\/\/tvtecjundiai.com.br\/news\/wp-content\/uploads\/sites\/2\/2022\/08\/Festa-Dom-Bosco-9-768x512.jpg 768w\" sizes=\"auto, (max-width: 681px) 100vw, 681px\" \/><\/figure>\n<\/div>\n\n\n<p><strong>Hist\u00f3ria <\/strong><\/p>\n\n\n\n<p>A primeira edi\u00e7\u00e3o da Festa da Fam\u00edlia Dom Bosco aconteceu em janeiro de 2006. A partir da segunda, o evento passou a ser anual, sempre em agosto, por conta da funda\u00e7\u00e3o da par\u00f3quia e tamb\u00e9m em homenagem \u00e0 Semana da Fam\u00edlia.<\/p>\n\n\n\n<p>Atualmente, a par\u00f3quia conta com as comunidades Nossa Senhora de F\u00e1tima, no Medeiros; Nossa Senhora Aparecida, na Ermida; Sant&#8217;Anna, no Jardim Sarapiranga; e Nossa Senhora das Dores, no Portal do Medeiros.<\/p>\n\n\n\n<p><strong>16\u00aa Festa da Fam\u00edlia Dom Bosco<\/strong><\/p>\n\n\n\n<p><strong>Dias: <\/strong>6, 7, 13, 14, 20 e 21 de agosto<\/p>\n\n\n\n<p><strong>Hor\u00e1rio:<\/strong> S\u00e1bados, das 18h \u00e0s 22h; Domingos, das 11h \u00e0s 15h<\/p>\n\n\n\n<p><strong>Local: <\/strong>Par\u00f3quia S\u00e3o Jo\u00e3o Bosco &#8211; avenida Benedito Castilho de Andrade, 1091, Eloy Chaves (pr\u00f3ximo ao Parque Bot\u00e2nico)<\/p>\n\n\n\n<p><strong>Entrada gratuita.<\/strong><\/p>\n\n\n\n<p><strong><em>(Fonte\/Imagem: IRS Comunica\u00e7\u00e3o)<\/em><\/strong><\/p>\n","protected":false},"excerpt":{"rendered":"<p>Tudo o que for arrecadado no evento ser\u00e1 utilizado em a\u00e7\u00f5es sociais da igreja<\/p>\n","protected":false},"author":30,"featured_media":96692,"comment_status":"closed","ping_status":"0","sticky":false,"template":"","format":"standard","meta":{"footnotes":""},"categories":[6309,8356,8354,1],"tags":[],"class_list":["post-96691","post","type-post","status-publish","format-standard","has-post-thumbnail","hentry","category-gastronomia","category-jundiai","category-lazer","category-noticias"],"_links":{"self":[{"href":"https:\/\/tvtecjundiai.com.br\/news\/wp-json\/wp\/v2\/posts\/96691","targetHints":{"allow":["GET"]}}],"collection":[{"href":"https:\/\/tvtecjundiai.com.br\/news\/wp-json\/wp\/v2\/posts"}],"about":[{"href":"https:\/\/tvtecjundiai.com.br\/news\/wp-json\/wp\/v2\/types\/post"}],"author":[{"embeddable":true,"href":"https:\/\/tvtecjundiai.com.br\/news\/wp-json\/wp\/v2\/users\/30"}],"replies":[{"embeddable":true,"href":"https:\/\/tvtecjundiai.com.br\/news\/wp-json\/wp\/v2\/comments?post=96691"}],"version-history":[{"count":1,"href":"https:\/\/tvtecjundiai.com.br\/news\/wp-json\/wp\/v2\/posts\/96691\/revisions"}],"predecessor-version":[{"id":96695,"href":"https:\/\/tvtecjundiai.com.br\/news\/wp-json\/wp\/v2\/posts\/96691\/revisions\/96695"}],"wp:featuredmedia":[{"embeddable":true,"href":"https:\/\/tvtecjundiai.com.br\/news\/wp-json\/wp\/v2\/media\/96692"}],"wp:attachment":[{"href":"https:\/\/tvtecjundiai.com.br\/news\/wp-json\/wp\/v2\/media?parent=96691"}],"wp:term":[{"taxonomy":"category","embeddable":true,"href":"https:\/\/tvtecjundiai.com.br\/news\/wp-json\/wp\/v2\/categories?post=96691"},{"taxonomy":"post_tag","embeddable":true,"href":"https:\/\/tvtecjundiai.com.br\/news\/wp-json\/wp\/v2\/tags?post=96691"}],"curies":[{"name":"wp","href":"https:\/\/api.w.org\/{rel}","templated":true}]}}