{"id":96719,"date":"2022-08-04T14:52:52","date_gmt":"2022-08-04T17:52:52","guid":{"rendered":"https:\/\/tvtecjundiai.com.br\/news\/?p=96719"},"modified":"2022-08-04T14:52:56","modified_gmt":"2022-08-04T17:52:56","slug":"ugpuma-e-fumas-participam-de-audiencia-publica-sobre-alteracoes-no-plano-diretor-com-foco-na-habitacao","status":"publish","type":"post","link":"https:\/\/tvtecjundiai.com.br\/news\/2022\/08\/04\/ugpuma-e-fumas-participam-de-audiencia-publica-sobre-alteracoes-no-plano-diretor-com-foco-na-habitacao\/","title":{"rendered":"UGPUMA e Fumas participam de audi\u00eancia p\u00fablica sobre altera\u00e7\u00f5es no Plano Diretor com foco na habita\u00e7\u00e3o"},"content":{"rendered":"\n<p>A Unidade de Gest\u00e3o de Planejamento Urbano e Meio Ambiente (UGPUMA) e a Funda\u00e7\u00e3o Municipal de A\u00e7\u00e3o Social (Fumas) participaram, na manh\u00e3 desta quarta-feira (4), da audi\u00eancia p\u00fablica on-line sobre a revis\u00e3o do Plano Diretor Lei n\u00ba 9.321\/2019 para adequa\u00e7\u00e3o \u00e0 Pol\u00edtica Municipal de Habita\u00e7\u00e3o Lei n\u00ba 7.016\/2008. A audi\u00eancia foi promovida pelo Legislativo e transmitida pelos canais oficiais da C\u00e2mara de Jundia\u00ed.<\/p>\n\n\n\n<p>A revis\u00e3o prop\u00f5e altera\u00e7\u00f5es legislativas, administrativas e estruturais que visam oferecer condi\u00e7\u00f5es mais apropriadas para fazer com que a produ\u00e7\u00e3o de Habita\u00e7\u00e3o de Interesse Social e a Regulariza\u00e7\u00e3o Fundi\u00e1ria do munic\u00edpio possam acontecer em conformidade aos regramentos postos nas Leis Federal e Estadual vigentes. A lei preserva as principais bacias h\u00eddricas do munic\u00edpio. Para a regulariza\u00e7\u00e3o fundi\u00e1ria \u00e9 necess\u00e1rio tornar o ambiente mais favor\u00e1vel para permitir que os loteamentos consigam se enquadrar.<\/p>\n\n\n\n<p>Para as altera\u00e7\u00f5es s\u00e3o necess\u00e1rias modifica\u00e7\u00f5es de dispositivos do Plano Diretor, o que exige uma audi\u00eancia p\u00fablica para a discuss\u00e3o do tema com a sociedade. \u201cNa audi\u00eancia de hoje discutimos dois importantes conjuntos de medidas, para promover e estimular a produ\u00e7\u00e3o de moradias populares e para altera\u00e7\u00e3o na forma e regras de parcelamento e regulariza\u00e7\u00e3o dos lotes clandestinos\u201d, comenta o gestor da UGPUMA, Sin\u00e9sio Scarabello Filho. \u201cTamb\u00e9m precisamos estar atento com a quest\u00e3o da preserva\u00e7\u00e3o das \u00e1reas de mananciais, que seguem regras espec\u00edficas\u201d, completa o gestor.<\/p>\n\n\n\n<figure class=\"wp-block-image size-large\"><img loading=\"lazy\" decoding=\"async\" width=\"1200\" height=\"675\" src=\"https:\/\/tvtecjundiai.com.br\/news\/wp-content\/uploads\/sites\/2\/2022\/08\/print-1-1200x675.jpg\" alt=\"\" class=\"wp-image-96720\" srcset=\"https:\/\/tvtecjundiai.com.br\/news\/wp-content\/uploads\/sites\/2\/2022\/08\/print-1-1200x675.jpg 1200w, https:\/\/tvtecjundiai.com.br\/news\/wp-content\/uploads\/sites\/2\/2022\/08\/print-1-300x169.jpg 300w, https:\/\/tvtecjundiai.com.br\/news\/wp-content\/uploads\/sites\/2\/2022\/08\/print-1-768x432.jpg 768w, https:\/\/tvtecjundiai.com.br\/news\/wp-content\/uploads\/sites\/2\/2022\/08\/print-1.jpg 1280w\" sizes=\"auto, (max-width: 1200px) 100vw, 1200px\" \/><figcaption>Audi\u00eancia foi realizada de maneira remota<\/figcaption><\/figure>\n\n\n\n<p>Sobre a regulariza\u00e7\u00e3o fundi\u00e1ria, o projeto de lei prev\u00ea a transfer\u00eancia da gest\u00e3o da regulariza\u00e7\u00e3o, sem preju\u00edzo \u00e0s a\u00e7\u00f5es de fiscaliza\u00e7\u00e3o e combate, para a Fumas. \u201cCom a mudan\u00e7a na lei poderemos avan\u00e7ar muito na quest\u00e3o da habita\u00e7\u00e3o. As leis atuais ainda est\u00e3o muito restritas e, com as altera\u00e7\u00f5es, poderemos atrair mais investimentos e parcerias com a iniciativa privada para as habita\u00e7\u00f5es de interesse social (HIS) da cidade\u201d, aponta o superintendente da Fumas Jos\u00e9 Galv\u00e3o Braga Campos, o Tico. \u201cCom a Fumas assumindo essa responsabilidades, focaremos na atra\u00e7\u00e3o de recursos financeiros\u201d, finaliza.<\/p>\n\n\n\n<p>A audi\u00eancia contou com tradu\u00e7\u00e3o simult\u00e2nea em libras pela primeira vez e, ao final, foi aberta para que os participantes pudessem opinar e tirar suas d\u00favidas. \u201cComo arquiteto e urbanista, minha opini\u00e3o \u00e9 que a cidade deveria rever par\u00e2metros a fim de permitir que mais pr\u00e9dios possam ser constru\u00eddos para atender a demanda de HIS. Em uma cidade com tantas \u00e1reas de preserva\u00e7\u00e3o ambiental, o raro solo urbano deve ser utilizado com mais intelig\u00eancia e com incentivo do maior adensamento que s\u00f3 os pr\u00e9dios podem trazer\u201d, opinou Andr\u00e9 Luiz Ferrazzo, presidente do Conselho Municipal de Pol\u00edticas Territoriais.<\/p>\n\n\n\n<p><em><strong>(Fonte\/Imagem: Prefeitura de Jundia\u00ed)<\/strong><\/em><\/p>\n","protected":false},"excerpt":{"rendered":"<p>A audi\u00eancia foi promovida pelo Legislativo e transmitida pelos canais oficiais da C\u00e2mara de Jundia\u00ed<\/p>\n","protected":false},"author":30,"featured_media":96720,"comment_status":"closed","ping_status":"0","sticky":false,"template":"","format":"standard","meta":{"footnotes":""},"categories":[8357,5985,8356,1],"tags":[],"class_list":["post-96719","post","type-post","status-publish","format-standard","has-post-thumbnail","hentry","category-gestao","category-habitacao","category-jundiai","category-noticias"],"_links":{"self":[{"href":"https:\/\/tvtecjundiai.com.br\/news\/wp-json\/wp\/v2\/posts\/96719","targetHints":{"allow":["GET"]}}],"collection":[{"href":"https:\/\/tvtecjundiai.com.br\/news\/wp-json\/wp\/v2\/posts"}],"about":[{"href":"https:\/\/tvtecjundiai.com.br\/news\/wp-json\/wp\/v2\/types\/post"}],"author":[{"embeddable":true,"href":"https:\/\/tvtecjundiai.com.br\/news\/wp-json\/wp\/v2\/users\/30"}],"replies":[{"embeddable":true,"href":"https:\/\/tvtecjundiai.com.br\/news\/wp-json\/wp\/v2\/comments?post=96719"}],"version-history":[{"count":1,"href":"https:\/\/tvtecjundiai.com.br\/news\/wp-json\/wp\/v2\/posts\/96719\/revisions"}],"predecessor-version":[{"id":96721,"href":"https:\/\/tvtecjundiai.com.br\/news\/wp-json\/wp\/v2\/posts\/96719\/revisions\/96721"}],"wp:featuredmedia":[{"embeddable":true,"href":"https:\/\/tvtecjundiai.com.br\/news\/wp-json\/wp\/v2\/media\/96720"}],"wp:attachment":[{"href":"https:\/\/tvtecjundiai.com.br\/news\/wp-json\/wp\/v2\/media?parent=96719"}],"wp:term":[{"taxonomy":"category","embeddable":true,"href":"https:\/\/tvtecjundiai.com.br\/news\/wp-json\/wp\/v2\/categories?post=96719"},{"taxonomy":"post_tag","embeddable":true,"href":"https:\/\/tvtecjundiai.com.br\/news\/wp-json\/wp\/v2\/tags?post=96719"}],"curies":[{"name":"wp","href":"https:\/\/api.w.org\/{rel}","templated":true}]}}