{"id":96726,"date":"2022-08-04T16:09:39","date_gmt":"2022-08-04T19:09:39","guid":{"rendered":"https:\/\/tvtecjundiai.com.br\/news\/?p=96726"},"modified":"2022-08-04T16:09:44","modified_gmt":"2022-08-04T19:09:44","slug":"tvtec-e-escola-de-inovacao-vao-oferecer-inscricoes-para-cursos-e-oportunidades-de-divulgacao-na-1a-fens","status":"publish","type":"post","link":"https:\/\/tvtecjundiai.com.br\/news\/2022\/08\/04\/tvtec-e-escola-de-inovacao-vao-oferecer-inscricoes-para-cursos-e-oportunidades-de-divulgacao-na-1a-fens\/","title":{"rendered":"TVTEC e Escola de Inova\u00e7\u00e3o v\u00e3o oferecer inscri\u00e7\u00f5es para cursos e oportunidades de divulga\u00e7\u00e3o na 1\u00aa FENS"},"content":{"rendered":"\n<p>Jundia\u00ed se prepara para sua 1\u00aa Feira do Empreendedor, Neg\u00f3cios e Servi\u00e7os (FENS), que acontece entre os dias 05 e 07 de agosto, nos tr\u00eas pavilh\u00f5es do Parque da Uva. Promovida pela Prefeitura de Jundia\u00ed e com realiza\u00e7\u00e3o da Unidade de Desenvolvimento Econ\u00f4mico, Ci\u00eancia e Tecnologia (UGDECT), ser\u00e3o mais de 170 estandes com os mais diversos produtos e servi\u00e7os dos empreendedores da cidade, al\u00e9m de espa\u00e7o kids, atra\u00e7\u00f5es musicais e pra\u00e7a de alimenta\u00e7\u00e3o.<\/p>\n\n\n\n<p>A FTVTEC e a Escola de Inova\u00e7\u00e3o, Coisas e Neg\u00f3cios preparou um estande especial no evento com diversos servi\u00e7os, al\u00e9m de um espa\u00e7o instagram\u00e1vel para garantir fotos criativas dos visitantes da feira. \u201cNosso local foi planejado para ser uma extens\u00e3o do que \u00e9 a TVTEC, vamos fomentar a boa informa\u00e7\u00e3o e realizar inscri\u00e7\u00f5es para capacita\u00e7\u00f5es gratuitas, al\u00e9m de outras oportunidades de intera\u00e7\u00e3o e upgrade na carreira destes empreendedores\u201d, conta M\u00f4nica Gropelo, superintendente da FTVTEC Jundia\u00ed.<\/p>\n\n\n\n<figure class=\"wp-block-image size-full\"><img loading=\"lazy\" decoding=\"async\" width=\"1024\" height=\"768\" src=\"https:\/\/tvtecjundiai.com.br\/news\/wp-content\/uploads\/sites\/2\/2022\/08\/WhatsApp-Image-2022-08-04-at-15.39.41.jpeg\" alt=\"\" class=\"wp-image-96727\" srcset=\"https:\/\/tvtecjundiai.com.br\/news\/wp-content\/uploads\/sites\/2\/2022\/08\/WhatsApp-Image-2022-08-04-at-15.39.41.jpeg 1024w, https:\/\/tvtecjundiai.com.br\/news\/wp-content\/uploads\/sites\/2\/2022\/08\/WhatsApp-Image-2022-08-04-at-15.39.41-300x225.jpeg 300w, https:\/\/tvtecjundiai.com.br\/news\/wp-content\/uploads\/sites\/2\/2022\/08\/WhatsApp-Image-2022-08-04-at-15.39.41-768x576.jpeg 768w\" sizes=\"auto, (max-width: 1024px) 100vw, 1024px\" \/><figcaption>Para cada dia de feira, ser\u00e3o abertas inscri\u00e7\u00f5es presenciais para um novo curso gratuito. Com isso, os interessados dever\u00e3o ir at\u00e9 o estande da TVTEC para garantir sua vaga. <\/figcaption><\/figure>\n\n\n\n<p>Quem visitar o espa\u00e7o neste final de semana poder\u00e1: se inscrever para uma an\u00e1lise de perfil pessoal ou comercial do Instagram, feita pelos profissionais da funda\u00e7\u00e3o; se cadastrar para o pr\u00f3ximo encontro da Rede de Inovadores \u2013 espa\u00e7o p\u00fablico de oportunidade do Campus Jundia\u00ed para todos, marcado para o dia 26 de agosto; e contar sua hist\u00f3ria de empreendedorismo na cidade, com possibilidade de participar do Podtrampo, podcast da TVTEC, divulgando sua marca.<\/p>\n\n\n\n<p>Para cada dia de feira, ser\u00e3o abertas inscri\u00e7\u00f5es presenciais para um novo curso gratuito. Com isso, os interessados dever\u00e3o ir at\u00e9 o estande da TVTEC para garantir sua vaga. Confira a programa\u00e7\u00e3o:<\/p>\n\n\n\n<p><strong>AUL\u00c3O DE CANVA<\/strong><br><strong><em>INSCRI\u00c7\u00d5ES<\/em><\/strong> <strong><em>DIA 05 (SEXTA-FEIRA) \u2013 \u00c0S 16 HORAS<\/em><\/strong><br>modalidade: <strong>presencial<\/strong><br>data: <strong>25\/08<\/strong><br>hor\u00e1rio: <strong>14h \u00e0s 17h<\/strong><br><br><strong>GRAVA\u00c7\u00c3O DE V\u00cdDEO PARA SEU NEG\u00d3CIO<\/strong><br><strong><em>INSCRI\u00c7\u00d5ES<\/em><\/strong> <strong><em>DIA 06 (S\u00c1BADO) \u2013 \u00c0S 14 HORAS<\/em><\/strong><br>modalidade: <strong>presencial<\/strong><br>data: <strong>23\/08<\/strong><br>hor\u00e1rio: <strong>14h \u00e0s 17h<\/strong><\/p>\n\n\n\n<p><strong>PLANEJAMENTO DE M\u00cdDIAS SOCIAIS<\/strong><br><strong><em>INSCRI\u00c7\u00d5ES<\/em><\/strong> <strong><em>DIA 07 (DOMINGO) \u2013 \u00c0S 10 HORAS<\/em><\/strong><br>modalidade: <strong>presencial<\/strong><br>data: <strong>22\/08<\/strong><br>hor\u00e1rio: <strong>14h \u00e0s 17h<\/strong><\/p>\n\n\n\n<p>A FENS acontece na sexta-feira (das 12h \u00e0s 22h), no s\u00e1bado (das 9h \u00e0s 22h) e domingo (das 9h \u00e0s 18h). A entrada principal vai estar aberta ao publico. O estacionamento ter\u00e1 entrada pela Avenida Amadeu Ribeiro (rua ao lado do Bol\u00e3o).<\/p>\n","protected":false},"excerpt":{"rendered":"<p>Feira do Empreendedor, Neg\u00f3cios e Servi\u00e7os acontece nesta sexta (05), s\u00e1bado (06) e domingo (07)<\/p>\n","protected":false},"author":17,"featured_media":96728,"comment_status":"closed","ping_status":"0","sticky":false,"template":"","format":"standard","meta":{"footnotes":""},"categories":[8356,1],"tags":[],"class_list":["post-96726","post","type-post","status-publish","format-standard","has-post-thumbnail","hentry","category-jundiai","category-noticias"],"_links":{"self":[{"href":"https:\/\/tvtecjundiai.com.br\/news\/wp-json\/wp\/v2\/posts\/96726","targetHints":{"allow":["GET"]}}],"collection":[{"href":"https:\/\/tvtecjundiai.com.br\/news\/wp-json\/wp\/v2\/posts"}],"about":[{"href":"https:\/\/tvtecjundiai.com.br\/news\/wp-json\/wp\/v2\/types\/post"}],"author":[{"embeddable":true,"href":"https:\/\/tvtecjundiai.com.br\/news\/wp-json\/wp\/v2\/users\/17"}],"replies":[{"embeddable":true,"href":"https:\/\/tvtecjundiai.com.br\/news\/wp-json\/wp\/v2\/comments?post=96726"}],"version-history":[{"count":1,"href":"https:\/\/tvtecjundiai.com.br\/news\/wp-json\/wp\/v2\/posts\/96726\/revisions"}],"predecessor-version":[{"id":96729,"href":"https:\/\/tvtecjundiai.com.br\/news\/wp-json\/wp\/v2\/posts\/96726\/revisions\/96729"}],"wp:featuredmedia":[{"embeddable":true,"href":"https:\/\/tvtecjundiai.com.br\/news\/wp-json\/wp\/v2\/media\/96728"}],"wp:attachment":[{"href":"https:\/\/tvtecjundiai.com.br\/news\/wp-json\/wp\/v2\/media?parent=96726"}],"wp:term":[{"taxonomy":"category","embeddable":true,"href":"https:\/\/tvtecjundiai.com.br\/news\/wp-json\/wp\/v2\/categories?post=96726"},{"taxonomy":"post_tag","embeddable":true,"href":"https:\/\/tvtecjundiai.com.br\/news\/wp-json\/wp\/v2\/tags?post=96726"}],"curies":[{"name":"wp","href":"https:\/\/api.w.org\/{rel}","templated":true}]}}